
{"id":295,"date":"2007-06-27T06:38:25","date_gmt":"2007-06-27T04:38:25","guid":{"rendered":"http:\/\/passent.blog.polityka.pl\/?p=295"},"modified":"2007-06-27T04:38:54","modified_gmt":"2007-06-27T02:38:54","slug":"gorzka-kawa","status":"publish","type":"post","link":"https:\/\/blog.polityka.pl\/passent\/2007\/06\/27\/gorzka-kawa\/","title":{"rendered":"Gorzka kawa"},"content":{"rendered":"<p>Dobrze si\u0119 sta\u0142o, \u017ce premier spotka\u0142 si\u0119 z \u201eprzest\u0119pczyniami\u201d, kt\u00f3re od tygodnia okupowa\u0142y pomieszczenie w jego kancelarii. Znaj\u0105c autorytarn\u0105 osobowo\u015b\u0107 premiera \u2013 musia\u0142o go to du\u017co kosztowa\u0107. Jeszcze dzie\u0144 wcze\u015bniej wyklucza\u0142 tak\u0105 mo\u017cliwo\u015b\u0107, zapewnia\u0142, \u017ce o rozmowach w Kancelarii nie ma mowy dop\u00f3ki piel\u0119gniarki nie opuszcz\u0105 budynku, \u017ce okupacja jest nielegalna, \u017ce powinien z\u0142o\u017cy\u0107 zawiadomienie o przest\u0119pstwie etc. W ko\u0144cu jednak \u2013 i s\u0142usznie \u2013 zmieni\u0142 zdanie na m\u0105drzejsze i zamiast z\u0142o\u017cy\u0107 zawiadomienie do prokuratury, wypi\u0142 kaw\u0119 z \u201eprzest\u0119pczyniami\u201d. Musia\u0142a to by\u0107 kawa gorzka.<\/p>\n<p>Piel\u0119gniarki udzieli\u0142y premierowi pierwszej pomocy w zrozumieniu, \u017ce wszelka w\u0142adza ma swoje granice. Dla premiera musia\u0142a to by\u0107 trudna lekcja, poniewa\u017c (<strong>a<\/strong>) \u017ale znosi wszelk\u0105 form\u0119 sprzeciwu &#8211; ze strony trybuna\u0142\u00f3w, piel\u0119gniarek, Angeli Merkel, TVN \u2013 oboj\u0119tne; (<strong>b<\/strong>) za jedno ze swoich naczelnych zada\u0144 uwa\u017ca \u201ewzmocnienie pa\u0144stwa\u201d. Pisz\u0119 w cudzys\u0142owie, gdy\u017c Jaros\u0142aw Kaczy\u0144ski pojmuje pa\u0144stwo troch\u0119 na spos\u00f3b pruski: silne s\u0142u\u017cby i urz\u0119dy, pos\u0142uszni obywatele, surowe kary, szybkie wyroki, respekt dla urz\u0119d\u00f3w i urz\u0119dnik\u00f3w, porz\u0105dek musi by\u0107. W takiej g\u0142owie trudno dojrzewa decyzja, \u017ce trzeba ust\u0105pi\u0107 piel\u0119gniarkom, bo ust\u0119pstwo mo\u017ce by\u0107 uznane za oznak\u0119 s\u0142abo\u015bci, bo prawo jest prawem, bo akcja piel\u0119gniarek jest \u201ehaniebna\u201d i \u201epolityczna\u201d, bo ledwo nie zjad\u0142y kolacji, a ju\u017c m\u00f3wi\u0105 o g\u0142od\u00f3wce.<\/p>\n<p>Jaros\u0142aw Kaczy\u0144ski to autokrata i arogant \u2013 jest zas\u0142ug\u0105 piel\u0119gniarek, \u017ce potrafi\u0142y si\u0119 tym niedobrym sk\u0142onno\u015bciom przeciwstawi\u0107. Czy ka\u017cde ich \u017c\u0105danie jest uzasadnione &#8211; to inna sprawa, nie mnie s\u0105dzi\u0107. Wa\u017cne, \u017ce zmusi\u0142y premiera do zmiany stylu, a \u201estyl to cz\u0142owiek\u201d. Polsce potrzeba wi\u0119cej negocjacji \u2013 mniej konfrontacji. Przyjmuj\u0105c siostry, premier musia\u0142 zachowa\u0107 si\u0119 wbrew sobie, wbrew swoim odruchom. Pomog\u0142o to odnie\u015b\u0107 po\u017c\u0105dany skutek. I korona mu z g\u0142owy nie spad\u0142a. Po wyj\u015bciu z Kancelarii, piel\u0119gniarki wypowiada\u0142y si\u0119 o premierze poprawnie, wr\u0119cz elegancko. Miejmy nadziej\u0119, \u017ce ta lekcja nie p\u00f3jdzie na marne, dotar\u0142a do ucznia, kt\u00f3ry sam lubi poucza\u0107 i dla kt\u00f3rego wszystko, co m\u00f3wi, jest \u201eoczywiste\u201d. Nie trzeba zawsze uznawa\u0107 w\u0142asnych pogl\u0105d\u00f3w za oczywiste, dyskredytowa\u0107 drugiej strony, obra\u017ca\u0107 jej, przypisywa\u0107 jej z\u0142ych motyw\u00f3w, bo mo\u017ce trzeba b\u0119dzie poda\u0107 jej r\u0119k\u0119.<\/p>\n<p>Szczeg\u00f3lnie bolesne musia\u0142o by\u0107 dla premiera, \u017ce piel\u0119gniarki podnios\u0142y g\u0142ow\u0119 w czasie szczytu w Brukseli, gdzie jego rz\u0105d usi\u0142owa\u0142 dyrygowa\u0107 Europ\u0105 i przej\u0105\u0107 batut\u0119 z r\u0105k prezydencji. Przed szczytem odbywa\u0142o si\u0119 podbijanie b\u0119benka, oko\u0142orz\u0105dowa gazeta zwiastowa\u0142a ofensyw\u0119 dyplomatyczn\u0105, kt\u00f3ra mia\u0142a przynie\u015b\u0107 nam sukces (przynios\u0142a umiarkowany), polski szerpa m\u00f3wi\u0142, \u017ce 40 proc. pa\u0144stw Unii jest po naszej stronie i to du\u017co jak na faz\u0119 przygotowa\u0144. A kiedy przysz\u0142o co do czego, to premier poczu\u0142 si\u0119 zmuszony przyzna\u0107, \u017ce w Brukseli napotkali\u015bmy\u00a0mur odmowy, \u017cadnego poparcia (poza Czechami). Czy szerpowie go nie ostrzegali? W ko\u0144cu trzeba by\u0142o uzna\u0107 realia, pogodzi\u0107 si\u0119 z tym, \u017ce Europa nie chce s\u0142ysze\u0107 o pierwiastku (mimo jego niew\u0105tpliwych zalet), \u017ce nie chce od nowa debatowa\u0107 nad porz\u0105dkiem dziennym przysz\u0142ych obrad, \u017ce pragnie jakiej\u015b formy traktatu. Podczas kiedy Polska napawa si\u0119 swoj\u0105 si\u0142\u0105 blokowania, Unia m\u00f3wi \u201eAleluja i do przodu!\u201d.<\/p>\n<p>W Brukseli i w Warszawie premier otrzyma\u0142 podobn\u0105 lekcj\u0119: trzeba liczy\u0107 si\u0119 z innymi, kompromis to s\u00f3l polityki. Bywa to s\u00f3l gorzka, ale lepiej kiedy aplikuj\u0105 j\u0105 piel\u0119gniarki ni\u017c piel\u0119gniarze.<\/p>\n","protected":false},"excerpt":{"rendered":"<p>Dobrze si\u0119 sta\u0142o, \u017ce premier spotka\u0142 si\u0119 z \u201eprzest\u0119pczyniami\u201d, kt\u00f3re od tygodnia okupowa\u0142y pomieszczenie w jego kancelarii. Znaj\u0105c autorytarn\u0105 osobowo\u015b\u0107 premiera \u2013 musia\u0142o go to du\u017co kosztowa\u0107. Jeszcze dzie\u0144 wcze\u015bniej wyklucza\u0142 tak\u0105 mo\u017cliwo\u015b\u0107, zapewnia\u0142, \u017ce o rozmowach w Kancelarii nie ma mowy dop\u00f3ki piel\u0119gniarki nie opuszcz\u0105 budynku, \u017ce okupacja jest nielegalna, \u017ce powinien z\u0142o\u017cy\u0107 zawiadomienie [&hellip;]<\/p>\n","protected":false},"author":4,"featured_media":0,"comment_status":"open","ping_status":"open","sticky":false,"template":"","format":"standard","meta":{"footnotes":""},"categories":[1],"tags":[],"_links":{"self":[{"href":"https:\/\/blog.polityka.pl\/passent\/wp-json\/wp\/v2\/posts\/295"}],"collection":[{"href":"https:\/\/blog.polityka.pl\/passent\/wp-json\/wp\/v2\/posts"}],"about":[{"href":"https:\/\/blog.polityka.pl\/passent\/wp-json\/wp\/v2\/types\/post"}],"author":[{"embeddable":true,"href":"https:\/\/blog.polityka.pl\/passent\/wp-json\/wp\/v2\/users\/4"}],"replies":[{"embeddable":true,"href":"https:\/\/blog.polityka.pl\/passent\/wp-json\/wp\/v2\/comments?post=295"}],"version-history":[{"count":0,"href":"https:\/\/blog.polityka.pl\/passent\/wp-json\/wp\/v2\/posts\/295\/revisions"}],"wp:attachment":[{"href":"https:\/\/blog.polityka.pl\/passent\/wp-json\/wp\/v2\/media?parent=295"}],"wp:term":[{"taxonomy":"category","embeddable":true,"href":"https:\/\/blog.polityka.pl\/passent\/wp-json\/wp\/v2\/categories?post=295"},{"taxonomy":"post_tag","embeddable":true,"href":"https:\/\/blog.polityka.pl\/passent\/wp-json\/wp\/v2\/tags?post=295"}],"curies":[{"name":"wp","href":"https:\/\/api.w.org\/{rel}","templated":true}]}}