
{"id":2951,"date":"2015-07-11T17:08:19","date_gmt":"2015-07-11T15:08:19","guid":{"rendered":"http:\/\/passent.blog.polityka.pl\/?p=2951"},"modified":"2015-07-11T17:32:44","modified_gmt":"2015-07-11T15:32:44","slug":"sad-nad-sedziami","status":"publish","type":"post","link":"https:\/\/blog.polityka.pl\/passent\/2015\/07\/11\/sad-nad-sedziami\/","title":{"rendered":"S\u0105d nad s\u0119dziami"},"content":{"rendered":"<p>\u201eNa dzie\u0144 dzisiejszy\u201d media s\u0105 przekonane, \u017ce od jesieni rz\u0105dzi\u0107 b\u0119dzie PiS: samo albo z Kukizem. Dziennikarze, rozmawiaj\u0105c  z politykami tej partii, pytaj\u0105 o plany ich rz\u0105du, co zrobi ich rz\u0105d, jakie b\u0119dzie stanowisko rz\u0105du PiS po wyborach.<br \/>\n<!--more--><br \/>\nDziennikarka TVN 24, rozmawiaj\u0105c z politykami nazajutrz po konwencjach PiS i Platformy, zaczyna\u0142a kolejne rozmowy od \u201ebezstronnego\u201d pytania: &#8211; <em>Co pan s\u0105dzi o tym, \u017ce nazajutrz po konwencji Beata Szyd\u0142o wsiad\u0142a w Szyd\u0142obus i ruszy\u0142a w podr\u00f3\u017c po kraju, a Ewa Kopacz zamkn\u0119\u0142a si\u0119 ze swoimi ministrami?<\/em><\/p>\n<p>Pani redaktor zapomnia\u0142a widocznie, \u017ce premier mia\u0142a nazajutrz Bruksel\u0119 i Grecj\u0119. Gdy urz\u0119duj\u0105ca premier je\u017adzi po kraju, to \u201eprowadzi kampani\u0119 na koszt pa\u0144stwa\u201d, a gdy siedzi w gabinecie, to \u201enie rozmawia z lud\u017ami\u201d. Takie s\u0105 media. W\u0142adza demoralizuje nie tylko polityk\u00f3w, ale i media, kt\u00f3re przecie\u017c te\u017c sprawuj\u0105 w\u0142adz\u0119.<\/p>\n<p>Jakie wi\u0119c b\u0119d\u0105 rz\u0105dy PiS, je\u017celi \u2013 oczywi\u015bcie &#8211; dojd\u0105 do w\u0142adzy? Wiele m\u00f3wi na ten temat <a href=\"http:\/\/www.polityka.pl\/tygodnikpolityka\/kraj\/1625279,1,panstwo-wedlug-pis.read\" target=\"_blank\">rewelacyjny reporta\u017c Anny D\u0105browskiej<\/a> (POLITYKA nr 28, 8 lipca) z konwencji programowej PiS w Katowicach. Kilka obserwacji: po pierwsze, nie by\u0142o panelu smole\u0144skiego, Antoni Macierewicz nie by\u0142 za\u015b zaproszony do \u017cadnego z 26 paneli. Wniosek (m\u00f3j): PiS nadal chowa Macierewicza i problematyk\u0119 smole\u0144sk\u0105 w spos\u00f3b wr\u0119cz ostentacyjny, kt\u00f3re jednak powr\u00f3c\u0105 wraz z ewentualnym obj\u0119ciem w\u0142adzy.<\/p>\n<p>To prosty, a jak\u017ce skuteczny zabieg. Zamiast polityka, kt\u00f3rego \u017cywio\u0142em jest konflikt, a tak\u017ce dra\u017cliwej problematyki zamachu &#8211; PiS pokazuje u\u015bmiechni\u0119t\u0105, spokojn\u0105 twarz prezydenta elekta i pani prezes Szyd\u0142o, obietnice socjalne i gospodarcze, kt\u00f3re wcale nie zwiastuj\u0105 Kulturkampfu, na jaki si\u0119 jednak zanosi.<\/p>\n<p>Tymczasem \u2013 jak pisze D\u0105browska &#8211; najwi\u0119ksze zainteresowanie budzi\u0142y panele dotycz\u0105ce polityki historycznej i systemu sprawiedliwo\u015bci (prowadzi\u0142 Zbigniew Ziobro, ponad 200 os\u00f3b do p\u00f3\u017anych godzin wieczornych). Panele gospodarcze i inne by\u0142y w cieniu. Niekt\u00f3re gro\u017ane pomys\u0142y zosta\u0142y ju\u017c podchwycone przez media: <\/p>\n<p>&#8211; Ustawowo ustalimy prawo do prowokacji. W naszym interesie jest to, \u017ceby policja i s\u0142u\u017cby mog\u0142y przedstawia\u0107 propozycje korupcyjne, by wyeliminowa\u0107 sprowokowanych z \u017cycia publicznego (dr Jacek Czaba\u0144ski, doradca Ziobry).<\/p>\n<p>&#8211; Ziobro o s\u0119dziach: \u201eMusimy znale\u017a\u0107 spos\u00f3b, aby z niekt\u00f3rymi z nich porozmawia\u0107 inaczej, za ich chamstwo i but\u0119\u201d, wskaza\u0142 nawet konkretne osoby, m.in. s\u0119dziego Tulej\u0119 (por\u00f3wna\u0142 dzia\u0142ania CBA za czas\u00f3w IV RP do praktyk stalinowskich), s\u0119dzi\u0119 Pilarczyk, kt\u00f3ra prowadzi spraw\u0119 \u015bmierci ojca p. Ziobry, wreszcie s\u0119dzi\u00f3w, kt\u00f3rzy skazali Mariusza Kami\u0144skiego. Ten, mimo wyroku, pozostaje wiceprezesem PiS.<\/p>\n<p>&#8211; Bogdan \u015awi\u0119czkowski, by\u0142y szef ABW, postuluje okresowe badania s\u0119dzi\u00f3w i prokurator\u00f3w wariografem oraz analizy ich moczu.<br \/>\nWszystko to nic nowego, tylko kontynuacja awersji PiS do niezawis\u0142ych s\u0105d\u00f3w, pr\u00f3ba zastraszenia \u015brodowiska s\u0119dziowskiego, umocnienia w\u0142adzy wykonawczej wobec w\u0142adzy s\u0105downiczej. Powr\u00f3t do podporz\u0105dkowania prokuratury ministrowi sprawiedliwo\u015bci. <\/p>\n<p>Jak m\u00f3wi Marek Kuchci\u0144ski (PiS), wicemarsza\u0142ek Sejmu: \u201eWszystko jest zgodne z naszym programem z 2005 roku\u201d.<\/p>\n<p>Panuje te\u017c przekonanie, \u017ce podobnie jak z ukrywaniem Macierewicza i zamachu swoje prawdziwe zamiary poka\u017ce PiS po wyborach. \u201eJak dojdziemy do w\u0142adzy, to si\u0119 o wszystkim opowie. O niekt\u00f3rych sprawach nie czas teraz m\u00f3wi\u0107\u201d \u2013 m\u00f3wi D\u0105browskiej dzia\u0142acz z \u017bywca. (Do tego, co opisane w reporta\u017cu, dodajmy jeszcze zapowied\u017a utworzenia izby wy\u017cszej S\u0105du Najwy\u017cszego, w kt\u00f3rej zasiada\u0107 b\u0119d\u0105 s\u0119dziowie wybierani przez lud, mo\u017ce te\u017c przez czynnik spo\u0142eczny i polityczny, a tak\u017ce wyposa\u017cenie prezydenta \u2013 czyli w\u0142adzy wykonawczej &#8211; w mo\u017cliwo\u015b\u0107 kasacji prawomocnych wyrok\u00f3w s\u0105dowych).<\/p>\n<p>Jak\u0105 lini\u0119 obrony przyj\u0105\u0142 PiS po reporta\u017cu POLITYKI? Propozycje to jeszcze nie program, panel mia\u0142 charakter ekspercki, a nie polityczny, uczestnicy wypowiadali swoje prywatne pogl\u0105dy. Ale w \u201eKropce nad i\u201d Zbigniew Ziobro broni\u0142 swoich pogl\u0105d\u00f3w z zapa\u0142em godnym lepszej sprawy. Na s\u0119dziach nie zostawi\u0142 suchej nitki, zastrzegaj\u0105c tylko, \u017ce nie chodzi mu o wszystkich, ma nadziej\u0119, \u017ce o mniejszo\u015b\u0107. Spokojny zazwyczaj Ziobro zapala si\u0119, kiedy m\u00f3wi o s\u0119dziach.<\/p>\n<p>Kto ma nadziej\u0119, \u017ce te pomys\u0142y by\u0142y rzucane ot, tak sobie, gwoli dyskusji &#8211; ten powinien si\u0119 zreflektowa\u0107, dop\u00f3ki nie jest za p\u00f3\u017ano.<\/p>\n<p><strong>PS ZAPROSZENIE<\/strong><br \/>\nCo tam, panie, w polityce? Bogumi\u0142 CHRABOTA \u2013 redaktor naczelny RZECZPOSPOLITEJ, S\u0142awomir SIERAKOWSKI &#8211; tw\u00f3rca KRYTYKI POLITYCZNEJ oraz trzecia osoba (rozmowy trwaj\u0105) b\u0119d\u0105 naszymi go\u015b\u0107mi w Radiu TOK FM, wtorek, 14 lipca, godz. 20.05. Zapraszam!<\/p>\n","protected":false},"excerpt":{"rendered":"<p>\u201eNa dzie\u0144 dzisiejszy\u201d media s\u0105 przekonane, \u017ce od jesieni rz\u0105dzi\u0107 b\u0119dzie PiS: samo albo z Kukizem. Dziennikarze, rozmawiaj\u0105c z politykami tej partii, pytaj\u0105 o plany ich rz\u0105du, co zrobi ich rz\u0105d, jakie b\u0119dzie stanowisko rz\u0105du PiS po wyborach.<\/p>\n","protected":false},"author":4,"featured_media":0,"comment_status":"open","ping_status":"closed","sticky":false,"template":"","format":"standard","meta":{"footnotes":""},"categories":[1],"tags":[],"_links":{"self":[{"href":"https:\/\/blog.polityka.pl\/passent\/wp-json\/wp\/v2\/posts\/2951"}],"collection":[{"href":"https:\/\/blog.polityka.pl\/passent\/wp-json\/wp\/v2\/posts"}],"about":[{"href":"https:\/\/blog.polityka.pl\/passent\/wp-json\/wp\/v2\/types\/post"}],"author":[{"embeddable":true,"href":"https:\/\/blog.polityka.pl\/passent\/wp-json\/wp\/v2\/users\/4"}],"replies":[{"embeddable":true,"href":"https:\/\/blog.polityka.pl\/passent\/wp-json\/wp\/v2\/comments?post=2951"}],"version-history":[{"count":3,"href":"https:\/\/blog.polityka.pl\/passent\/wp-json\/wp\/v2\/posts\/2951\/revisions"}],"predecessor-version":[{"id":2954,"href":"https:\/\/blog.polityka.pl\/passent\/wp-json\/wp\/v2\/posts\/2951\/revisions\/2954"}],"wp:attachment":[{"href":"https:\/\/blog.polityka.pl\/passent\/wp-json\/wp\/v2\/media?parent=2951"}],"wp:term":[{"taxonomy":"category","embeddable":true,"href":"https:\/\/blog.polityka.pl\/passent\/wp-json\/wp\/v2\/categories?post=2951"},{"taxonomy":"post_tag","embeddable":true,"href":"https:\/\/blog.polityka.pl\/passent\/wp-json\/wp\/v2\/tags?post=2951"}],"curies":[{"name":"wp","href":"https:\/\/api.w.org\/{rel}","templated":true}]}}