
{"id":2961,"date":"2015-07-24T15:07:58","date_gmt":"2015-07-24T13:07:58","guid":{"rendered":"http:\/\/passent.blog.polityka.pl\/?p=2961"},"modified":"2015-07-27T15:06:09","modified_gmt":"2015-07-27T13:06:09","slug":"bodnar-wybrany-kopacz-wygrana","status":"publish","type":"post","link":"https:\/\/blog.polityka.pl\/passent\/2015\/07\/24\/bodnar-wybrany-kopacz-wygrana\/","title":{"rendered":"Bodnar wybrany \u2013 Kopacz wygrana"},"content":{"rendered":"<p>Gratulacje dla Adama Bodnara, kt\u00f3rego Sejm znaczn\u0105 wi\u0119kszo\u015bci\u0105 g\u0142os\u00f3w wybra\u0142 na nast\u0119pnego Rzecznika Praw Obywatelskich. Niczego nie ujmuj\u0105c pani Zofii Romaszewskiej, dzia\u0142aczce praw cz\u0142owieka, zw\u0142aszcza w PRL, a dzi\u015b kandydatce PiS na to stanowisko, Bodnar jest \u015bwietnym kandydatem.<br \/>\n<!--more--><br \/>\nMa doktorat z prawa, siln\u0105 pozycj\u0119 &#8211; mimo stosunkowo m\u0142odego wieku (38) &#8211; m\u00f3g\u0142 wybra\u0107 intratn\u0105 karier\u0119 finansow\u0105\/prawnicz\u0105 albo spokojn\u0105 i bezpieczn\u0105 drog\u0119 naukow\u0105, albo wreszcie karier\u0119 polityczn\u0105 \u2013 wybra\u0142 sektor NGO, organizacje pozarz\u0105dowe, sektor spo\u0142eczny. Okaza\u0142 si\u0119 spo\u0142ecznikiem, zyska\u0142 takie uznanie w \u015brodowisku NGO, \u017ce jego kandydatur\u0119 popar\u0142o ponad 50 organizacji stra\u017cniczych (pilnuj\u0105cych warto\u015bci) i r\u00f3wno\u015bciowych. <\/p>\n<p>\u201eTen kandydat rozumie sens i skutki praktycznego s\u0105dowego testowania prawa\u201d \u2013 powiedzia\u0142a prof. Ewa \u0141\u0119towska, pierwsza Rzeczniczka Praw Obywatelskich, kt\u00f3ra nada\u0142a odpowiedni kszta\u0142t i wag\u0119 temu stanowisku.<\/p>\n<p>Jak s\u0142usznie zauwa\u017cy\u0142 prof. Smolar \u2013 wchodzimy w trudny okres polityczny, kiedy najsilniejsza partia opozycji (a mo\u017ce i ca\u0142ego kraju) g\u0142osi potrzeb\u0119 wzmocnienia w\u0142adzy wykonawczej kosztem w\u0142adzy s\u0105downiczej, zapowiada id\u0105ce w tym kierunku zmiany ustrojowe, w tym ponowne po\u0142\u0105czenie stanowiska prokuratora generalnego i ministra sprawiedliwo\u015bci. <\/p>\n<p>Wyb\u00f3r dr. Bodnara jest te\u017c sukcesem Helsi\u0144skiej Fundacji Praw Cz\u0142owieka, kt\u00f3rej jest wiceprzewodnicz\u0105cym, i ca\u0142ego sektora organizacji pozarz\u0105dowych. Bogate do\u015bwiadczenie Artura Bodnara w tym sektorze (obrona wi\u0119\u017ani\u00f3w, zwolnionego policjanta z powodu HIV, pryncypialne stanowisko w sprawie tortur w tajnym wi\u0119zieniu CIA na terenie Polski, wreszcie w sprawach \u015bwiatopogl\u0105dowych) \u2013 wszystko to budzi szacunek.<\/p>\n<p>Wyb\u00f3r kandydata Platformy i SLD to tak\u017ce sukces Ewy Kopacz w jej staraniach o umocnienie swojej pozycji w partii. Po konwencji antyprzemocowej i ustawie w sprawie in vitro wyb\u00f3r Artura Bodnara to kolejny sygna\u0142, \u017ce przewodnicz\u0105ca partii i premier zostawi po up\u0142ywie kadencji rz\u0105du konkretny dorobek, nie unika kontrowersyjnych decyzji i nie zamierza do wybor\u00f3w prowadzi\u0107 Platformy op\u0142otkami. <\/p>\n<p>Nie zamierza tak\u017ce bra\u0107 sobie do serca apelu prezydenta elekta, by powstrzyma\u0107 si\u0119 od kontrowersyjnych decyzji, zw\u0142aszcza ustrojowych, czyli zajmowa\u0107 si\u0119 administrowaniem (i narazi\u0107 na zarzuty, \u017ce jest leniwa\u2026). Nawet je\u015bli grupa pos\u0142\u00f3w Platformy nie popar\u0142a kandydatury Artura Bodnara, to by\u0142a ona zbyt nieliczna, by odebra\u0107 swojej partii zwyci\u0119stwo.<\/p>\n<p>Jak by\u0142o do przewidzenia, prawica jest niepocieszona. Jacek Karnowski na portalu \u201ewPolityce\u201d ju\u017c wzywa prawic\u0119, by nowemu rzecznikowi \u201eodmawia\u0142a legitymizacji\u201d, czyli nie uzna\u0142a wyboru Rzecznika Praw Obywatelskich.<\/p>\n<p>Wybory przegrane nie mog\u0105 przecie\u017c by\u0107 uznane. To tylko przedsmak tego, co czeka Adama Bodnara na nowym stanowisku, zw\u0142aszcza gdyby mia\u0142 mie\u0107 przeciwko sobie przysz\u0142\u0105 wi\u0119kszo\u015b\u0107 parlamentarn\u0105, rz\u0105d i prezydenta.<\/p>\n","protected":false},"excerpt":{"rendered":"<p>Gratulacje dla Adama Bodnara, kt\u00f3rego Sejm znaczn\u0105 wi\u0119kszo\u015bci\u0105 g\u0142os\u00f3w wybra\u0142 na nast\u0119pnego Rzecznika Praw Obywatelskich. Niczego nie ujmuj\u0105c pani Zofii Romaszewskiej, dzia\u0142aczce praw cz\u0142owieka, zw\u0142aszcza w PRL, a dzi\u015b kandydatce PiS na to stanowisko, Bodnar jest \u015bwietnym kandydatem.<\/p>\n","protected":false},"author":4,"featured_media":0,"comment_status":"open","ping_status":"closed","sticky":false,"template":"","format":"standard","meta":{"footnotes":""},"categories":[1],"tags":[],"_links":{"self":[{"href":"https:\/\/blog.polityka.pl\/passent\/wp-json\/wp\/v2\/posts\/2961"}],"collection":[{"href":"https:\/\/blog.polityka.pl\/passent\/wp-json\/wp\/v2\/posts"}],"about":[{"href":"https:\/\/blog.polityka.pl\/passent\/wp-json\/wp\/v2\/types\/post"}],"author":[{"embeddable":true,"href":"https:\/\/blog.polityka.pl\/passent\/wp-json\/wp\/v2\/users\/4"}],"replies":[{"embeddable":true,"href":"https:\/\/blog.polityka.pl\/passent\/wp-json\/wp\/v2\/comments?post=2961"}],"version-history":[{"count":6,"href":"https:\/\/blog.polityka.pl\/passent\/wp-json\/wp\/v2\/posts\/2961\/revisions"}],"predecessor-version":[{"id":2969,"href":"https:\/\/blog.polityka.pl\/passent\/wp-json\/wp\/v2\/posts\/2961\/revisions\/2969"}],"wp:attachment":[{"href":"https:\/\/blog.polityka.pl\/passent\/wp-json\/wp\/v2\/media?parent=2961"}],"wp:term":[{"taxonomy":"category","embeddable":true,"href":"https:\/\/blog.polityka.pl\/passent\/wp-json\/wp\/v2\/categories?post=2961"},{"taxonomy":"post_tag","embeddable":true,"href":"https:\/\/blog.polityka.pl\/passent\/wp-json\/wp\/v2\/tags?post=2961"}],"curies":[{"name":"wp","href":"https:\/\/api.w.org\/{rel}","templated":true}]}}