
{"id":2971,"date":"2015-08-05T15:54:37","date_gmt":"2015-08-05T13:54:37","guid":{"rendered":"http:\/\/passent.blog.polityka.pl\/?p=2971"},"modified":"2015-08-05T16:07:30","modified_gmt":"2015-08-05T14:07:30","slug":"swoi-i-obcy","status":"publish","type":"post","link":"https:\/\/blog.polityka.pl\/passent\/2015\/08\/05\/swoi-i-obcy\/","title":{"rendered":"Swoi i obcy"},"content":{"rendered":"<p>Nie chc\u0119 od razu powiedzie\u0107 \u201enie\u201d prezydentowi Dudzie. W odr\u00f3\u017cnieniu od tych, kt\u00f3rzy ju\u017c bij\u0105 na alarm, ja bym jeszcze troch\u0119 po\u017cy\u0142 z\u0142udzeniami, poczeka\u0142 na jego pierwsze decyzje, a nu\u017c \u2013 wbrew wielu znakom na niebie i na niemi \u2013 oka\u017ce si\u0119 prezydentem wywa\u017conym, ponadpartyjnym, w miar\u0119 mo\u017cno\u015bci prezydentem nie tylko jednego obozu.<br \/>\n<!--more--><br \/>\nNie b\u0119dzie to \u0142atwe, bo trzeba si\u0119 b\u0119dzie nara\u017ca\u0107 swoim albo obcym. W przeddzie\u0144 obj\u0119cia urz\u0119du Andrzej Duda budzi ogromne nadzieje w\u015br\u00f3d swoich i trwog\u0119 w\u015br\u00f3d obcych. U\u017cywam s\u0142owa \u201eobcych\u201d, poniewa\u017c okre\u015blenie to zosta\u0142o wprowadzone do j\u0119zyka politycznego przez prof. Szczerskiego, jednego z najbli\u017cszych wsp\u00f3\u0142pracownik\u00f3w nowego prezydenta. <\/p>\n<p>\u201eSwoi\u201d nie ukrywaj\u0105 entuzjazmu. \u201ePolska wstanie z kolan \u2013 obiecuje Andrzej Urba\u0144ski, by\u0142y bliski wsp\u00f3\u0142pracownik Lecha Kaczy\u0144skiego i prezesa w IV RP. \u201ePoprzez wyb\u00f3r Andrzeja Dudy zrealizowany zosta\u0142 polityczny cel Powstania Warszawskiego&#8221; \u2013 stwierdzi\u0142 Tomasz Sakiewicz, redaktor naczelny \u201eGazety Polskiej&#8221; i dow\u00f3dca sieci jej klub\u00f3w, docenionej przez prezydenta elekta. \u201eNareszcie\u201d &#8211; g\u0142osi wielki tytu\u0142 w prawicowym tygodniku. <\/p>\n<p>Nie dziwi\u0119 si\u0119 \u2013 wygrali na ca\u0142ej linii. S\u0105 swoi i sw\u00f3j zosta\u0142 prezydentem. Jak rozumie\u0107 to, \u017ce Polska wstanie z kolan? O jak\u0105 Polsk\u0119 chodzi? O t\u0119 rozmodlon\u0105, kt\u00f3ra modli si\u0119 na kolanach? Chyba to nikomu nie wadzi. Czy o t\u0119 poni\u017con\u0105, p\u0142aszcz\u0105c\u0105 si\u0119 rzekomo przed innymi? Takiej Polski nie ma.<\/p>\n<p>Obcy natomiast nie widz\u0105 powod\u00f3w do rado\u015bci. Andrzej \u017bu\u0142awski, re\u017cyser filmowy starszego pokolenia, m\u00f3wi w \u201eNewsweeku\u201d: \u201eW Polsce odradza si\u0119 faszyzm. Na razie ma na sobie owcz\u0105 sk\u00f3rk\u0119, ale jak ten nasz narodowosocjalistyczny ob\u00f3z dojdzie zaraz do w\u0142adzy, to dopiero dostaniemy w dup\u0119. I bardzo ci\u0119\u017cko jest pogodzi\u0107 si\u0119 z faktem, \u017ce nar\u00f3d wybra\u0142 kierunek nacjonalistyczno-religijno-faszystowski. (\u2026) To jest kraj, kt\u00f3ry jest faszystowski z w\u0142asnej nieprzymuszonej woli i teraz szuka kogo\u015b, komu by pa\u0142\u0105 przy\u0142o\u017cy\u0107\u201d. Taka diagnoza wydaje mi si\u0119 przesadna (Polacy maj\u0105 w sobie du\u017cy \u0142adunek wolno\u015bci i ewentualna dyktatura, nawet aksamitna, si\u0119 nie utrzyma), aczkolwiek nie wyssana z palca.<\/p>\n<p>Trudno ocenia\u0107 polityka g\u0142\u00f3wnie na podstawie obietnic wyborczych. Cofni\u0119cie wieku emerytalnego mo\u017ce np. okaza\u0107 si\u0119 trickiem wyborczym, z kt\u00f3rego prezydent wycofa si\u0119 po wyborach parlamentarnych (oby jak najpr\u0119dzej!). Pan prezydent, jeszcze jako kandydat w wyborach, wzi\u0105\u0142 np. udzia\u0142 w \u2013 nazwijmy to &#8211; kombinacji, na mocy kt\u00f3rej prezes Kaczy\u0144ski i kilka innych os\u00f3b zosta\u0142o schowanych, a Andrzej Duda unika\u0142 ostrego j\u0119zyka i drastycznych wypowiedzi. Mia\u0142o to na celu pozyskanie wyborc\u00f3w centrum i okaza\u0142o si\u0119 skuteczne. Do tego stopnia, \u017ce obecnie jego radykalni zwolennicy obawiaj\u0105 si\u0119, \u017ce prezydent Duda b\u0119dzie tak umiarkowany, za jakiego przedstawia\u0142 si\u0119 w kampanii. Czyli \u017ce nowy prezydent i pani premier (je\u017celi zostanie wybrana) tak dobrze si\u0119 poczuj\u0105 w roli umiarkowanych, \u017ce sprawi\u0105 zaw\u00f3d jakobinom.<\/p>\n<p>Nikt do ko\u0144ca nie wie, jaki oka\u017ce si\u0119 ten prezydent, mo\u017ce on nawet sam nie jest pewien, bo wszystko oka\u017ce si\u0119 w praniu. Chyba po raz pierwszy g\u0142ow\u0105 pa\u0144stwa polskiego zostaje cz\u0142owiek, o kt\u00f3rym ma\u0142o jeszcze wiadomo. Jeszcze mo\u017ce nas mile zaskoczy\u0107, jak Barack Obama, a nie jak Viktor Orban.<\/p>\n<p>Poczekajmy na pierwsze s\u0142owa i decyzje nowego prezydenta. Nie mo\u017cemy gwarantowa\u0107 stu dni spokoju, bo czekaj\u0105 nas wybory. Dzisiaj jest jednak czas na gratulacje, a nie na pierwsze strza\u0142y. Te oddamy, je\u015bli prezydent Duda da nam odczu\u0107, \u017ce jeste\u015bmy obcy.<\/p>\n","protected":false},"excerpt":{"rendered":"<p>Nie chc\u0119 od razu powiedzie\u0107 \u201enie\u201d prezydentowi Dudzie. W odr\u00f3\u017cnieniu od tych, kt\u00f3rzy ju\u017c bij\u0105 na alarm, ja bym jeszcze troch\u0119 po\u017cy\u0142 z\u0142udzeniami, poczeka\u0142 na jego pierwsze decyzje, a nu\u017c \u2013 wbrew wielu znakom na niebie i na niemi \u2013 oka\u017ce si\u0119 prezydentem wywa\u017conym, ponadpartyjnym, w miar\u0119 mo\u017cno\u015bci prezydentem nie tylko jednego obozu.<\/p>\n","protected":false},"author":4,"featured_media":0,"comment_status":"open","ping_status":"closed","sticky":false,"template":"","format":"standard","meta":{"footnotes":""},"categories":[1],"tags":[],"_links":{"self":[{"href":"https:\/\/blog.polityka.pl\/passent\/wp-json\/wp\/v2\/posts\/2971"}],"collection":[{"href":"https:\/\/blog.polityka.pl\/passent\/wp-json\/wp\/v2\/posts"}],"about":[{"href":"https:\/\/blog.polityka.pl\/passent\/wp-json\/wp\/v2\/types\/post"}],"author":[{"embeddable":true,"href":"https:\/\/blog.polityka.pl\/passent\/wp-json\/wp\/v2\/users\/4"}],"replies":[{"embeddable":true,"href":"https:\/\/blog.polityka.pl\/passent\/wp-json\/wp\/v2\/comments?post=2971"}],"version-history":[{"count":3,"href":"https:\/\/blog.polityka.pl\/passent\/wp-json\/wp\/v2\/posts\/2971\/revisions"}],"predecessor-version":[{"id":2974,"href":"https:\/\/blog.polityka.pl\/passent\/wp-json\/wp\/v2\/posts\/2971\/revisions\/2974"}],"wp:attachment":[{"href":"https:\/\/blog.polityka.pl\/passent\/wp-json\/wp\/v2\/media?parent=2971"}],"wp:term":[{"taxonomy":"category","embeddable":true,"href":"https:\/\/blog.polityka.pl\/passent\/wp-json\/wp\/v2\/categories?post=2971"},{"taxonomy":"post_tag","embeddable":true,"href":"https:\/\/blog.polityka.pl\/passent\/wp-json\/wp\/v2\/tags?post=2971"}],"curies":[{"name":"wp","href":"https:\/\/api.w.org\/{rel}","templated":true}]}}