
{"id":2977,"date":"2015-08-07T23:04:20","date_gmt":"2015-08-07T21:04:20","guid":{"rendered":"http:\/\/passent.blog.polityka.pl\/?p=2977"},"modified":"2015-08-08T08:23:50","modified_gmt":"2015-08-08T06:23:50","slug":"noz-sam-sie-otwiera","status":"publish","type":"post","link":"https:\/\/blog.polityka.pl\/passent\/2015\/08\/07\/noz-sam-sie-otwiera\/","title":{"rendered":"N\u00f3\u017c sam si\u0119 otwiera"},"content":{"rendered":"<p>W przeddzie\u0144 obj\u0119cia stanowiska prezydenta RP Andrzej Duda wystosowa\u0142 listy do czytelnik\u00f3w \u201eGazety Wyborczej\u201d i \u201eGazety Polskiej\u201d.<br \/>\n<!--more--><br \/>\nJu\u017c sam ten fakt mo\u017ce budzi\u0107 zaskoczenie, poniewa\u017c prawica uwa\u017ca \u201eGW&#8221; za najgorsze z\u0142o: michnikowszczyzna, gazeta koszerna, dzieci KPP, towarzystwo z Czerskiej, dziennikarze \u201eGW&#8221; s\u0105 \u201eprawdziwymi wulkanami nienawi\u015bci\u201d (A. Dmochowski, \u201eKo\u015bci\u00f3\u0142 Wyborczej\u201d) itd. <\/p>\n<p>Tymczasem list prezydenta utrzymany jest w tonie wi\u0119cej ni\u017c pojednawczym. \u201eB\u0119d\u0119 prezydentem dialogu i porozumienia. (\u2026) Polityczne spory, kt\u00f3re s\u0105 cz\u0119\u015bci\u0105 demokratycznej debaty, nie mog\u0105 wzmacnia\u0107 istniej\u0105cych podzia\u0142\u00f3w, os\u0142abia\u0107 naszej wsp\u00f3lnoty ani dzia\u0142a\u0107 destrukcyjnie na instytucje pa\u0144stwa. (\u2026) Niech ten dzie\u0144 b\u0119dzie \u015bwi\u0119tem ca\u0142ej naszej demokratycznej wsp\u00f3lnoty, kt\u00f3rej nieod\u0142\u0105czn\u0105 cz\u0119\u015bci\u0105 s\u0105 r\u00f3wnie\u017c Pa\u0144stwo, czytelnicy Gazety Wyborczej\u201d \u2013 pisa\u0142 Andrzej Duda. <\/p>\n<p>Czytelnicy \u201eGW&#8221; cz\u0119\u015bci\u0105 demokratycznej wsp\u00f3lnoty? To nies\u0142ychane. Dla zaplecza politycznego nowego prezydenta, przede wszystkim dla PiS, dla znacznej cz\u0119\u015bci hierarchii ko\u015bcielnej, dla niepokornych i niez\u0142omnych, taka opinia \u2013 i to po wyborach prezydenckich \u2013 to chyba sensacja. Mo\u017cna j\u0105 uzna\u0107 albo za szczer\u0105 (co jest dla prawicy nie do przyj\u0119cia), albo za manewr taktyczny przed wyborami parlamentarnymi, kiedy PiS pokazuje \u0142agodny wyraz twarzy.<\/p>\n<p>Gdyby Pan Prezydent mia\u0142 jeszcze czas i ochot\u0119, to radzi\u0142bym wystosowa\u0107 podobny list do tygodnika \u201ewSieci\u201d. Oto pr\u00f3bki debaty i demokratycznej wsp\u00f3lnoty zaczerpni\u0119te z zaledwie kilku stron bie\u017c\u0105cego (31) numeru tego tygodnika.<\/p>\n<p>Cytaty: <\/p>\n<blockquote><p>Zaci\u015bni\u0119te m\u015bciwe usta prezydenta Komorowskiego.<br \/>\nBredzis\u0142aw. PO ju\u017c zdecydowa\u0142a, i\u017c robi z niego wioskowego g\u0142upka. Wreszcie znale\u017ali dla Bredzis\u0142awa idealn\u0105 rol\u0119.<br \/>\nBojowe has\u0142o zwolennik\u00f3w Abgarowicza to: wali\u0107 konia!<br \/>\nOd lat TFa\u0142szN mo\u017ce liczy\u0107 na bajkoPiSarski opad jadu Wo\u0142ka.<br \/>\nStuknij w W\u00f3\u0142, a n\u00f3\u017c sam si\u0119 otworzy.<br \/>\n(Kopacz) udaje Miss Polonia je\u017cd\u017c\u0105c\u0105 po kraju  w poszukiwaniu os\u00f3b \u0142ykaj\u0105cych jej czerwone jak PRL-owskie agitki spoty.<br \/>\nStopie\u0144 zaprzedania d\u2026 w\u0142adzy wyst\u0119puj\u0105cy u gwiazd wiod\u0105cych stacji informacyjnych.<br \/>\nNiepodleg\u0142a, lecz zniewolona przez politycznych kar\u0142\u00f3w III RP.<br \/>\nTusk zaszkodzi\u0142 Polsce du\u017co bardziej ni\u017c drobny z\u0142odziej i moim zdaniem jego miejsce jest wi\u0119zieniu.<br \/>\nMecenas Gie i pan Ka (Giertych i Kami\u0144ski).<br \/>\nKopacz ze swoim Szczurkiem zachowuj\u0105 si\u0119 jak lobby\u015bci unijnych bankster\u00f3w<\/p><\/blockquote>\n<p>Do\u015b\u0107 cytat\u00f3w. Jak wida\u0107, budowa wsp\u00f3lnoty i nawi\u0105zanie dialogu nie b\u0119dzie \u0142atwe. <\/p>\n<p>Na zako\u0144czenie jeden cytat sensowny: \u201eNadchodz\u0105ca prezydentura b\u0119dzie r\u00f3wnie\u017c sprawdzianem dla medi\u00f3w. Swoj\u0105 narracj\u0105 mog\u0105 dawa\u0107 przyzwolenie na przemys\u0142 pogardy\u201d. Nic doda\u0107, nic uj\u0105\u0107.<\/p>\n","protected":false},"excerpt":{"rendered":"<p>W przeddzie\u0144 obj\u0119cia stanowiska prezydenta RP Andrzej Duda wystosowa\u0142 listy do czytelnik\u00f3w \u201eGazety Wyborczej\u201d i \u201eGazety Polskiej\u201d.<\/p>\n","protected":false},"author":4,"featured_media":0,"comment_status":"open","ping_status":"closed","sticky":false,"template":"","format":"standard","meta":{"footnotes":""},"categories":[1],"tags":[],"_links":{"self":[{"href":"https:\/\/blog.polityka.pl\/passent\/wp-json\/wp\/v2\/posts\/2977"}],"collection":[{"href":"https:\/\/blog.polityka.pl\/passent\/wp-json\/wp\/v2\/posts"}],"about":[{"href":"https:\/\/blog.polityka.pl\/passent\/wp-json\/wp\/v2\/types\/post"}],"author":[{"embeddable":true,"href":"https:\/\/blog.polityka.pl\/passent\/wp-json\/wp\/v2\/users\/4"}],"replies":[{"embeddable":true,"href":"https:\/\/blog.polityka.pl\/passent\/wp-json\/wp\/v2\/comments?post=2977"}],"version-history":[{"count":8,"href":"https:\/\/blog.polityka.pl\/passent\/wp-json\/wp\/v2\/posts\/2977\/revisions"}],"predecessor-version":[{"id":2985,"href":"https:\/\/blog.polityka.pl\/passent\/wp-json\/wp\/v2\/posts\/2977\/revisions\/2985"}],"wp:attachment":[{"href":"https:\/\/blog.polityka.pl\/passent\/wp-json\/wp\/v2\/media?parent=2977"}],"wp:term":[{"taxonomy":"category","embeddable":true,"href":"https:\/\/blog.polityka.pl\/passent\/wp-json\/wp\/v2\/categories?post=2977"},{"taxonomy":"post_tag","embeddable":true,"href":"https:\/\/blog.polityka.pl\/passent\/wp-json\/wp\/v2\/tags?post=2977"}],"curies":[{"name":"wp","href":"https:\/\/api.w.org\/{rel}","templated":true}]}}