
{"id":2992,"date":"2015-08-17T15:58:08","date_gmt":"2015-08-17T13:58:08","guid":{"rendered":"http:\/\/passent.blog.polityka.pl\/?p=2992"},"modified":"2015-08-17T16:07:55","modified_gmt":"2015-08-17T14:07:55","slug":"duda-rusza-w-droge","status":"publish","type":"post","link":"https:\/\/blog.polityka.pl\/passent\/2015\/08\/17\/duda-rusza-w-droge\/","title":{"rendered":"Duda rusza w drog\u0119"},"content":{"rendered":"<p>Og\u0142oszony dzisiaj plan podr\u00f3\u017cy zagranicznych prezydenta Dudy jest interesuj\u0105cy i wart komentarza.<br \/>\n<!--more--><br \/>\nNie jest banalny, jest wyra\u017anie autorski i zgodny z ambicjami prezydenta, \u017ceby Polska sta\u0142a si\u0119 liderem wsp\u00f3lnoty pa\u0144stw Europy \u015arodkowo-Wschodniej, od Ba\u0142tyku do Adriatyku. Ambicja ta wydaje si\u0119 nierealna, ale je\u015bli nawet powiedzie si\u0119 cz\u0119\u015bciowo (czyli poprawi si\u0119 wsp\u00f3\u0142praca w regionie), to i tak by\u0142oby dobrze. <\/p>\n<p>St\u0105d pierwszy wyjazd, ju\u017c za tydzie\u0144, 23 sierpnia, do Estonii. Jest to decyzja, kt\u00f3r\u0105 Kreml nie b\u0119dzie zachwycony. Tego dnia przypada rocznica podpisania uk\u0142adu Ribbentrop \u2013 Mo\u0142otow. Na dodatek nast\u0119pnego dnia przypada rocznica rozpadu ZSRR (1991), faktu \u2013 zdaniem Putina \u2013 tragicznego. I o wielkich konsekwencjach, bo wtedy by\u0142e republiki przekszta\u0142ci\u0142y si\u0119 w niepodleg\u0142e pa\u0144stwa, cho\u0107 niekt\u00f3re przed 1917 rokiem nimi nie by\u0142y. Tam si\u0119gaj\u0105 korzenie sprawy ukrai\u0144skiej.  <\/p>\n<p>Wyb\u00f3r Tallina podkre\u015bla znaczenie, jakie Duda przywi\u0105zuje do regionu i miejsca w nim Polski. Bli\u017csza wsp\u00f3\u0142praca na pewno zaniepokoi Rosj\u0119, a by\u0107 mo\u017ce wzmocni g\u0142os by\u0142ych pa\u0144stw \u201eobozu\u201d w NATO, b\u0119d\u0105 bardziej s\u0142yszane w Berlinie i w Waszyngtonie. Czy zdo\u0142aj\u0105 uzgodni\u0107 swoj\u0105 polityk\u0119 \u2013 to ma\u0142o prawdopodobne, ale p\u00f3ki jest cie\u0144 szansy\u2026<\/p>\n<p>Nast\u0119pny wyjazd \u2013 do Berlina \u2013 nie budzi w\u0105tpliwo\u015bci. To prawdziwe mocarstwo regionalne, nasz najwi\u0119kszy s\u0105siad, partner gospodarczy, wiod\u0105cy kraj w Unii i w\u015br\u00f3d europejskich pa\u0144stw NATO. Mimo aksamitnej wsp\u00f3\u0142pracy nie brak spraw dra\u017cliwych, jak sta\u0142e bazy USA na Wsch\u00f3d od Odry (w pa\u0144stwach buforowych) czy status mniejszo\u015bci polskiej w RFN, gdy\u017c prezydent Duda przywi\u0105zuje znaczenie do polskiej diaspory, kt\u00f3ra jest elektoratem jego oraz PiS. Donald Tusk zajmowa\u0142 specjalne miejsce w sercu kanclerz Merkel, zobaczymy, jak u\u0142o\u017c\u0105 si\u0119 stosunki Dudy. <\/p>\n<p>Co do zbli\u017cenia z prezydentem Gauckiem nie mam w\u0105tpliwo\u015bci. Pierwsza dama \u2013 germanistka &#8211; i znajomo\u015b\u0107 niemieckiego przez Dud\u0119 b\u0119d\u0105 du\u017cymi atutami. \u017baden Kurski nie b\u0119dzie tropi\u0142 dziadk\u00f3w w Wehrmachcie.<\/p>\n<p>Kolejny wyjazd \u2013 Londyn \u2013 b\u0119dzie trudny, ale prezydentowi potrzebny. Trudny, poniewa\u017c Cameron ci\u0105gle straszy wyj\u015bciem z Unii (co na to Duda?) i ogranicza uprawnienia socjalne imigrant\u00f3w. Podr\u00f3\u017c wa\u017cna tak\u017ce przez wzgl\u0105d na polskich imigrant\u00f3w \u2013 wa\u017cny elektorat przed wyborami w pa\u017adzierniku. Do tego cenny w\u0105tek patriotyczno-jubileuszowy, rocznica, kt\u00f3ra pozwoli uczci\u0107 wk\u0142ad polskich lotnik\u00f3w w bitwie o Angli\u0119. Konkretne rezultaty wizyty mog\u0105 by\u0107 skromne, ale warstwa symboliczna b\u0119dzie widoczna i korzystna.<\/p>\n<p>Nast\u0119pna podr\u00f3\u017c \u2013 Erfurt, spotkanie prezydent\u00f3w 7 pa\u0144stw europejskich (Austria, RFN, Portugalia, Estonia, S\u0142owacja, Bu\u0142garia i Polska) \u2013 b\u0119dzie debiutem prezydenta Dudy na arenie wielostronnej, nawi\u0105zaniem niezb\u0119dnych znajomo\u015bci i kontakt\u00f3w. Nie w\u0105tpi\u0119, \u017ce z punktu widzenia PR b\u0119dzie to korzystne \u2013 para prezydencka jest m\u0142oda, nowoczesna, wykszta\u0142cona, mo\u017cna powiedzie\u0107 \u2013 efektowna i zostanie zaakceptowana na salonach. <\/p>\n<p>Nast\u0119pne wizyty (Budapeszt &#8211; szczyt Wyszehradu i Bukareszt \u2013 szczyt pa\u0144stw \u201eod Ba\u0142tyku do Adriatyku\u201d) s\u0105 w gruncie rzeczy podobne, maj\u0105 doprowadzi\u0107 do o\u017cywienia kulej\u0105cej wsp\u00f3\u0142pracy, do  zbli\u017cenia stanowisk przed szczytem NATO w Warszawie w przysz\u0142ym roku. Wtedy zaczn\u0105 si\u0119 schody. Wtedy prezydent Duda \u2013 i my wraz z nim \u2013 przekonamy si\u0119, na ile kraje regionu stanowi\u0105 wsp\u00f3lnot\u0119, co Polska mo\u017ce im zaoferowa\u0107, na ile sk\u0142onne s\u0105 odrzuci\u0107 status \u201ebuforowy\u201d w NATO, niepokoi\u0107 Kreml,  uzgodni\u0107 polityk\u0119 wobec Rosji Ukrainy.<\/p>\n<p>Kolejne podr\u00f3\u017ce (USA \u2013 Zgromadzenie Og\u00f3lne ONZ raz Chiny) pomijam, bo przyjdzie na nie czas. W sumie kalendarz prezydenta Dudy i autorski plan jego podr\u00f3\u017cy daje do my\u015blenia. Niewykluczone, \u017ce z jednej czy drugiej podr\u00f3\u017cy wr\u00f3ci bez wielkich zdobyczy, ale na pewno wiele si\u0119 nauczy i przekona, na ile realne s\u0105 jego ambicje, \u017ceby Polska przesta\u0142a by\u0107 kondominium i powsta\u0142a z kolan.<\/p>\n","protected":false},"excerpt":{"rendered":"<p>Og\u0142oszony dzisiaj plan podr\u00f3\u017cy zagranicznych prezydenta Dudy jest interesuj\u0105cy i wart komentarza.<\/p>\n","protected":false},"author":4,"featured_media":0,"comment_status":"open","ping_status":"closed","sticky":false,"template":"","format":"standard","meta":{"footnotes":""},"categories":[1],"tags":[],"_links":{"self":[{"href":"https:\/\/blog.polityka.pl\/passent\/wp-json\/wp\/v2\/posts\/2992"}],"collection":[{"href":"https:\/\/blog.polityka.pl\/passent\/wp-json\/wp\/v2\/posts"}],"about":[{"href":"https:\/\/blog.polityka.pl\/passent\/wp-json\/wp\/v2\/types\/post"}],"author":[{"embeddable":true,"href":"https:\/\/blog.polityka.pl\/passent\/wp-json\/wp\/v2\/users\/4"}],"replies":[{"embeddable":true,"href":"https:\/\/blog.polityka.pl\/passent\/wp-json\/wp\/v2\/comments?post=2992"}],"version-history":[{"count":3,"href":"https:\/\/blog.polityka.pl\/passent\/wp-json\/wp\/v2\/posts\/2992\/revisions"}],"predecessor-version":[{"id":2995,"href":"https:\/\/blog.polityka.pl\/passent\/wp-json\/wp\/v2\/posts\/2992\/revisions\/2995"}],"wp:attachment":[{"href":"https:\/\/blog.polityka.pl\/passent\/wp-json\/wp\/v2\/media?parent=2992"}],"wp:term":[{"taxonomy":"category","embeddable":true,"href":"https:\/\/blog.polityka.pl\/passent\/wp-json\/wp\/v2\/categories?post=2992"},{"taxonomy":"post_tag","embeddable":true,"href":"https:\/\/blog.polityka.pl\/passent\/wp-json\/wp\/v2\/tags?post=2992"}],"curies":[{"name":"wp","href":"https:\/\/api.w.org\/{rel}","templated":true}]}}