
{"id":2997,"date":"2015-08-27T05:35:59","date_gmt":"2015-08-27T03:35:59","guid":{"rendered":"http:\/\/passent.blog.polityka.pl\/?p=2997"},"modified":"2015-08-27T05:37:51","modified_gmt":"2015-08-27T03:37:51","slug":"ponury-scenariusz","status":"publish","type":"post","link":"https:\/\/blog.polityka.pl\/passent\/2015\/08\/27\/ponury-scenariusz\/","title":{"rendered":"Ponury scenariusz"},"content":{"rendered":"<p>Widmo kr\u0105\u017cy po Europie \u2013 widmo uchod\u017ac\u00f3w i imigrant\u00f3w. Ceniony publicysta, Dawid Warszawski, wieszczy \u201enadci\u0105gaj\u0105cy koniec Europy\u201d (\u201eGW&#8221;, 26 sierpnia). Jego zdaniem setki tysi\u0119cy ludzi szukaj\u0105cych w Europie schronienia to nie kryzys, tylko \u201etak ju\u017c b\u0119dzie\u201d.<br \/>\n<!--more--><br \/>\nAlbo \u2013 pisze Warszawski \u2013 Europa uzna, \u017ce imigracji nie da si\u0119 powstrzyma\u0107 i uzna j\u0105 za szans\u0119. Raczej jednak si\u0119 na to nie zanosi, b\u0119dziemy stawia\u0107 mury i zza nich strzela\u0107. \u201eAle wtedy przestan\u0105 do nas ucieka\u0107, bo u nas b\u0119dzie nie lepiej ni\u017c u nich\u201d.<\/p>\n<p>Ponura perspektywa: Syria, Irak, Libia, Turcja, Algieria, Maroko, a mo\u017ce i Ukraina \u2013 wsz\u0119dzie si\u0119 gotuje. Bezpieczn\u0105 i bogat\u0105 Europ\u0119 otacza \u0142uk wojen, przed kt\u00f3rymi ucieka\u0107 b\u0119d\u0105 setki tysi\u0119cy ludzi. Same Niemcy spodziewaj\u0105 si\u0119 w tym roku 800 tys. uchod\u017ac\u00f3w. \u017baden nar\u00f3d tego nie wytrzyma. Uk\u0142ad Schengen padnie, przynajmniej na granicach Unii. Ruchy ksenofobiczne i zamieszki rasistowskie przybior\u0105 na sile. Europa skonfliktuje si\u0119 wok\u00f3\u0142 problemu uchod\u017ac\u00f3w (kto i ilu ma przyjmowa\u0107). Pa\u0144stwa europejskie b\u0119d\u0105 rozbudowywa\u0107 aparat bezpiecze\u0144stwa, rozmaite swobody zostan\u0105 ograniczone, tak\u017ce w obawie przed terroryzmem (pods\u0142uchy, przeszukania na dworcach kolejowych i innych miejscach publicznych), narasta\u0107 b\u0119dzie wrogo\u015b\u0107 pomi\u0119dzy mieszka\u0144cami i imigrantami, nasili si\u0119 dyskryminacja wyznaniowa (patrz np. wpisanie chrze\u015bcija\u0144stwa do konstytucji, jak to przewiduje projekt PiS z 2010 r.), coraz bardziej rasistowskie i autorytarne rz\u0105dy b\u0119d\u0105 przykr\u0119ca\u0107 \u015brub\u0119\u2026<\/p>\n<p>Moim zdaniem ten czarny scenariusz jest wysoce prawdopodobny. Otwarcie Europy na nieograniczon\u0105 imigracj\u0119 oznacza\u0142oby jej koniec. Zamykanie si\u0119 si\u0142\u0105 przekszta\u0142ci\u0142oby j\u0105 w ob\u00f3z warowny, kontynent stanu wyj\u0105tkowego, coraz wi\u0119cej wojska, coraz wi\u0119cej policji i stra\u017cy, co\u015b a la zasobny fort obl\u0119\u017cony przez Indian. Wielkie idee, takie jak usuwanie \u017ar\u00f3de\u0142, a nie skutk\u00f3w, czyli wygaszanie wojen, zwalczenie n\u0119dzy, g\u0142odu, chor\u00f3b i nier\u00f3wno\u015bci \u2013 brzmi pi\u0119knie, ale to zadanie na pokolenia.  <\/p>\n<p>A do tego dochodz\u0105 wojny na tle religijnym, na kt\u00f3re nie ma odpowiedzi.<\/p>\n<p>Wobec takiej sytuacji chyba jeste\u015bmy bezradni, Europa b\u0119dzie pr\u00f3bowa\u0142a wszystkiego po trochu \u2013 wi\u0119cej pomocy, wi\u0119cej drutu kolczastego, wi\u0119cej oboz\u00f3w dla uchod\u017ac\u00f3w. A my b\u0119dziemy uwa\u017cali, \u017ce ten rz\u0105d jest lepszy, kt\u00f3ry wpu\u015bci do Polski mniej imigrant\u00f3w. Nasi politycy b\u0119d\u0105 wracali z Brukseli dumni z tego, jak ma\u0142o ust\u0105pili. Kiedy\u015b chodzi\u0142o o to, \u017ceby przywie\u017ali jak najwi\u0119cej euro. <\/p>\n<p>Teraz b\u0119dzie wa\u017cne wpu\u015bci\u0107 jak najmniej imigrant\u00f3w. Dop\u00f3ki sytuacja na naszych granicach nie zacznie przypomina\u0107 tej w Grecji, W\u0142oszech, Serbii, Macedonii, na W\u0119grzech. To du\u017co wi\u0119ksze zmartwienie ni\u017c spartaczone referenda i perspektywa niechcianych rz\u0105d\u00f3w.<\/p>\n","protected":false},"excerpt":{"rendered":"<p>Widmo kr\u0105\u017cy po Europie \u2013 widmo uchod\u017ac\u00f3w i imigrant\u00f3w. Ceniony publicysta, Dawid Warszawski, wieszczy \u201enadci\u0105gaj\u0105cy koniec Europy\u201d (\u201eGW&#8221;, 26 sierpnia). Jego zdaniem setki tysi\u0119cy ludzi szukaj\u0105cych w Europie schronienia to nie kryzys, tylko \u201etak ju\u017c b\u0119dzie\u201d.<\/p>\n","protected":false},"author":4,"featured_media":0,"comment_status":"open","ping_status":"closed","sticky":false,"template":"","format":"standard","meta":{"footnotes":""},"categories":[1],"tags":[],"_links":{"self":[{"href":"https:\/\/blog.polityka.pl\/passent\/wp-json\/wp\/v2\/posts\/2997"}],"collection":[{"href":"https:\/\/blog.polityka.pl\/passent\/wp-json\/wp\/v2\/posts"}],"about":[{"href":"https:\/\/blog.polityka.pl\/passent\/wp-json\/wp\/v2\/types\/post"}],"author":[{"embeddable":true,"href":"https:\/\/blog.polityka.pl\/passent\/wp-json\/wp\/v2\/users\/4"}],"replies":[{"embeddable":true,"href":"https:\/\/blog.polityka.pl\/passent\/wp-json\/wp\/v2\/comments?post=2997"}],"version-history":[{"count":3,"href":"https:\/\/blog.polityka.pl\/passent\/wp-json\/wp\/v2\/posts\/2997\/revisions"}],"predecessor-version":[{"id":3001,"href":"https:\/\/blog.polityka.pl\/passent\/wp-json\/wp\/v2\/posts\/2997\/revisions\/3001"}],"wp:attachment":[{"href":"https:\/\/blog.polityka.pl\/passent\/wp-json\/wp\/v2\/media?parent=2997"}],"wp:term":[{"taxonomy":"category","embeddable":true,"href":"https:\/\/blog.polityka.pl\/passent\/wp-json\/wp\/v2\/categories?post=2997"},{"taxonomy":"post_tag","embeddable":true,"href":"https:\/\/blog.polityka.pl\/passent\/wp-json\/wp\/v2\/tags?post=2997"}],"curies":[{"name":"wp","href":"https:\/\/api.w.org\/{rel}","templated":true}]}}