
{"id":3002,"date":"2015-08-30T22:53:03","date_gmt":"2015-08-30T20:53:03","guid":{"rendered":"http:\/\/passent.blog.polityka.pl\/?p=3002"},"modified":"2015-08-31T08:36:27","modified_gmt":"2015-08-31T06:36:27","slug":"z-kraju-i-ze-swiata","status":"publish","type":"post","link":"https:\/\/blog.polityka.pl\/passent\/2015\/08\/30\/z-kraju-i-ze-swiata\/","title":{"rendered":"Z kraju i ze \u015bwiata"},"content":{"rendered":"<p><strong>Wizyta w Berlinie.<\/strong> Jak na pierwsz\u0105 wizyt\u0119 &#8211; by\u0142o nie\u017ale. Na pewno nie by\u0142o kompromitacji, pierwsza para na pewno wywar\u0142a dobre wra\u017cenie, ale nie by\u0142o te\u017c spektakularnych sukces\u00f3w. Obie strony przedstawi\u0142y swoje stanowiska. Dla Polski najwa\u017cniejsze jest nasze bezpiecze\u0144stwo,  chcieliby\u015bmy rozproszy\u0107 obawy Niemiec przed wi\u0119ksz\u0105 obecno\u015bci\u0105 NATO w Polsce i w innych krajach regionu, zw\u0142aszcza sta\u0142ych baz. Post\u0119p nie zosta\u0142 w tej sprawie osi\u0105gni\u0119ty, ale trudno tego oczekiwa\u0107 po jednej wizycie.<br \/>\n<!--more--><br \/>\nDla gospodarzy najwa\u017cniejsza w tej chwili jest sprawa uchod\u017ac\u00f3w &#8211; jak Europa poradzi sobie z tym najwi\u0119kszym kryzysem od II wojny \u015bwiatowej. Niemcy zn\u00f3w w centrum. Tutaj z kolei strona polska nie zaoferowa\u0142a \u017cadnych ust\u0119pstw, prezydent Duda ani nie ma pe\u0142nych prerogatyw (polityka zagraniczna to jednak przede wszystkim domena rz\u0105du), ani interesu w tym, by przed wyborami parlamentarnymi deklarowa\u0107, \u017ce Polska przyjmie wi\u0119cej uchod\u017ac\u00f3w i imigrant\u00f3w. To nie jest w Polsce popularne. Mog\u0142oby zaszkodzi\u0107 PiS. Warto zwr\u00f3ci\u0107 uwag\u0119 na komentarz FAZ, utrzymany w duchu: pomo\u017cemy w sprawie waszego bezpiecze\u0144stwa, je\u017celi wy pomo\u017cecie w sprawie uchod\u017ac\u00f3w i imigrant\u00f3w. Argumenty pos\u0142a Sasina, \u017ce jeste\u015bmy na dorobku i nie sta\u0107 nas na przyjmowanie uchod\u017ac\u00f3w, to kpina.<\/p>\n<p>Trzecia sprawa to Ukraina. G\u0142o\u015bne domaganie si\u0119 udzia\u0142u Polski w formacie normandzkim nie spotka\u0142o si\u0119 z poparciem Berlina ani Kijowa. Wr\u0119cz przeciwnie, to by\u0142 zimny prysznic, obietnice, \u017ce b\u0119dziemy w bliskim kontakcie telefonicznym, to tylko uprzejmo\u015bci. Trudno, \u017ceby Berlin i Warszawa nie by\u0142y w kontakcie. Nie jeste\u015bmy ju\u017c w kontakcie z Moskw\u0105 i nie ma si\u0119 z czego cieszy\u0107. Teraz strona polska zaczyna m\u00f3wi\u0107 o d\u0142ugofalowej roli w rozwi\u0105zaniu kryzysu ukrai\u0144skiego, to brzmi bardziej dyplomatycznie, ale i mniej konkretnie.<\/p>\n<p>Ostatnia sprawa: prezydent Duda ujawni\u0142, \u017ce powiedzia\u0142 prezydentowi Gauckowi, \u017ce Polska nie jest sprawiedliwa dla swoich obywateli (mia\u0142 na my\u015bli nier\u00f3wno\u015bci i korzy\u015bci z transformacji). Takie narzekanie g\u0142owy pa\u0144stwa na w\u0142asny kraj nie jest przyj\u0119te, to pedagogika wstydu, jak\u0105 PiS dotychczas ostro krytykowa\u0142. Ka\u017cdy kraj ma swoje problemy, ale brudy pierze w domu. Dobrze, \u017ce prezydent Duda nie m\u00f3wi\u0142, \u017ce nasz kraj jest kondominium rosyjsko-niemieckim lub \u017ce Donald Tusk jad\u0142 pani kanclerz z r\u0119ki. Rozumiem, \u017ce ocena stosunk\u00f3w polsko-niemieckich w wersji eksportowej jest bli\u017csza prawdy i mniej propagandowa. To ju\u017c lepiej.<\/p>\n<p><strong>Wojna polsko-polska.<\/strong> Od pierwszego dnia urz\u0119dowania prezydenta Dudy rozgorza\u0142a wojna polsko-polska. Jest ona nieuchronna, nieunikniona, a szkoda. Najmniejsza krytyka pod adresem prezydenta jest uznawana za bezpardonowy, \u201ebez opami\u0119tania\u201d (prof. Szczerski u Moniki Olejnik) atak na prezydenta. Jest to oczywista przesada, podobnie jak ok\u0142adka jednego z tygodnik\u00f3w, sugeruj\u0105ca, \u017ce trzeba uchroni\u0107 prezydenta przed najgorszym. Uwa\u017cam, \u017ce wszyscy powinni\u015bmy szanowa\u0107 prezydenta, nie obra\u017ca\u0107 go, odnosi\u0107 si\u0119 do niego z szacunkiem nale\u017cnym g\u0142owie pa\u0144stwa, ale nie mo\u017ce to oznacza\u0107 zakazu krytyki, braku zgody czy zwyk\u0142ej dociekliwo\u015bci, np. w sprawie autentycznych powod\u00f3w cz\u0119stych wyjazd\u00f3w pos\u0142a Dudy do Poznania. Z przykro\u015bci\u0105 patrz\u0119, jak premier Kopacz \u017cebrze o spotkanie z prezydentem, a ten czerpie z tego satysfakcj\u0119. (\u201eJa prowadz\u0119 sprawy polskie, a pani premier prowadzi kampani\u0119 wyborcz\u0105\u201d). \u017benada.<\/p>\n<p><strong>Kwiatkowski i Bury.<\/strong> Rewelacj\u0119 prokuratury w sprawie prezesa NIK i pos\u0142a Burego s\u0105 bardzo niepokoj\u0105ce. Pokazuj\u0105, \u017ce prokuratura nie unika spraw o charakterze politycznym (Dubieniecki, Kwiatkowski, Bury), ale te\u017c nara\u017ca si\u0119 na zarzuty, \u017ce ingeruje w kampani\u0119. Sprawa jest powa\u017cna, bolesna dla Platformy, przede wszystkim ze wzgl\u0119du na Krzysztofa Kwiatkowskiego, kt\u00f3ry cieszy\u0142 si\u0119 opini\u0105 \u015bwietnego funkcjonariusza pa\u0144stwowego i  kandydata do wysokich stanowisk w tej partii. Nie mo\u017cna wykluczy\u0107, \u017ce zarzuty pod jego adresem nie ostan\u0105 si\u0119 w s\u0105dzie, w tej sprawie doradza\u0142bym  wstrzemi\u0119\u017aliwo\u015b\u0107. Patrz przypadek ministra Emila W\u0105sacza. Ale nie wygl\u0105da to dobrze.<\/p>\n<p><strong>Selekcja negatywna.<\/strong> Dziennikarze Joanna Lichocka i Krzysztof Czaba\u0144ski maj\u0105 zosta\u0107 pos\u0142ami Prawa i Sprawiedliwo\u015bci. To wybrankowie prezesa, kt\u00f3ry jednocze\u015bnie odrzuci\u0142 kandydatur\u0119 Paw\u0142a Kowala do Sejmu, rzekomo za to, \u017ce jego ksi\u0105\u017cka \u201eKoniec systemu w\u0142adzy: ekipa gen. Jaruzelskiego w latach 1986-1989\u201d jest za ma\u0142o krytyczna wobec genera\u0142a. Po pierwsze \u2013 to nieprawda, po drugie &#8211; polecam t\u0119 ksi\u0105\u017ck\u0119, niech ka\u017cdy przekona si\u0119 sam, jaki jest gust prezesa. Po trzecie \u2013 ciesz\u0119 si\u0119, \u017ce pa\u0144stwo Lichocka i Czaba\u0144ski przestan\u0105 gra\u0107 rol\u0119 dziennikarzy i przyjm\u0105 rol\u0119 polityk\u00f3w tej partii, kt\u00f3ra bardziej do nich pasuje. <\/p>\n<p>Zaproszenie:<br \/>\nAdam Krzemi\u0144ski (POLITYKA) i Leszek Ja\u017cd\u017cewski (Liberte) b\u0119d\u0105 \u201eGo\u015b\u0107mi Passenta\u201d w radiu TOK FM we wtorek, 1 wrze\u015bnia, o godz. 20.05. Zapraszam.<\/p>\n","protected":false},"excerpt":{"rendered":"<p>Wizyta w Berlinie. Jak na pierwsz\u0105 wizyt\u0119 &#8211; by\u0142o nie\u017ale. Na pewno nie by\u0142o kompromitacji, pierwsza para na pewno wywar\u0142a dobre wra\u017cenie, ale nie by\u0142o te\u017c spektakularnych sukces\u00f3w. Obie strony przedstawi\u0142y swoje stanowiska. Dla Polski najwa\u017cniejsze jest nasze bezpiecze\u0144stwo, chcieliby\u015bmy rozproszy\u0107 obawy Niemiec przed wi\u0119ksz\u0105 obecno\u015bci\u0105 NATO w Polsce i w innych krajach regionu, zw\u0142aszcza [&hellip;]<\/p>\n","protected":false},"author":4,"featured_media":0,"comment_status":"open","ping_status":"closed","sticky":false,"template":"","format":"standard","meta":{"footnotes":""},"categories":[1],"tags":[],"_links":{"self":[{"href":"https:\/\/blog.polityka.pl\/passent\/wp-json\/wp\/v2\/posts\/3002"}],"collection":[{"href":"https:\/\/blog.polityka.pl\/passent\/wp-json\/wp\/v2\/posts"}],"about":[{"href":"https:\/\/blog.polityka.pl\/passent\/wp-json\/wp\/v2\/types\/post"}],"author":[{"embeddable":true,"href":"https:\/\/blog.polityka.pl\/passent\/wp-json\/wp\/v2\/users\/4"}],"replies":[{"embeddable":true,"href":"https:\/\/blog.polityka.pl\/passent\/wp-json\/wp\/v2\/comments?post=3002"}],"version-history":[{"count":7,"href":"https:\/\/blog.polityka.pl\/passent\/wp-json\/wp\/v2\/posts\/3002\/revisions"}],"predecessor-version":[{"id":3010,"href":"https:\/\/blog.polityka.pl\/passent\/wp-json\/wp\/v2\/posts\/3002\/revisions\/3010"}],"wp:attachment":[{"href":"https:\/\/blog.polityka.pl\/passent\/wp-json\/wp\/v2\/media?parent=3002"}],"wp:term":[{"taxonomy":"category","embeddable":true,"href":"https:\/\/blog.polityka.pl\/passent\/wp-json\/wp\/v2\/categories?post=3002"},{"taxonomy":"post_tag","embeddable":true,"href":"https:\/\/blog.polityka.pl\/passent\/wp-json\/wp\/v2\/tags?post=3002"}],"curies":[{"name":"wp","href":"https:\/\/api.w.org\/{rel}","templated":true}]}}