
{"id":3013,"date":"2015-09-06T14:31:31","date_gmt":"2015-09-06T12:31:31","guid":{"rendered":"http:\/\/passent.blog.polityka.pl\/?p=3013"},"modified":"2015-09-06T14:54:57","modified_gmt":"2015-09-06T12:54:57","slug":"polska-w-szachu","status":"publish","type":"post","link":"https:\/\/blog.polityka.pl\/passent\/2015\/09\/06\/polska-w-szachu\/","title":{"rendered":"Polska w szachu"},"content":{"rendered":"<p>Rozumiem przera\u017cenie, o kt\u00f3rym m\u00f3wi premier Orb\u00e1n, cho\u0107 nie jest to cz\u0142owiek z mojej bajki.<br \/>\n<!--more--><br \/>\nProblem uchod\u017ac\u00f3w i imigrant\u00f3w jest tragedi\u0105 i szans\u0105. W aspekcie mi\u0119dzynarodowym dla pa\u0144stw naszego regionu, cz\u0142onk\u00f3w Unii Europejskiej, nadesz\u0142a godzina prawdy. Kiedy sami byli\u015bmy w potrzebie, dostali\u015bmy miliardy i Europa Zachodnia otworzy\u0142a si\u0119 przed nami, pozwalaj\u0105c milionom imigrant\u00f3w \u017cy\u0107 i pracowa\u0107 u siebie na r\u00f3wni z innymi obywatelami. O przyjmowaniu uchod\u017ac\u00f3w z Polski dawnymi laty nawet nie wspominam.<\/p>\n<p>Teraz, kiedy w potrzebie znalaz\u0142a si\u0119 Europa, my odwracamy si\u0119 do niej plecami, nie akceptuj\u0105c kwot i k\u0142ad\u0105c nacisk na dobrowolno\u015b\u0107, przez kt\u00f3r\u0105 jednak nale\u017cy rozumie\u0107 jak najmniej uchod\u017ac\u00f3w. Pretekst\u00f3w jest wiele \u2013 to nie my mieli\u015bmy kolonie, niech najpierw wyka\u017c\u0105 si\u0119 Stany Zjednoczone, kt\u00f3re zrzuca\u0142y demokracj\u0119 z samolot\u00f3w na Libi\u0119, Irak i spowodowa\u0142y dzisiejszy chaos, niech si\u0119 martwi Zach\u00f3d, kt\u00f3ry dorobi\u0142 si\u0119 na Bliskim Wschodzie i na Afryce.<\/p>\n<p>Argumentacja ta ma\u0142o kogo przekonuje. Jeste\u015bmy pod siln\u0105 presj\u0105 wydarze\u0144 oraz Zachodu, nasza pozycja na arenie mi\u0119dzynarodowej jest zagro\u017cona, klimat wok\u00f3\u0142 Polski i E\u015aW si\u0119 pogarsza. Mo\u017ce to zaowocowa\u0107 rewan\u017cem i szanta\u017cem: Unia i NATO popr\u0105 zabiegi Polski na rzecz naszego bezpiecze\u0144stwa, sta\u0142ych baz i trwa\u0142ej obecno\u015bci \u017co\u0142nierzy NATO na naszym terytorium, je\u017celi Polska zgodzi si\u0119 na kwoty imigrant\u00f3w i uchod\u017ac\u00f3w. Mo\u017cemy odrzuca\u0107 szanta\u017c i kwoty, ale nie mo\u017cemy unikn\u0105\u0107 ewentualnych konsekwencji. Jeste\u015bmy w szachu.<\/p>\n<p>W kraju sytuacja jest podobna. Rz\u0105d opiera si\u0119 naciskom Brukseli, poniewa\u017c wie, \u017ce wi\u0119kszo\u015b\u0107 spo\u0142ecze\u0144stwa (70 proc. wed\u0142ug \u201eRz\u201d) jest przeciwna przyjmowaniu uchod\u017ac\u00f3w. Boimy si\u0119 obcych, innowierc\u00f3w, terroryst\u00f3w, boimy si\u0119 o nasze dzieci i wnuki, mi\u0142y nam jest swojski spok\u00f3j, nasza chata z kraja. Prezes Szyd\u0142o nieustannie powtarza, \u017ce \u201enie sta\u0107 nas\u201d na wi\u0119ksz\u0105 liczb\u0119 przybysz\u00f3w i oskar\u017ca premier Kopacz, \u017ce ta co\u015b ukrywa, \u017ce podj\u0119\u0142a ju\u017c zobowi\u0105zania w imieniu Polski, o kt\u00f3rych boi si\u0119 przed wyborami powiedzie\u0107.<\/p>\n<p>Kandydatka PiS na premiera nie ukrywa, \u017ce celem tej partii nie jest szersze otwarcie kraju na uchod\u017ac\u00f3w, tylko upadek rz\u0105du. A rz\u0105d jest mi\u0119dzy m\u0142otem a kowad\u0142em, mi\u0119dzy Berlinem, Bruksel\u0105 a wyborcami w Polsce. Im wi\u0119cej zobowi\u0105za\u0144 przyjmie rz\u0105d, tym bardziej narazi si\u0119 wyborcom i opozycji (\u201edyktat Zachodu\u201d, otwarcie drogi dla terroryst\u00f3w i przest\u0119pc\u00f3w, zaproszenie do konflikt\u00f3w religijnych, pozbawianie pracy Polak\u00f3w). Prezydent Duda  milczy, a jego g\u0142os by\u0142by teraz potrzebny. Milczy tak\u017ce Piotr Duda, kt\u00f3ry m\u00f3g\u0142by pokaza\u0107, jak rozumie\u0107 \u201eSolidarno\u015b\u0107\u201d dzisiaj. Jak w takiej sytuacji by\u0107 \u201eliderem regionu\u201d i licz\u0105cym si\u0119 cz\u0142onkiem Unii Europejskiej?<\/p>\n<p>Problem uchod\u017ac\u00f3w jest na pewno tak\u017ce problemem Polski. Stanie si\u0119 on dramatyczny, gdy tysi\u0105ce nieszcz\u0119\u015bnik\u00f3w pojawi\u0105 si\u0119 u naszych bram. Trzeba podj\u0105\u0107 drastyczne decyzje praktyczne, nawi\u0105za\u0107 wsp\u00f3\u0142prac\u0119 z Ko\u015bcio\u0142em, budowa\u0107 o\u015brodki, zapewni\u0107 fundusze (cz\u0119\u015b\u0107 otrzymamy z Brukseli), a tak\u017ce polityczne: zadeklarowa\u0107 i przyj\u0105\u0107 dobrowolnie tylu uchod\u017ac\u00f3w i imigrant\u00f3w, \u017ceby zachowa\u0107 si\u0119 powa\u017cnie, przyzwoicie, nie o\u015bmiesza\u0107 naszego kraju i \u017ceby nie by\u0142o nam wstyd.<\/p>\n<p>Od tego w du\u017cym stopniu zale\u017ce\u0107 b\u0119dzie pozycja i reputacja Polski.<\/p>\n","protected":false},"excerpt":{"rendered":"<p>Rozumiem przera\u017cenie, o kt\u00f3rym m\u00f3wi premier Orb\u00e1n, cho\u0107 nie jest to cz\u0142owiek z mojej bajki.<\/p>\n","protected":false},"author":4,"featured_media":0,"comment_status":"open","ping_status":"closed","sticky":false,"template":"","format":"standard","meta":{"footnotes":""},"categories":[1],"tags":[],"_links":{"self":[{"href":"https:\/\/blog.polityka.pl\/passent\/wp-json\/wp\/v2\/posts\/3013"}],"collection":[{"href":"https:\/\/blog.polityka.pl\/passent\/wp-json\/wp\/v2\/posts"}],"about":[{"href":"https:\/\/blog.polityka.pl\/passent\/wp-json\/wp\/v2\/types\/post"}],"author":[{"embeddable":true,"href":"https:\/\/blog.polityka.pl\/passent\/wp-json\/wp\/v2\/users\/4"}],"replies":[{"embeddable":true,"href":"https:\/\/blog.polityka.pl\/passent\/wp-json\/wp\/v2\/comments?post=3013"}],"version-history":[{"count":3,"href":"https:\/\/blog.polityka.pl\/passent\/wp-json\/wp\/v2\/posts\/3013\/revisions"}],"predecessor-version":[{"id":3016,"href":"https:\/\/blog.polityka.pl\/passent\/wp-json\/wp\/v2\/posts\/3013\/revisions\/3016"}],"wp:attachment":[{"href":"https:\/\/blog.polityka.pl\/passent\/wp-json\/wp\/v2\/media?parent=3013"}],"wp:term":[{"taxonomy":"category","embeddable":true,"href":"https:\/\/blog.polityka.pl\/passent\/wp-json\/wp\/v2\/categories?post=3013"},{"taxonomy":"post_tag","embeddable":true,"href":"https:\/\/blog.polityka.pl\/passent\/wp-json\/wp\/v2\/tags?post=3013"}],"curies":[{"name":"wp","href":"https:\/\/api.w.org\/{rel}","templated":true}]}}