
{"id":3017,"date":"2015-09-10T23:09:35","date_gmt":"2015-09-10T21:09:35","guid":{"rendered":"http:\/\/passent.blog.polityka.pl\/?p=3017"},"modified":"2015-09-11T04:28:16","modified_gmt":"2015-09-11T02:28:16","slug":"uchodzcy-ostatnia-deska-ratunku","status":"publish","type":"post","link":"https:\/\/blog.polityka.pl\/passent\/2015\/09\/10\/uchodzcy-ostatnia-deska-ratunku\/","title":{"rendered":"Uchod\u017acy \u2013 ostatnia deska ratunku?"},"content":{"rendered":"<p>Uchod\u017acy \u2013 ostatni\u0105 desk\u0105 ratunku dla Platformy? Spotka\u0142em si\u0119 z opini\u0105, \u017ce Platforma Obywatelska, czyli rz\u0105d, powinna si\u0119 opowiedzie\u0107 zdecydowanie za przyj\u0119ciem uchod\u017ac\u00f3w i imigrant\u00f3w, a tym samym wyra\u017anie odr\u00f3\u017cni\u0107 si\u0119 od Prawa i Sprawiedliwo\u015bci.<br \/>\n<!--more--><br \/>\nNa tle zdecydowanego PiS, kt\u00f3re ma do\u015b\u0107 wyrazisty program \u2013 od Konstytucji po nauk\u0119 historii i kr\u0119cone filmy \u2013 Platforma jest raczej bezkszta\u0142tna i niezbyt wiadomo, czego chce poza pozostaniem u w\u0142adzy i trzymaniem PiS z dala od rz\u0105dzenia. Zainteresowani polityk\u0105 z pewnym trudem mog\u0105 wskaza\u0107 na pewne r\u00f3\u017cnice pomi\u0119dzy PO a PiS, np. w ocenie III RP czy w sposobie finansowania partii politycznych, ale do przeci\u0119tnego wyborcy te niuanse nie docieraj\u0105. <\/p>\n<p>Prawo i Sprawiedliwo\u015b\u0107 lepiej zaspakaja potrzeb\u0119 Zmiany, stanowi wyrazist\u0105 alternatyw\u0119. Zmiana, kt\u00f3ra ma twarz prezesa Kaczy\u0144skiego, pan\u00f3w Macierewicza, Kami\u0144skiego, Paw\u0142owicz i im podobnych, mo\u017ce nie odpowiada\u0107 nawet wi\u0119kszo\u015bci wyborc\u00f3w, ale mimo wszystko to jest jaka\u015b szansa na Zmian\u0119.<\/p>\n<p>Natomiast Platforma nie jawi si\u0119 jako \u017cadna alternatywa wobec status quo i ma\u0142o wyrazista alternatywa wobec Zjednoczonej Prawicy. Gdyby jednak  Platforma, jako partia proeuropejska, kt\u00f3rej ojciec \u2013 Donald Tusk &#8211; jest przewodnicz\u0105cym Rady Europejskiej, wypowiedzia\u0142a si\u0119 zdecydowanie na rzecz przyj\u0119cia propozycji Junckera, a mo\u017ce nawet posz\u0142a dalej \u2013 mog\u0142aby odzyska\u0107 cz\u0119\u015b\u0107 utraconego elektoratu, w dodatku bez nara\u017cania si\u0119 Ko\u015bcio\u0142owi. <\/p>\n<p>Mam na my\u015bli t\u0119 cz\u0119\u015b\u0107 wyborc\u00f3w, kt\u00f3ra odp\u0142ywa do Nowoczesnej, do lewicy czy wreszcie \u2013 rozczarowana Platform\u0105 \u2013 zamierza 25 pa\u017adziernika pozosta\u0107 w domu. Gdyby premier Kopacz przesta\u0142a kluczy\u0107 z strachu przed opozycj\u0105 i powiedzia\u0142a Brukseli wyra\u017ane TAK w sprawie uchod\u017ac\u00f3w, w kraju rozpocz\u0119\u0142oby si\u0119 pandemonium, ale nareszcie Platforma sta\u0142aby si\u0119 tym, kim twierdzi, \u017ce jest: parti\u0105 proeuropejsk\u0105, otwart\u0105, traktuj\u0105c\u0105 powa\u017cnie s\u0142owo \u201esolidarno\u015b\u0107\u201d, nowoczesn\u0105, bardziej odporn\u0105 na ksenofobi\u0119, \u015bwieck\u0105, tolerancyjn\u0105. <\/p>\n<p>Oczywi\u015bcie wiem, \u017ce tak si\u0119 nie stanie, ale by\u0107 mo\u017ce uchod\u017acy s\u0105 ostatni\u0105 szans\u0105 dla Platformy. Czy ta szansa zostanie wykorzystana? \u201eMy\u015bl\u0119, \u017ce w\u0105tpi\u0119\u201d. Kluczowa b\u0119dzie data 19 pa\u017adziernika 2015 r., czyli spotkanie Rady Europejskiej, kiedy ju\u017c nie mo\u017cna b\u0119dzie kluczy\u0107, trzeba b\u0119dzie po\u0142o\u017cy\u0107 karty na st\u00f3\u0142.<\/p>\n<p>Niestety, b\u0119dzie to na tydzie\u0144 (!) przed wyborami w Polsce i rz\u0105d Platformy b\u0119dzie si\u0119 ba\u0142, \u017ce jakakolwiek wielkoduszno\u015b\u0107 (lekkomy\u015blno\u015b\u0107?) b\u0119dzie go kosztowa\u0142a utrat\u0119 w\u0142adzy. Premier Kopacz wybierze interes pa\u0144stwa, tak jak jest on dzisiaj pojmowany (jak najmniej uchod\u017ac\u00f3w i imigrant\u00f3w) przed interesem partii. Nie obroni ani jednego ani drugiego.<\/p>\n","protected":false},"excerpt":{"rendered":"<p>Uchod\u017acy \u2013 ostatni\u0105 desk\u0105 ratunku dla Platformy? Spotka\u0142em si\u0119 z opini\u0105, \u017ce Platforma Obywatelska, czyli rz\u0105d, powinna si\u0119 opowiedzie\u0107 zdecydowanie za przyj\u0119ciem uchod\u017ac\u00f3w i imigrant\u00f3w, a tym samym wyra\u017anie odr\u00f3\u017cni\u0107 si\u0119 od Prawa i Sprawiedliwo\u015bci.<\/p>\n","protected":false},"author":4,"featured_media":0,"comment_status":"open","ping_status":"closed","sticky":false,"template":"","format":"standard","meta":{"footnotes":""},"categories":[1],"tags":[],"_links":{"self":[{"href":"https:\/\/blog.polityka.pl\/passent\/wp-json\/wp\/v2\/posts\/3017"}],"collection":[{"href":"https:\/\/blog.polityka.pl\/passent\/wp-json\/wp\/v2\/posts"}],"about":[{"href":"https:\/\/blog.polityka.pl\/passent\/wp-json\/wp\/v2\/types\/post"}],"author":[{"embeddable":true,"href":"https:\/\/blog.polityka.pl\/passent\/wp-json\/wp\/v2\/users\/4"}],"replies":[{"embeddable":true,"href":"https:\/\/blog.polityka.pl\/passent\/wp-json\/wp\/v2\/comments?post=3017"}],"version-history":[{"count":3,"href":"https:\/\/blog.polityka.pl\/passent\/wp-json\/wp\/v2\/posts\/3017\/revisions"}],"predecessor-version":[{"id":3020,"href":"https:\/\/blog.polityka.pl\/passent\/wp-json\/wp\/v2\/posts\/3017\/revisions\/3020"}],"wp:attachment":[{"href":"https:\/\/blog.polityka.pl\/passent\/wp-json\/wp\/v2\/media?parent=3017"}],"wp:term":[{"taxonomy":"category","embeddable":true,"href":"https:\/\/blog.polityka.pl\/passent\/wp-json\/wp\/v2\/categories?post=3017"},{"taxonomy":"post_tag","embeddable":true,"href":"https:\/\/blog.polityka.pl\/passent\/wp-json\/wp\/v2\/tags?post=3017"}],"curies":[{"name":"wp","href":"https:\/\/api.w.org\/{rel}","templated":true}]}}