
{"id":302,"date":"2007-07-06T08:39:37","date_gmt":"2007-07-06T06:39:37","guid":{"rendered":"http:\/\/passent.blog.polityka.pl\/?p=302"},"modified":"2007-07-05T23:40:12","modified_gmt":"2007-07-05T21:40:12","slug":"pawel-zalewski-ofiara-sukcesu","status":"publish","type":"post","link":"https:\/\/blog.polityka.pl\/passent\/2007\/07\/06\/pawel-zalewski-ofiara-sukcesu\/","title":{"rendered":"Pawe\u0142 Zalewski &#8211; ofiara sukcesu"},"content":{"rendered":"<p>Jaros\u0142aw Kaczy\u0144ski rozstawia po k\u0105tach i strzela z bata, a wt\u00f3ruje mu brat &#8211; prezydent. Marcinkiewicz, Meller, Sikorski, epizod z Dornem, teraz Pawe\u0142 Zalewski \u2013 jeden po drugim podpada ka\u017cdy, kto si\u0119 wychyli\u0142.<\/p>\n<p>Wszczynaj\u0105c post\u0119powanie dyscyplinarne i zawieszaj\u0105c Paw\u0142a Zalewskiego w prawach cz\u0142onka PiS, b\u0105d\u017a co b\u0105d\u017a wiceprezesa tej partii, pos\u0142a i przewodnicz\u0105cego komisji sejmowej, prezes JK potwierdza tylko, \u017ce nie znosi niesubordynacji, najmniejszej samodzielno\u015bci, ka\u017cdy musi my\u015ble\u0107 tak jak on i powtarza\u0107 jak za pani\u0105 matk\u0105. \u201eRuki po szwam!\u201d \u2013 oto odpowied\u017a na zbytni\u0105 dociekliwo\u015b\u0107 Zalewskiego, kt\u00f3ry zadawa\u0142 minister Fotydze niewygodne pytania. Zalewski to kolejny szatan, taki jak Bartoszewski, Michnik, Walter, Wa\u0142\u0119sa i inni. Prezydent Kaczy\u0144ski zerwa\u0142 z Zalewskim stosunki dyplomatyczne i znajomo\u015b\u0107 z nim uzna\u0142 za zako\u0144czon\u0105. Zerwanie znajomo\u015bci to ze strony prezydenta najwy\u017cszy wymiar kary, jaki uprzednio zastosowa\u0142 wobec prof. Bartoszewskiego (Zalewski mo\u017ce by\u0107 dumny). Tylko patrze\u0107, jak prezydent zako\u0144czy znajomo\u015b\u0107 z Angel\u0105 Merkel, a premier zawiesi Poetteringa w obowi\u0105zkach przewodnicz\u0105cego Parlamentu Europejskiego. Karski i Kurski wszystko to uzasadni\u0105.<\/p>\n<p>Prezes\/premier nie toleruje krytyki, ani nawet najmniejszych w\u0105tpliwo\u015bci. Fakt, \u017ce Zalewski \u015bmia\u0142 \u2013 zbyt gorliwie jak na standardy JK &#8211; wypytywa\u0107 Fotyg\u0119 na okoliczno\u015b\u0107 sukcesu na szczycie Unii i narzeka\u0107 na brak odpowiedzi z jej strony, oznacza przecie\u017c dla premiera zakwestionowanie jego triumfu w Brukseli. Zamiast wierzy\u0107 na s\u0142owo, Zalewski szuka\u0142 dziury w ca\u0142ym, a\u017c sam do niej wpad\u0142.<\/p>\n<p>Uderzenie w Zalewskiego wymierzone zosta\u0142o dos\u0142ownie nazajutrz po tym, jak w dorocznej ankiecie \u201ePolityki\u201d sprawozdawcy parlamentarni uznali go za najlepszego pos\u0142a sezonu. Kaczy\u0144ski nie cierpi, kiedy kto\u015b wyrasta ponad przeci\u0119tno\u015b\u0107, jak\u0105 wyznaczaj\u0105 pos\u0142uszne, wygadane miernoty. Dla niego wz\u00f3r polityka to panowie Gosiewski, Cyma\u0144ski, Karski, Putra i Kurski. Teraz mo\u017cna oczekiwa\u0107 kampanii przeciwko Zalewskiemu, z u\u017cyciem argument\u00f3w w stylu: szkaluje, wbija n\u00f3\u017c w plecy, komu to s\u0142u\u017cy, kto za tym stoi&#8230; Jedyna pociecha: stoj\u0105c na baczno\u015b\u0107 PiS daleko dalej nie zajdzie.<\/p>\n<p>Casus Zalewski to kolejny dow\u00f3d fiaska polskiej polityki zagranicznej. Na jej czele stoj\u0105 bracia, kt\u00f3rzy nie maj\u0105 w tej dziedzinie kompetencji ani do\u015bwiadczenia. Oczernili wszystkich poprzednich ministr\u00f3w. Ministrem mianowali urz\u0119dniczk\u0119 bez w\u0142a\u015bciwo\u015bci, bez autorytetu, bez programu. Od kartofla i Weimaru, po Merkel i Zalewskiego \u2013 wszystko maj\u0105 za z\u0142e. Stosunki z Niemcami i z Rosj\u0105 s\u0105 fatalne, premierzy S\u0142owacji i W\u0119gier obra\u017ceni, atmosfera wok\u00f3\u0142 Polski jest co najmniej dwuznaczna. Bracia \u201eodzyskali MSZ\u201d, wyrzucaj\u0105c na lewo i na prawo w takim po\u015bpiechu, \u017ce teraz nie maj\u0105 ludzi, najpierw na ambasadora przy Unii, potem w Portugalii i w ponad 20 krajach. Ucz\u0105 si\u0119 j\u0119zyk\u00f3w, ale tych, kt\u00f3rzy je znaj\u0105 \u2013 odwo\u0142uj\u0105, zawieszaj\u0105, zwalniaj\u0105.<\/p>\n<p>Nieufni, jak ma\u0142o kto, ufaj\u0105 ludziom, kt\u00f3rzy z r\u00f3\u017cnych powod\u00f3w wprowadzaj\u0105 ich w b\u0142\u0105d, utwierdzaj\u0105 ich w przekonaniu, \u017ce ich majaki s\u0105 rzeczywisto\u015bci\u0105: Marek Cichocki zapewnia\u0142 przed Bruksel\u0105, \u017ce Polsk\u0119 popiera 40 proc. pa\u0144stw cz\u0142onkowskich, Jacek Saryusz-Wolski do ostatniej chwili przepowiada\u0142 sukces, wi\u0119c prezydent RP b\u0119d\u0105c ju\u017c w Brukseli zapewnia\u0142, \u017ce nie oddamy ani guzika (\u201ePolska nie ma w zwyczaju si\u0119 cofa\u0107\u2026\u201d). Nie wiadomo sk\u0105d wzi\u0119\u0142o si\u0119 przekonanie, \u017ce \u201eJanina\u201d jest wzmocniona na dwa lata. Portugalia tego nie potwierdza, Unia si\u0119 do tego nie przyznaje, przewodnicz\u0105cy Parlamentu Europejskiego, m\u00f3wi, \u017ce nic takiego nie mia\u0142o miejsca. Rozgoryczony premier wy\u0142adowa\u0142 si\u0119 na Zalewskim, a prezydent udzieli\u0142 wywiadu TVP, \u017ceby przypomnie\u0107, \u017ce przed\u0142u\u017cenie obowi\u0105zywania systemu nicejskiego do 2017 roku to wielki sukces, a reszta si\u0119 nie liczy.<\/p>\n<p>Awantura o Bruksel\u0119 obna\u017cy\u0142a s\u0142abo\u015b\u0107 naszej polityki zagranicznej, a sankcje wobec Zalewskiego \u2013 lichot\u0119 demokracji a la PiS. Je\u017celi Bruksela by\u0142a takim sukcesem, to dlaczego premier i prezydent s\u0105 tacy niezadowoleni? Wygl\u0105da na to, \u017ce Pawe\u0142 Zalewski to ofiara sukcesu.<\/p>\n","protected":false},"excerpt":{"rendered":"<p>Jaros\u0142aw Kaczy\u0144ski rozstawia po k\u0105tach i strzela z bata, a wt\u00f3ruje mu brat &#8211; prezydent. Marcinkiewicz, Meller, Sikorski, epizod z Dornem, teraz Pawe\u0142 Zalewski \u2013 jeden po drugim podpada ka\u017cdy, kto si\u0119 wychyli\u0142. Wszczynaj\u0105c post\u0119powanie dyscyplinarne i zawieszaj\u0105c Paw\u0142a Zalewskiego w prawach cz\u0142onka PiS, b\u0105d\u017a co b\u0105d\u017a wiceprezesa tej partii, pos\u0142a i przewodnicz\u0105cego komisji sejmowej, [&hellip;]<\/p>\n","protected":false},"author":4,"featured_media":0,"comment_status":"open","ping_status":"open","sticky":false,"template":"","format":"standard","meta":{"footnotes":""},"categories":[1],"tags":[],"_links":{"self":[{"href":"https:\/\/blog.polityka.pl\/passent\/wp-json\/wp\/v2\/posts\/302"}],"collection":[{"href":"https:\/\/blog.polityka.pl\/passent\/wp-json\/wp\/v2\/posts"}],"about":[{"href":"https:\/\/blog.polityka.pl\/passent\/wp-json\/wp\/v2\/types\/post"}],"author":[{"embeddable":true,"href":"https:\/\/blog.polityka.pl\/passent\/wp-json\/wp\/v2\/users\/4"}],"replies":[{"embeddable":true,"href":"https:\/\/blog.polityka.pl\/passent\/wp-json\/wp\/v2\/comments?post=302"}],"version-history":[{"count":0,"href":"https:\/\/blog.polityka.pl\/passent\/wp-json\/wp\/v2\/posts\/302\/revisions"}],"wp:attachment":[{"href":"https:\/\/blog.polityka.pl\/passent\/wp-json\/wp\/v2\/media?parent=302"}],"wp:term":[{"taxonomy":"category","embeddable":true,"href":"https:\/\/blog.polityka.pl\/passent\/wp-json\/wp\/v2\/categories?post=302"},{"taxonomy":"post_tag","embeddable":true,"href":"https:\/\/blog.polityka.pl\/passent\/wp-json\/wp\/v2\/tags?post=302"}],"curies":[{"name":"wp","href":"https:\/\/api.w.org\/{rel}","templated":true}]}}