
{"id":3024,"date":"2015-09-22T00:26:55","date_gmt":"2015-09-21T22:26:55","guid":{"rendered":"http:\/\/passent.blog.polityka.pl\/?p=3024"},"modified":"2015-09-22T07:08:14","modified_gmt":"2015-09-22T05:08:14","slug":"miedzy-bezpieczenstwem-a-solidarnoscia","status":"publish","type":"post","link":"https:\/\/blog.polityka.pl\/passent\/2015\/09\/22\/miedzy-bezpieczenstwem-a-solidarnoscia\/","title":{"rendered":"Mi\u0119dzy bezpiecze\u0144stwem a solidarno\u015bci\u0105"},"content":{"rendered":"<p>Premier Ewa Kopacz i rz\u0105d m\u0119cz\u0105 si\u0119 mi\u0119dzy m\u0142otem a kowad\u0142em. Z jednej strony Bruksela, Berlin i wi\u0119kszo\u015b\u0107 Unii Europejskiej, kt\u00f3re domagaj\u0105 si\u0119 od nas przyj\u0119cia imigrant\u00f3w \u2013 uchod\u017ac\u00f3w. Z drugiej strony chyba jednak wi\u0119kszo\u015b\u0107 Polak\u00f3w, na czele z opozycj\u0105, kt\u00f3ra jest przeciwna implantowaniu ludzi innych ras i religii i odbiera to jako zagro\u017cenie.<br \/>\n<!--more--><br \/>\nMaj\u0105c wyb\u00f3r mi\u0119dzy bezpiecze\u0144stwem a solidarno\u015bci\u0105, wi\u0119kszo\u015b\u0107 Polak\u00f3w wybiera to pierwsze. Trudno si\u0119 dziwi\u0107, t\u0142umacz\u0105 to dzieje Polski, kultura, religia, tradycja. Wbrew megalomanii, kt\u00f3ra nakazuje g\u0142osi\u0107, jacy byli\u015bmy i jeste\u015bmy tolerancyjni i wielkoduszni, ilu ocalono przed niechybn\u0105 zag\u0142ad\u0105, na ilu frontach walczyli\u015bmy, wi\u0119kszo\u015b\u0107 z nas wybiera \u015bwi\u0119ty spok\u00f3j, nie chce si\u0119 posun\u0105\u0107 i zrobi\u0107 miejsca dla innych, kt\u00f3rzy zreszt\u0105 nie kwapi\u0105 si\u0119, \u017ceby zagrza\u0107 u nas miejsca. <\/p>\n<p>Polska jest krajem wyj\u0105tkowo homogenicznym, pokolenia powojenne nie maj\u0105 do\u015bwiadczenia we wsp\u00f3\u0142\u017cyciu ludzi r\u00f3\u017cnych ras i narod\u00f3w, nie mieli\u015bmy kolonii, niewolnik\u00f3w ani kolorowych s\u0105siad\u00f3w. A strach ma wielkie oczy. Tym bardziej, \u017ce obcych ogl\u0105damy na og\u00f3\u0142 w telewizji, kiedy morduj\u0105, podpalaj\u0105, niszcz\u0105 i pl\u0105druj\u0105 najpi\u0119kniejsze miasta Europy, ba, wybijaj\u0105 si\u0119 wzajemnie i niszcz\u0105 skarby w\u0142asnej kultury.<\/p>\n<p>Solidarno\u015b\u0107, ale z kim? Solidarno\u015b\u0107, owszem, by\u0142a, ale przeciwko komunizmowi, kt\u00f3ry ciemi\u0119\u017cy\u0142 Polak\u00f3w i zagra\u017ca\u0142 Zachodowi. Teraz wolimy by\u0107 czarn\u0105 owc\u0105, odwr\u00f3ci\u0107 si\u0119 ty\u0142em do tych w potrzebie, ale za to nie ryzykowa\u0107, \u017ce w naszym kraju powstan\u0105 muzu\u0142ma\u0144skie ghetta, \u017ce nasze ulice przestan\u0105 by\u0107 bezpieczne. Nie jest to postawa etyczna, ale koszula bli\u017csza cia\u0142u. Dekalog jest dobry, ale w ko\u015bciele. Nie b\u0119dzie to bezkarne, poniewa\u017c ucierpi na tym reputacja naszego kraju, ale wyt\u0142umaczenie si\u0119 znajdzie (nie mieli\u015bmy kolonii, jeste\u015bmy biedni). Jak nas widz\u0105, dawa\u0142 ju\u017c do zrozumienia prezydent Gauck w rozmowie z prezydentem Dud\u0105. Wiod\u0105ca rola Niemiec tylko utwierdza nas w przekonaniu, \u017ce uchod\u017acy \u2013 imigranci to nic dobrego. <\/p>\n<p>Opozycja, kt\u00f3rej trudno si\u0119 dziwi\u0107 (polityka jest brudna), cynicznie i skutecznie wykorzystuje spraw\u0119 do cel\u00f3w wyborczych. Atakuje rz\u0105d za brak dalekosi\u0119\u017cnej polityki imigracyjnej (jak gdyby inne partie j\u0105 mia\u0142y) i za brak jasnego, precyzyjnego stanowiska przed negocjacjami w Brukseli.<\/p>\n<p>Premier Kopacz, przyparta do muru, nie mo\u017ce odpowiedzie\u0107 konkretnie, by nie ujawni\u0107 stanowiska przed rokowaniami. Z jej or\u0119dzia wynika, \u017ce Polska zgodzi si\u0119 na kwoty, ale nasza b\u0119dzie stosunkowo niska. Ta pow\u015bci\u0105gliwo\u015b\u0107 nie poprawi reputacji naszego kraju, ale b\u0119dzie to dla nas szansa potwierdzenia, \u017ce wbrew temu, co m\u00f3wi si\u0119 o polskiej ksenofobii, jeste\u015bmy narodem otwartym, wielkodusznym, kt\u00f3ry od prostego wie\u015bniaka po prezydenta kieruje si\u0119 nauk\u0105 Ko\u015bcio\u0142a.<\/p>\n<p>Wierz\u0119, \u017ce ten egzamin zdamy, ale nie na pi\u0105tk\u0119.<\/p>\n","protected":false},"excerpt":{"rendered":"<p>Premier Ewa Kopacz i rz\u0105d m\u0119cz\u0105 si\u0119 mi\u0119dzy m\u0142otem a kowad\u0142em. Z jednej strony Bruksela, Berlin i wi\u0119kszo\u015b\u0107 Unii Europejskiej, kt\u00f3re domagaj\u0105 si\u0119 od nas przyj\u0119cia imigrant\u00f3w \u2013 uchod\u017ac\u00f3w. Z drugiej strony chyba jednak wi\u0119kszo\u015b\u0107 Polak\u00f3w, na czele z opozycj\u0105, kt\u00f3ra jest przeciwna implantowaniu ludzi innych ras i religii i odbiera to jako zagro\u017cenie.<\/p>\n","protected":false},"author":4,"featured_media":0,"comment_status":"open","ping_status":"closed","sticky":false,"template":"","format":"standard","meta":{"footnotes":""},"categories":[1],"tags":[],"_links":{"self":[{"href":"https:\/\/blog.polityka.pl\/passent\/wp-json\/wp\/v2\/posts\/3024"}],"collection":[{"href":"https:\/\/blog.polityka.pl\/passent\/wp-json\/wp\/v2\/posts"}],"about":[{"href":"https:\/\/blog.polityka.pl\/passent\/wp-json\/wp\/v2\/types\/post"}],"author":[{"embeddable":true,"href":"https:\/\/blog.polityka.pl\/passent\/wp-json\/wp\/v2\/users\/4"}],"replies":[{"embeddable":true,"href":"https:\/\/blog.polityka.pl\/passent\/wp-json\/wp\/v2\/comments?post=3024"}],"version-history":[{"count":1,"href":"https:\/\/blog.polityka.pl\/passent\/wp-json\/wp\/v2\/posts\/3024\/revisions"}],"predecessor-version":[{"id":3025,"href":"https:\/\/blog.polityka.pl\/passent\/wp-json\/wp\/v2\/posts\/3024\/revisions\/3025"}],"wp:attachment":[{"href":"https:\/\/blog.polityka.pl\/passent\/wp-json\/wp\/v2\/media?parent=3024"}],"wp:term":[{"taxonomy":"category","embeddable":true,"href":"https:\/\/blog.polityka.pl\/passent\/wp-json\/wp\/v2\/categories?post=3024"},{"taxonomy":"post_tag","embeddable":true,"href":"https:\/\/blog.polityka.pl\/passent\/wp-json\/wp\/v2\/tags?post=3024"}],"curies":[{"name":"wp","href":"https:\/\/api.w.org\/{rel}","templated":true}]}}