
{"id":3029,"date":"2015-09-27T16:01:04","date_gmt":"2015-09-27T14:01:04","guid":{"rendered":"http:\/\/passent.blog.polityka.pl\/?p=3029"},"modified":"2015-09-27T16:40:40","modified_gmt":"2015-09-27T14:40:40","slug":"szkoda-czasu","status":"publish","type":"post","link":"https:\/\/blog.polityka.pl\/passent\/2015\/09\/27\/szkoda-czasu\/","title":{"rendered":"Szkoda czasu"},"content":{"rendered":"<p>Niestety, zgadzam si\u0119 ze Zbigniewem Ziobr\u0105, \u017ce Platforma Obywatelska to nieudacznicy, kt\u00f3rzy nawet nie potrafili postawi\u0107 go przed Trybuna\u0142em Stanu.<br \/>\n<!--more--><br \/>\nTo ju\u017c nie pierwszy raz, kiedy niekt\u00f3rzy pos\u0142owie nie docieraj\u0105 do Sejmu, \u017ceby wzi\u0105\u0107 udzia\u0142 w wa\u017cnym g\u0142osowaniu. Powiem wi\u0119cej \u2013 ci, kt\u00f3rzy nie stan\u0119li na g\u0142owie, \u017ceby g\u0142osowa\u0107, zachowali si\u0119 jak partacze. Platforma sama podaje opozycji argumenty. A przeciwnicy nie zasypiaj\u0105 gruszek w popiele. <\/p>\n<p>Spo\u015br\u00f3d ich wypowiedzi utkwi\u0142y mi w pami\u0119ci s\u0142owa Mariusza Kami\u0144skiego, \u017ce prezydent spotka si\u0119 z premierem i z rz\u0105dem po tym, jak ten \u201euwiarygodni si\u0119\u201d w najbli\u017cszych wyborach. Wiceprezes PiS, by\u0142y szef CBA, skazany przez s\u0105d za nadu\u017cycie uprawnie\u0144 (wyrok jest nieprawomocny), kandydat na wa\u017cne stanowisko pa\u0144stwowe, je\u015bli opozycja wygra wybory, nie tylko nie poda\u0142 si\u0119 do dymisji w partii i w Sejmie, ale jeszcze ma tupet m\u00f3wi\u0107, \u017ce prezydent Polski spotka si\u0119 z szefow\u0105 polskiego rz\u0105du, gdy ta wygra wybory. Czyli: przed wyborami jest niewiarygodna i do spotkania nie dojdzie, prezydent Duda b\u0119dzie lekcewa\u017cy\u0142 i poni\u017ca\u0142 polsk\u0105 premier. Uchod\u017acy, zbli\u017caj\u0105ca si\u0119 sesja ONZ (z przem\u00f3wieniem prezydenta), ofensywa dyplomatyczna Putina, bezczelno\u015b\u0107 ambasadora Rosji \u2013 wszystko to razem i oddzielnie widocznie nie zas\u0142uguje na rozmow\u0119 szef pa\u0144stwa \u2013 szefowa rz\u0105du.<\/p>\n<p>Moim zdaniem to jest dzia\u0142anie szkodliwe dla kraju, co dobrze wida\u0107 na przyk\u0142adzie sprawy uchod\u017ac\u00f3w. Przedstawiciele Polski, minister Piotrowska, premier Kopacz &#8211; prezentuj\u0105 stanowisko, kt\u00f3rego nie mog\u0142y uzgadnia\u0107 z prezydentem, maj\u0105cym istotne prerogatywy w polityce zagranicznej. Nast\u0119pnie  polski prezydent, ustami swojego ministra Szczerskiego, dystansuje si\u0119, odnosi si\u0119 krytycznie do stanowiska Polski w Brukseli. Teraz okazuje si\u0119, \u017ce zdaniem Pa\u0142acu Prezydenckiego mo\u017cna by\u0142o odwlec decyzj\u0119 Unii w sprawie uchod\u017ac\u00f3w.  <\/p>\n<p>W jaki spos\u00f3b? Tu otrzymujemy odpowied\u017a m\u0119tn\u0105: trzymaj\u0105c si\u0119 ustale\u0144 Grupy Wyszehradzkiej, licz\u0105c na Finlandi\u0119 oraz przeci\u0105gaj\u0105c (nie wiadomo, w jaki spos\u00f3b) na swoj\u0105 stron\u0119 republiki ba\u0142tyckie\u2026 S\u0105 to rachuby bezpodstawne, bo i tak w\u0105tpliwe, czy by\u0142oby do\u015b\u0107 g\u0142os\u00f3w, a je\u015bli jest inaczej, to profesor Szczerski, a przede wszystkim prezydent powinni dostarczy\u0107 przekonuj\u0105ce dowody, \u017ce mo\u017cna by\u0142o odwlec decyzj\u0119 Unii (i co dalej?).<\/p>\n<p>By\u0107 mo\u017ce prezydent Duda wyja\u015bni\u0142 to prezesowi Kaczy\u0144skiemu w czasie nocnej wizyty na \u017boliborzu. To kolejny ju\u017c przejaw arogancji. Takie spotkanie by\u0142oby naturalne, gdyby prezydent wszystkich Polak\u00f3w nie unika\u0142 spotkania z premierem ani zwo\u0142ania rady gabinetowej, gdyby to prezes PiS z\u0142o\u017cy\u0142 wizyt\u0119 prezydentowi, gdyby wreszcie prezydent spotyka\u0142 si\u0119 tak\u017ce z przyw\u00f3dcami innych partii. Wtedy wszystko by\u0142oby jasne. Ale pielgrzymowanie do prezesa Kaczy\u0144skiego, nawet je\u015bli uznajemy go za ojca chrzestnego obecnego prezydenta, nie s\u0142u\u017cy autorytetowi i \u201eponadpartyjnemu\u201d charakterowi g\u0142owy pa\u0144stwa.<\/p>\n<p>Gdyby najwa\u017cniejsza by\u0142a troska o Polsk\u0119, a nie o wynik wybor\u00f3w, to szef pa\u0144stwa i szefowa rz\u0105du powinni rozmawia\u0107 m.in. na temat bezprecedensowej wypowiedzi ambasadora Rosji. Nie wystarczy wyrazi\u0107 nasze oburzenie, nie wystarczy napawa\u0107 si\u0119 tym, \u017ce ambasador zostanie zaproszony, pardon, wezwany do MSZ, gdzie zmyj\u0105 mu g\u0142ow\u0119. Trzeba jeszcze my\u015ble\u0107, co zrobi\u0107 w sprawie Rosji, kt\u00f3rej znaczenie w obecnym kryzysie ro\u015bnie. W zamian za wsp\u00f3\u0142prac\u0119 z Zachodem w sprawie Syrii i wojny z Pa\u0144stwem Islamskim, Rosja b\u0119dzie wysuwa\u0142a swoje oczekiwania, w tym m.in. w sprawie powstrzymania obecno\u015bci militarnej USA\/NATO w naszej cz\u0119\u015bci Europy oraz w sprawie zniesienia sankcji zastosowanych przez Zach\u00f3d wobec Rosji.<\/p>\n<p>O tym trzeba my\u015ble\u0107 i rozmawia\u0107, a nie czeka\u0107 na wybory jak na zmi\u0142owanie.<\/p>\n","protected":false},"excerpt":{"rendered":"<p>Niestety, zgadzam si\u0119 ze Zbigniewem Ziobr\u0105, \u017ce Platforma Obywatelska to nieudacznicy, kt\u00f3rzy nawet nie potrafili postawi\u0107 go przed Trybuna\u0142em Stanu.<\/p>\n","protected":false},"author":4,"featured_media":0,"comment_status":"open","ping_status":"closed","sticky":false,"template":"","format":"standard","meta":{"footnotes":""},"categories":[1],"tags":[],"_links":{"self":[{"href":"https:\/\/blog.polityka.pl\/passent\/wp-json\/wp\/v2\/posts\/3029"}],"collection":[{"href":"https:\/\/blog.polityka.pl\/passent\/wp-json\/wp\/v2\/posts"}],"about":[{"href":"https:\/\/blog.polityka.pl\/passent\/wp-json\/wp\/v2\/types\/post"}],"author":[{"embeddable":true,"href":"https:\/\/blog.polityka.pl\/passent\/wp-json\/wp\/v2\/users\/4"}],"replies":[{"embeddable":true,"href":"https:\/\/blog.polityka.pl\/passent\/wp-json\/wp\/v2\/comments?post=3029"}],"version-history":[{"count":4,"href":"https:\/\/blog.polityka.pl\/passent\/wp-json\/wp\/v2\/posts\/3029\/revisions"}],"predecessor-version":[{"id":3034,"href":"https:\/\/blog.polityka.pl\/passent\/wp-json\/wp\/v2\/posts\/3029\/revisions\/3034"}],"wp:attachment":[{"href":"https:\/\/blog.polityka.pl\/passent\/wp-json\/wp\/v2\/media?parent=3029"}],"wp:term":[{"taxonomy":"category","embeddable":true,"href":"https:\/\/blog.polityka.pl\/passent\/wp-json\/wp\/v2\/categories?post=3029"},{"taxonomy":"post_tag","embeddable":true,"href":"https:\/\/blog.polityka.pl\/passent\/wp-json\/wp\/v2\/tags?post=3029"}],"curies":[{"name":"wp","href":"https:\/\/api.w.org\/{rel}","templated":true}]}}