
{"id":303,"date":"2007-07-09T00:37:12","date_gmt":"2007-07-08T22:37:12","guid":{"rendered":"http:\/\/passent.blog.polityka.pl\/?p=303"},"modified":"2007-07-09T00:37:12","modified_gmt":"2007-07-08T22:37:12","slug":"tragifarsa","status":"publish","type":"post","link":"https:\/\/blog.polityka.pl\/passent\/2007\/07\/09\/tragifarsa\/","title":{"rendered":"Tragifarsa"},"content":{"rendered":"<p>Miniony weekend przebiega\u0142 wed\u0142ug recepty Hitchcocka. Najpierw by\u0142o trz\u0119sienie ziemi, a potem napi\u0119cie ju\u017c tylko ros\u0142o. Tragikomedia \u2013 tak mo\u017cna by okre\u015bli\u0107 to, co dzieje si\u0119 w naszym polskim kabarecie. Pose\u0142 Pawe\u0142 Zalewski na \u0142awie oskar\u017conych PiS, musia\u0142 si\u0119 posun\u0105\u0107, \u017ceby zrobi\u0107 miejsce dla innego pos\u0142a &#8211; Jacka Kurskiego. Za co ten nieszcz\u0119sny Kurski trafia do rzecznika? Mo\u017ce za Wehrmacht i za grzebanie w przodkach do trzeciego pokolenia? Bro\u0144 Bo\u017ce! Mo\u017ce za bezpodstawne oskar\u017cenia pod adresem Platformy oraz b. zarz\u0105du PZU o afer\u0119 billbordow\u0105? Bo\u017ce bro\u0144! Pose\u0142 Kurski (\u201efenomenalnie uzdolniony polityk\u201d, jak o nim powiedzia\u0142 jeden z braci) podpad\u0142, poniewa\u017c nie jest d\u017centelmenem, stroi\u0142 g\u0142upie \u017carty z powodu torebki pos\u0142anki Szczypi\u0144skiej, a tak\u017ce \u2013 jak wyrazi\u0142 si\u0119 arbiter elegancji, p. Karski \u2013 jest na bakier z normami wsp\u00f3\u0142\u017cycia. Te\u017c mi odkrycie! Je\u017celi przestrzeganie norm wsp\u00f3\u0142\u017cycia jest w PiS regu\u0142\u0105, to na \u0142awie oskar\u017conych potrzebne jest jeszcze co najmniej jedno miejsce.<\/p>\n<p>Oskar\u017cenie Kurskiego tu\u017c obok Zalewskiego (wiceprzewodnicz\u0105cy PiS) ma \u015bwiadczy\u0107, \u017ce bracia \u201etn\u0105 po skrzyd\u0142ach\u201d, a tak\u017ce nie maj\u0105 lito\u015bci nawet dla najbli\u017cszych. Trudno si\u0119 z tego nie \u015bmia\u0107, podobnie jak ze s\u0142\u00f3w prezesa\/premiera, kt\u00f3ry powiedzia\u0142, \u017ce wielokrotnie przymyka\u0142 oczy na grzechy Zalewskiego, ale tym razem miarka si\u0119 przebra\u0142a. Brzmi to jak reprymenda wychowawczyni w szkole podstawowej dla niesfornego Pawe\u0142ka, kt\u00f3ry tym razem b\u0119dzie wyrzucony za drzwi + wpis do dzienniczka ucznia + ma przyj\u015b\u0107 do szko\u0142y z rodzicami.<\/p>\n<p>Pan Prezydent skaza\u0142 Pawe\u0142ka na najwy\u017cszy wymiar kary: og\u0142osi\u0142, \u017ce wi\u0119cej nie b\u0119dzie si\u0119 z nim bawi\u0142. Gdyby nie chodzi\u0142o o najwa\u017cniejsz\u0105 osob\u0119 w pa\u0144stwie, by\u0142oby to nawet zabawne. (Wielu naszych blogowicz\u00f3w &#8211; <strong>Azrael<\/strong>, <strong>Marta<\/strong>, <strong>Cargo<\/strong>, <strong>Adam<\/strong>, <strong>Jasny Gwint<\/strong> &#8211; nie ma lito\u015bci dla pos\u0142a Zalewskiego, pisz\u0105c w duchu \u201ewidzia\u0142y ga\u0142y co bra\u0142y\u201d. Ja bym go jednak broni\u0142. Kilka lat temu, kiedy konserwaty\u015bci z Ujazdowskim i Zalewskim wst\u0119powali do PiS, mogli jeszcze mie\u0107 z\u0142udzenia, \u017ce tego wymaga wy\u017csze dobro, czyli zdobycie w\u0142adzy. Czar pryska\u0142 w miar\u0119 up\u0142ywu czasu. Teraz ju\u017c jest najwy\u017cszy czas i Pawe\u0142 Zalewski nie mo\u017ce unikn\u0105\u0107 konfrontacji. Albo odejdzie z PiS, albo postawi si\u0119 wewn\u0105trz PiS, czyli przed s\u0105dem kole\u017ce\u0144skim \u2013 najbardziej niezawis\u0142ym s\u0105dem, jaki istnieje dzi\u015b w Polsce. Je\u015bli spu\u015bci uszy po sobie to b\u0119dzie sko\u0144czony.)<\/p>\n<p>Przysz\u0142o\u015b\u0107 Paw\u0142a Zalewskiego nie jest jednak wa\u017cna wobec faktu, i\u017c premier og\u0142osi\u0142, \u017ce brat \u2013 prezydent b\u0119dzie kandydatem w wyborach prezydenckich 2010 r. Lech Kaczy\u0144ski to zdaniem Piotra Zaremby z \u201eDziennika\u201d &#8211; najlepszy prezydent od 1989 r. Moim zdaniem jest za wcze\u015bnie na podsumowanie. Widz\u0119 \u201eplusy dodatnie\u201d (Muzeum Powstania Warszawskiego, aczkolwiek jednostronne w przekazie i wykorzystywane do kariery politycznej, ale wa\u017cne, \u017ce jest, Muzeum Historii \u017byd\u00f3w i inne gesty w tej sprawie), ale i \u201eplusy ujemne\u201d \u2013 pe\u0142na identyfikacja z premierem, z rz\u0105dem, z PiS, a nawet otwarta zgoda na podporz\u0105dkowanie bratu, wyra\u017ana nieporadno\u015b\u0107 w swojej ulubionej polityce zagranicznej. To, co zacz\u0119\u0142o si\u0119 jako \u017cart (\u201ePanie prezesie, zadanie wykonane\u201d), rozwija si\u0119 fatalnie. Mam na my\u015bli nie tylko k\u0142opoty gastryczne przed spotkaniem w Weimarze (\u017co\u0142\u0105dek LK = gole\u0144 AK), ale przede wszystkim Bruksel\u0119. Telefon Sarkozy\u2019ego i Blaira w ostatniej chwili do Jaros\u0142awa Kaczy\u0144skiego (pomimo, \u017ce LK by\u0142 na miejscu), nasuwa podejrzenia, \u017ce od decydowania jest JK, a od reprezentacji \u2013 LK. Dla mnie to wygl\u0105da jak upokorzenie polskiego prezydenta. By\u0107 mo\u017ce dlatego premier zapewnia\u0142 nazajutrz, \u017ce ojcem sukcesu w Brukseli jest prezydent.<\/p>\n<p>Czy LK mo\u017ce liczy\u0107 na sukces w 2010 roku &#8211; trudno powiedzie\u0107. Na jego korzy\u015b\u0107 przemawia brak atrakcyjnego przeciwnika, bo trudno za takiego uzna\u0107 pozbawionego charyzmy Donalda Tuska. Opozycja mo\u017ce jednak wy\u0142oni\u0107 innego kandydata (samych prawnik\u00f3w godnych tego urz\u0119du jest kilku: Zoll? Safjan? St\u0119pie\u0144?). Szanse Lecha Kaczy\u0144skiego na reelekcj\u0119 zosta\u0142y dzi\u015b os\u0142abione przez ujawnione we \u201eWprost\u201d ta\u015bmy z wyk\u0142adami ojca Rydzyka:<\/p>\n<blockquote><p>Prezydentowa to czarownica, kt\u00f3ra powinna si\u0119 podda\u0107 eutanazji. Prezydent to oszust ulegaj\u0105cy lobby \u017cydowskiemu. Sprawa Jedwabnego s\u0142u\u017cy\u0142a tylko temu, by \u015brodowiska \u017cydowskie mog\u0142y wy\u0142udzi\u0107 od Polski 65 mld. dolar\u00f3w.<\/p><\/blockquote>\n<p>Podczas kiedy Jaros\u0142aw Kaczy\u0144ski i ca\u0142e kierownictwo rz\u0105du przekazuje znak pokoju, a nawet wi\u0119cej, ojcu Rydzykowi na pielgrzymce umi\u0142owanego elektoratu Radia Maryja, ojciec dyrektor trzyma pod sutann\u0105 szpil\u0119, z kt\u00f3rej kapie krew prezydenta i jego ma\u0142\u017conki. Tak oto farsa przechodzi w tragedi\u0119.<\/p>\n<p><strong>PS<\/strong>. Bardzo si\u0119 ciesz\u0119, \u017ce Belka i Balcerowicz s\u0105 w\u015br\u00f3d kandydat\u00f3w na szefa MFW. Szatany g\u00f3r\u0105!<\/p>\n","protected":false},"excerpt":{"rendered":"<p>Miniony weekend przebiega\u0142 wed\u0142ug recepty Hitchcocka. Najpierw by\u0142o trz\u0119sienie ziemi, a potem napi\u0119cie ju\u017c tylko ros\u0142o. Tragikomedia \u2013 tak mo\u017cna by okre\u015bli\u0107 to, co dzieje si\u0119 w naszym polskim kabarecie. Pose\u0142 Pawe\u0142 Zalewski na \u0142awie oskar\u017conych PiS, musia\u0142 si\u0119 posun\u0105\u0107, \u017ceby zrobi\u0107 miejsce dla innego pos\u0142a &#8211; Jacka Kurskiego. Za co ten nieszcz\u0119sny Kurski trafia [&hellip;]<\/p>\n","protected":false},"author":4,"featured_media":0,"comment_status":"open","ping_status":"open","sticky":false,"template":"","format":"standard","meta":{"footnotes":""},"categories":[1],"tags":[],"_links":{"self":[{"href":"https:\/\/blog.polityka.pl\/passent\/wp-json\/wp\/v2\/posts\/303"}],"collection":[{"href":"https:\/\/blog.polityka.pl\/passent\/wp-json\/wp\/v2\/posts"}],"about":[{"href":"https:\/\/blog.polityka.pl\/passent\/wp-json\/wp\/v2\/types\/post"}],"author":[{"embeddable":true,"href":"https:\/\/blog.polityka.pl\/passent\/wp-json\/wp\/v2\/users\/4"}],"replies":[{"embeddable":true,"href":"https:\/\/blog.polityka.pl\/passent\/wp-json\/wp\/v2\/comments?post=303"}],"version-history":[{"count":0,"href":"https:\/\/blog.polityka.pl\/passent\/wp-json\/wp\/v2\/posts\/303\/revisions"}],"wp:attachment":[{"href":"https:\/\/blog.polityka.pl\/passent\/wp-json\/wp\/v2\/media?parent=303"}],"wp:term":[{"taxonomy":"category","embeddable":true,"href":"https:\/\/blog.polityka.pl\/passent\/wp-json\/wp\/v2\/categories?post=303"},{"taxonomy":"post_tag","embeddable":true,"href":"https:\/\/blog.polityka.pl\/passent\/wp-json\/wp\/v2\/tags?post=303"}],"curies":[{"name":"wp","href":"https:\/\/api.w.org\/{rel}","templated":true}]}}