
{"id":3037,"date":"2015-09-30T14:03:16","date_gmt":"2015-09-30T12:03:16","guid":{"rendered":"http:\/\/passent.blog.polityka.pl\/?p=3037"},"modified":"2015-09-30T14:30:43","modified_gmt":"2015-09-30T12:30:43","slug":"duda-wsrod-moznych","status":"publish","type":"post","link":"https:\/\/blog.polityka.pl\/passent\/2015\/09\/30\/duda-wsrod-moznych\/","title":{"rendered":"Duda w\u015br\u00f3d mo\u017cnych"},"content":{"rendered":"<p>Ka\u017cda okazja jest dobra, \u017ceby w czasie kampanii uszczypn\u0105\u0107 rywala. Debiut polskiego prezydenta w ONZ by\u0142 kolejn\u0105 okazj\u0105.<br \/>\n<!--more--><br \/>\nUwag\u0119 komentator\u00f3w, poza sam\u0105 tre\u015bci\u0105 wyst\u0105pie\u0144 Andrzeja Dudy, zwr\u00f3ci\u0142a jego wysoka pozycja \u2013 w Zgromadzeniu Og\u00f3lnym przemawia\u0142 jako jeden z pierwszych, a podczas lunchu siedzia\u0142 przy najwa\u017cniejszym stoliku \u2013 Sekretarza Generalnego ONZ, po prawej r\u0119ce Obamy i na wyci\u0105gni\u0119cie r\u0119ki (z kieliszkiem) od Putina. Przecierali\u015bmy oczy ze zdumieniem, ale takie by\u0142y fakty.<\/p>\n<p>Poniewa\u017c istnia\u0142o podejrzenie, \u017ce polski prezydent trafi\u0142 tak wysoko dzi\u0119ki pozycji naszego kraju, a tak\u017ce dzi\u0119ki zabiegom naszej dyplomacji, prawicowy portal tygodnika \u201ewSieci\u201d pospieszy\u0142 na ratunek. Nie, nie napisano tam, \u017ce Duda siedzia\u0142 obok Obamy i Putina ze wzgl\u0119du na szacunek, jakim si\u0119 cieszy nasz prezydent i nasz kraj. Wr\u0119cz przeciwnie \u2013 \u201ePrezydent Duda siedzia\u0142 tu\u017c obok prezydenta USA dzi\u0119ki dyplomacji Platformy? Nie \u2013 zadecydowa\u0142a tylko i wy\u0142\u0105cznie geografia polityczna\u201d \u2013 czytamy na portalu \u201ewpolityce\u201d. Zdaniem autora by\u0142 to sygna\u0142 wys\u0142any Rosji, \u017ce nasz region Europy sta\u0142 si\u0119 wa\u017cny dla USA. Wsp\u00f3\u0142gra\u0142o to z przem\u00f3wieniem Baracka Obamy, \u017ce jego kraj got\u00f3w jest u\u017cy\u0107 si\u0142y w obronie sojusznik\u00f3w. Dow\u00f3d: bliskie stosunki USA z prezydentami \u201ekraj\u00f3w kaukaskich\u201d \u2013 Azerbejd\u017canu, Tad\u017cykistanu i Uzbekistanu.<\/p>\n<p>Wiadomo\u015b\u0107 o tym, \u017ce Polska nabra\u0142a takiego znaczenia jak Tad\u017cykistan, nie ka\u017cdego ucieszy, ale czego si\u0119 nie robi, \u017ceby odm\u00f3wi\u0107 zas\u0142ug \u201edyplomacji Platformy\u201d\u2026 A przecie\u017c nie ma czego\u015b takiego jak \u201edyplomacja Platformy\u201d, jest natomiast dyplomacja polska (MSZ i Kancelaria Prezydenta), kt\u00f3ra na pewno stawa\u0142a na g\u0142owie, \u017ceby prezydent wypad\u0142 jak najlepiej. Poczesne miejsce, jakie zajmowa\u0142 prezydent Duda, jest zar\u00f3wno wynikiem pozycji naszego kraju, jak i jego polityki oraz zabieg\u00f3w dyplomatycznych, i wreszcie zbiegu okoliczno\u015bci.<\/p>\n<p>Rozpatrzmy je po kolei. Ma racj\u0119 wicepremier Siemoniak, \u017ce gdyby Polska by\u0142a w rozk\u0142adzie, to Andrzej Duda \u201esiedzia\u0142by przy stoliku 77\u201d. To <strong>\u201epo pierwsze primo\u201d<\/strong>. Nie mo\u017cna jednego dnia dmucha\u0107 w nasz balon \u2013 jednego z wa\u017cniejszych pa\u0144stw Unii, regionalnego lidera etc., a drugiego dnia wymienia\u0107 nas jednym tchem z Tad\u017cykistanem, byle tylko nie uzna\u0107 stara\u0144 \u201edyplomacji Platformy\u201d. <\/p>\n<p><strong>Po \u201edrugie primo\u201d<\/strong>, Polska jest wa\u017cnym sojusznikiem USA i nale\u017cy zak\u0142ada\u0107, \u017ce to, kto siedzi obok Obamy i Putina, nie jest tylko zrz\u0105dzeniem geografii. Gdyby Amerykanie nie \u017cyczyli sobie takiego s\u0105siedztwa swojego prezydenta, to nie ma takiej si\u0142y, nawet panowie Szczerski i Waszczykowski do sp\u00f3\u0142ki ze Schetyn\u0105 nie wepchn\u0119liby Andrzeja Dudy do stolika \u201enumber one\u201d.<\/p>\n<p><strong>Po \u201etrzecie primo\u201d<\/strong> \u2013 w czym jak w czym, ale w protokole dyplomatycznym nic nie dzieje si\u0119 przypadkowo, \u017cadna wizyt\u00f3wka, \u017caden uk\u0142on, \u017caden widelec  nie s\u0105 na niew\u0142a\u015bciwym miejscu. Protok\u00f3\u0142 ONZ przewiduje, \u017ceby przy stoliku gospodarza reprezentowane by\u0142y wszystkie kontynenty, w tym przypadku prezydenci Nigerii, Brazylii, USA, Rosji, Indii, Paragwaju i\u2026 Jak donosi\u0142 \u201eDaily Telegraph\u201d, miejsce po prawej r\u0119ce Obamy mia\u0142 zajmowa\u0107 prezydent Francji, Hollande, ale ten odm\u00f3wi\u0142 zasiadania przy jednym stole z Putinem, wi\u0119c Amerykanie desygnowali na to miejsce prezydenta Polski, kt\u00f3ry \u2013 i s\u0142usznie! \u2013 okaza\u0142 si\u0119 mniej wybredny ni\u017c prezydent Francji.<\/p>\n<p>Czy tak by\u0142o naprawd\u0119 \u2013 wiem tyle, ile przeczyta\u0142em. Dr Janusz Sibora \u2013 znawca protoko\u0142u \u2013 wyja\u015bni\u0142 mi tak\u017ce, \u017ce kolejno\u015b\u0107 wyst\u0105pie\u0144 prezydent\u00f3w w Zgromadzeniu Og\u00f3lnym ONZ zale\u017cy od\u2026 kolejno\u015bci zg\u0142osze\u0144. Je\u017celi tak jest, to nale\u017cy uchyli\u0107 kapelusza przed naszymi dyplomatami, ale czy mo\u017cna zdj\u0105\u0107 czapk\u0119 przed dyplomacj\u0105 Polski, pardon, Platformy?<\/p>\n<p>A przecie\u017c wypada uzna\u0107, \u017ce debiut Andrzeja Dudy w ONZ wypad\u0142 pomy\u015blnie i zosta\u0142 przez polskie media prawie jednomy\u015blnie odebrany dobrze. A to, \u017ce najbli\u017csze otoczenie prezydenta usi\u0142owa\u0142o stworzy\u0107 wra\u017cenie, i\u017c Obama bez ko\u0144ca naradza\u0142 si\u0119 z Dud\u0105, kt\u00f3ry rozdawa\u0142 znacz\u0105ce u\u015bciski d\u0142oni, za\u015b  Putin zosta\u0142 odes\u0142any na Kreml w kwitkiem, nale\u017cy ju\u017c uzna\u0107 za niegro\u017an\u0105 nadgorliwo\u015b\u0107 ministra Szczerskiego.<\/p>\n","protected":false},"excerpt":{"rendered":"<p>Ka\u017cda okazja jest dobra, \u017ceby w czasie kampanii uszczypn\u0105\u0107 rywala. Debiut polskiego prezydenta w ONZ by\u0142 kolejn\u0105 okazj\u0105.<\/p>\n","protected":false},"author":4,"featured_media":0,"comment_status":"open","ping_status":"closed","sticky":false,"template":"","format":"standard","meta":{"footnotes":""},"categories":[1],"tags":[],"_links":{"self":[{"href":"https:\/\/blog.polityka.pl\/passent\/wp-json\/wp\/v2\/posts\/3037"}],"collection":[{"href":"https:\/\/blog.polityka.pl\/passent\/wp-json\/wp\/v2\/posts"}],"about":[{"href":"https:\/\/blog.polityka.pl\/passent\/wp-json\/wp\/v2\/types\/post"}],"author":[{"embeddable":true,"href":"https:\/\/blog.polityka.pl\/passent\/wp-json\/wp\/v2\/users\/4"}],"replies":[{"embeddable":true,"href":"https:\/\/blog.polityka.pl\/passent\/wp-json\/wp\/v2\/comments?post=3037"}],"version-history":[{"count":7,"href":"https:\/\/blog.polityka.pl\/passent\/wp-json\/wp\/v2\/posts\/3037\/revisions"}],"predecessor-version":[{"id":3045,"href":"https:\/\/blog.polityka.pl\/passent\/wp-json\/wp\/v2\/posts\/3037\/revisions\/3045"}],"wp:attachment":[{"href":"https:\/\/blog.polityka.pl\/passent\/wp-json\/wp\/v2\/media?parent=3037"}],"wp:term":[{"taxonomy":"category","embeddable":true,"href":"https:\/\/blog.polityka.pl\/passent\/wp-json\/wp\/v2\/categories?post=3037"},{"taxonomy":"post_tag","embeddable":true,"href":"https:\/\/blog.polityka.pl\/passent\/wp-json\/wp\/v2\/tags?post=3037"}],"curies":[{"name":"wp","href":"https:\/\/api.w.org\/{rel}","templated":true}]}}