
{"id":304,"date":"2007-07-10T00:34:50","date_gmt":"2007-07-09T22:34:50","guid":{"rendered":"http:\/\/passent.blog.polityka.pl\/?p=304"},"modified":"2007-07-10T08:23:02","modified_gmt":"2007-07-10T06:23:02","slug":"krol-jest-nagi","status":"publish","type":"post","link":"https:\/\/blog.polityka.pl\/passent\/2007\/07\/10\/krol-jest-nagi\/","title":{"rendered":"Kr\u00f3l jest nagi"},"content":{"rendered":"<p>Wydarzenia mkn\u0105 tak szybko, \u017ce warto je uporz\u0105dkowa\u0107.<\/p>\n<p>Zaledwie kilka dni temu premier Kaczy\u0144ski i wicepremierzy Giertych oraz Lepper pili sobie z dziubk\u00f3w, trwa\u0142a kolejna szopka z odnawianiem koalicji. Kaczy\u0144ski musia\u0142 ju\u017c wtedy wiedzie\u0107, \u017ce Lepper ma ju\u017c p\u0119tl\u0119 na szyi i tylko czeka\u0142 na dogodny moment, \u017ceby j\u0105 zacisn\u0105\u0107. To zimny, wyrachowany gracz.<\/p>\n<p>Dwa dni temu u st\u00f3p Jasnej G\u00f3ry Jaros\u0142aw Kaczy\u0144ski + Rydzyk + Lepper + Giertych + Gosiewski przekazywali sobie znak pokoju. Mia\u0142 nadal rz\u0105dzi\u0107 uk\u0142ad oparty na przest\u0119pcach z Samoobrony (+ Lipiec w rz\u0105dzie), \u0142obuzach z Torunia i arogantach z PiS, kt\u00f3rzy zmierzali do autorytarnej demokracji strzelaj\u0105c z bicza na wszystko, co si\u0119 rusza \u2013 s\u0105d\u00f3w, trybuna\u0142\u00f3w i medi\u00f3w nie wy\u0142\u0105czaj\u0105c. Nie unosili jednak r\u0105k zbyt wysoko, poniewa\u017c premier mia\u0142 za pazuch\u0105 ukryty sznur na Leppera, a Rydzyk \u017cyletk\u0119 na Kaczy\u0144skich (\u017cydofile, aborcjoni\u015bci i entuzja\u015bci eutanazji.)<\/p>\n<p>Dzisiaj to wszystko zwali\u0142o si\u0119 na Kaczy\u0144skich. Najwierniejszy <a href=\"http:\/\/www.polityka.pl\/polityka\/index.jsp?place=Lead33&#038;news_cat_id=933&#038;news_id=223643&#038;layout=18&#038;forum_id=10866&#038;fpage=Threads&#038;page=text\">sojusznik Rydzyk zdradzi\u0142<\/a>, nieoceniony koalicjant i wicepremier \u2013 <a href=\"http:\/\/www.polityka.pl\/polityka\/index.jsp?place=Lead33&#038;news_cat_id=1335&#038;news_id=223619&#038;layout=18&#038;forum_id=10865&#038;fpage=Threads&#038;page=text\">recydywista zn\u00f3w w kr\u0119gu podejrzanych<\/a>, minister Lipiec, ten od odnowy moralnej w PZPN &#8211; nabroi\u0142 (\u201ew kr\u0119gu podejrzanych\u201d), piel\u0119gniarki protestuj\u0105, z Afganistanu fatalne wiadomo\u015bci, w sprawie Brukseli <a href=\"http:\/\/www.polityka.pl\/polityka\/index.jsp?place=Lead30&#038;news_cat_id=1335&#038;news_id=223300&#038;layout=18&#038;forum_id=10835&#038;fpage=Threads&#038;page=text\">grymasi nawet w\u0142asny pose\u0142 Zalewski<\/a>, w \u015bwiat idzie szkaradny wizerunek naszego kraju: wierny sojusznik z Torunia kolejny raz okazuje si\u0119 \u017cydo\u017cerc\u0105, w dodatku ma czelno\u015b\u0107 oskar\u017ca\u0107, korupcja si\u0119ga wicepremiera, dealer narkotyk\u00f3w w pa\u0142acu prezydenckim, w Brukseli nie zrobili\u015bmy konkiety, Giertych nas kompromituje i zaciera r\u0105czki z powodu wyskok\u00f3w Rydzyka, trz\u0119sie si\u0119 fotel pod premierem, a tron pod prezydentem te\u017c nie jest wieczny.<\/p>\n<p>W sumie szambo si\u0119 rozla\u0142o. Mimo smrodu i wstydu, to by\u0142 dobry weekend dla Polski. Wrz\u00f3d p\u0119k\u0142, a to jest podstawowy warunek powrotu do zdrowia. Zawodowi komentatorzy b\u0119d\u0105 twierdzi\u0107, \u017ce Kaczy\u0144ski wydoi\u0142 koalicjant\u00f3w, dosta\u0142 CBA, rozwi\u0105za\u0142 s\u0142u\u017cby obsadzi\u0142 wszystkie mo\u017cliwe stanowiska, wi\u0119c koalicjant\u00f3w, kt\u00f3rzy go kompromituj\u0105, ju\u017c nie potrzebuje. B\u0119d\u0105 podziwia\u0107 ucieczk\u0119 premiera do przodu, b\u0119d\u0105 cmoka\u0107 nad kolejnym ruchem genialnego stratega, kt\u00f3ry usuwaj\u0105c Leppera odwr\u00f3ci\u0142 uwag\u0119 od swojego przyjaciela Rydzyka, umocni\u0142 sw\u00f3j wizerunek Augiasza w stajni, jak\u0105 jest Polska. To jest \u201eoczywista oczywisto\u015b\u0107\u201d. Zdumiewaj\u0105ce, jak po rewelacjach dotycz\u0105cych Rydzyka, wygadani zazwyczaj pos\u0142owie PiS nabrali wody w usta. Nagle zamilkli rewelersi &#8211; Karski, Gosiewski, Cyma\u0144ski, Kuchci\u0144ski, Kurski \u2013 kt\u00f3rzy nie wychodzili z medi\u00f3w. Jedna tylko pos\u0142anka Szczypi\u0144ska \u015bpiewa solo wystawiona przed kurtyn\u0119 milczenia. Nawet premier Kaczy\u0144ski wstrzyma\u0142 si\u0119 od komentarza, cho\u0107 w innych przypadkach wszyscy oni s\u0105 pierwsi do ferowania wyrok\u00f3w, nawet za s\u0105d w Chicago i za rz\u0105d w Szwajcarii. Sprawna do niedawna i naoliwiona maszynka \u201eMade by PiS\u201d sypie si\u0119 na naszych oczach.<\/p>\n<p>Nie jest wa\u017cne, czy wybory odb\u0119d\u0105 si\u0119 we wrze\u015bniu, w lutym, czy nawet za dwa lata. Wa\u017cne, \u017ce wrz\u00f3d p\u0119k\u0142, szaty opad\u0142y i kr\u00f3l jest nagi.<\/p>\n<p><strong>PS<\/strong>. Sensacja goni sensacj\u0119, nie ma kiedy cieszy\u0107 si\u0119, \u017ce Belka i Balcerowicz kandyduj\u0105 na szefa MFW. Jaka\u017c to ironia losu \u2013 wzgardzeni przez rz\u0105dz\u0105cych w Polsce, zamiast by\u0107 docenieni i wykorzystani w ojczy\u017anie, \u201emusieli odej\u015b\u0107\u201d i zbieraj\u0105 wyrazy uznania za granic\u0105. A nam pozosta\u0142y odrzuty z eksportu.<\/p>\n","protected":false},"excerpt":{"rendered":"<p>Wydarzenia mkn\u0105 tak szybko, \u017ce warto je uporz\u0105dkowa\u0107. Zaledwie kilka dni temu premier Kaczy\u0144ski i wicepremierzy Giertych oraz Lepper pili sobie z dziubk\u00f3w, trwa\u0142a kolejna szopka z odnawianiem koalicji. Kaczy\u0144ski musia\u0142 ju\u017c wtedy wiedzie\u0107, \u017ce Lepper ma ju\u017c p\u0119tl\u0119 na szyi i tylko czeka\u0142 na dogodny moment, \u017ceby j\u0105 zacisn\u0105\u0107. To zimny, wyrachowany gracz. Dwa [&hellip;]<\/p>\n","protected":false},"author":4,"featured_media":0,"comment_status":"open","ping_status":"open","sticky":false,"template":"","format":"standard","meta":{"footnotes":""},"categories":[1],"tags":[],"_links":{"self":[{"href":"https:\/\/blog.polityka.pl\/passent\/wp-json\/wp\/v2\/posts\/304"}],"collection":[{"href":"https:\/\/blog.polityka.pl\/passent\/wp-json\/wp\/v2\/posts"}],"about":[{"href":"https:\/\/blog.polityka.pl\/passent\/wp-json\/wp\/v2\/types\/post"}],"author":[{"embeddable":true,"href":"https:\/\/blog.polityka.pl\/passent\/wp-json\/wp\/v2\/users\/4"}],"replies":[{"embeddable":true,"href":"https:\/\/blog.polityka.pl\/passent\/wp-json\/wp\/v2\/comments?post=304"}],"version-history":[{"count":0,"href":"https:\/\/blog.polityka.pl\/passent\/wp-json\/wp\/v2\/posts\/304\/revisions"}],"wp:attachment":[{"href":"https:\/\/blog.polityka.pl\/passent\/wp-json\/wp\/v2\/media?parent=304"}],"wp:term":[{"taxonomy":"category","embeddable":true,"href":"https:\/\/blog.polityka.pl\/passent\/wp-json\/wp\/v2\/categories?post=304"},{"taxonomy":"post_tag","embeddable":true,"href":"https:\/\/blog.polityka.pl\/passent\/wp-json\/wp\/v2\/tags?post=304"}],"curies":[{"name":"wp","href":"https:\/\/api.w.org\/{rel}","templated":true}]}}