
{"id":305,"date":"2007-07-11T00:01:24","date_gmt":"2007-07-10T22:01:24","guid":{"rendered":"http:\/\/passent.blog.polityka.pl\/?p=305"},"modified":"2007-07-11T09:26:50","modified_gmt":"2007-07-11T07:26:50","slug":"swieta-krowa","status":"publish","type":"post","link":"https:\/\/blog.polityka.pl\/passent\/2007\/07\/11\/swieta-krowa\/","title":{"rendered":"\u015awi\u0119ta krowa"},"content":{"rendered":"<p><a href=\"http:\/\/www.polityka.pl\/polityka\/index.jsp?place=Lead33&#038;news_cat_id=933&#038;news_id=223643&#038;layout=18&#038;forum_id=10866&#038;fpage=Threads&#038;page=text\">Ojciec Rydzyk to \u015bwi\u0119ta krowa III i IV RP<\/a>. Rozumiem, \u017ce ba\u0142y si\u0119 go komuchy, kt\u00f3re mia\u0142y w pami\u0119ci t\u0119pienie Ko\u015bcio\u0142a przez komunist\u00f3w, zanim po 1956 roku zacz\u0119li si\u0119 z Ko\u015bcio\u0142em czubi\u0107 i lubi\u0107. Ale w IV RP nieustraszeni bracia Kaczy\u0144scy \u2013 prezydent i premier \u2013 oraz sumienie narodu w postaci Episkopatu pozwalaj\u0105 plu\u0107 w twarz sobie i wszystkim przyzwoitym ludziom, ju\u017c nie tylko w Polsce, ale i zagranic\u0105. \u017beby Centrum Wiesenthala w Los Angeles musia\u0142o apelowa\u0107 o wyciszenie Tadeusza Rydzyka, to\u017c to wstyd na ca\u0142y \u015bwiat, gdy\u017c dotychczas ludzie Szymona Wiesenthala znani byli przede wszystkim z polowania na zbrodniarzy hitlerowskich, a nawet funkcjonariuszy w rodzaju Kurta Waldheima.<\/p>\n<p>Ojciec Rydzyk to \u0142ajdak najgorszego gatunku, a cackaj\u0105c si\u0119 z nim w\u0142adze polskie, koalicja rz\u0105dz\u0105ca, daj\u0105 najgorszy przyk\u0142ad cynizmu i wyrachowania. Poniewa\u017c Radio Maryja reprezentuje kilka procent wyborc\u00f3w potrzebnych pp. Kaczy\u0144skim \u017ceby rz\u0105dzi\u0107, koalicja odnowy moralnej, wzmo\u017cenia moralnego, oczyszczenia i B\u00f3g wie czego jeszcze, pozwala depta\u0107 pami\u0119\u0107 milion\u00f3w ofiar Zag\u0142ady, a poza tym naplu\u0107 w twarz prezydentowi i premierowi, tak zazwyczaj wra\u017cliwym na punkcie traktowania swojego majestatu, naszego kraju oraz jego wizerunku w \u015bwiecie.<\/p>\n<p>Prezydent, kt\u00f3ry miota si\u0119 pomi\u0119dzy ods\u0142oni\u0119ciem pomnika Kurasia z bandy \u201eOgnia\u201d, a wmurowaniem kamienia w\u0119gielnego pod muzeum historii \u017byd\u00f3w, znosi te zniewagi ze zdumiewaj\u0105cym opanowaniem. Z powodu jednego g\u0142upiego kartofla prezydent a\u017c si\u0119 gotowa\u0142, minister Spraw Zagranicznych wyst\u0119powa\u0142a z roszczeniami pod adresem w\u0142adz niemieckich, pose\u0142 Gosiewski wspomina\u0142 o mi\u0119dzynarodowym li\u015bcie go\u0144czym itd. itp. (po Niemcach sp\u0142yn\u0119\u0142o to jak woda po kaczce). Z powodu bredni jednego bezdomnego na dworcu w Warszawie postawili na nogi policj\u0119. A teraz maj\u0105 w zasi\u0119gu reki faceta, kt\u00f3ry naubli\u017ca\u0142 prezydentowi, jego szanownej ma\u0142\u017conce, o\u015bmieszy\u0142 dw\u00f3ch i p\u00f3\u0142 wicepremier\u00f3w (po\u0142\u00f3wk\u0119 stanowi\u0142 Lepper, kt\u00f3ry jedn\u0105 nog\u0105 by\u0142 ju\u017c <a target=\"_blank\" href=\"http:\/\/www.polityka.pl\/polityka\/index.jsp?place=Lead33&#038;news_cat_id=1335&#038;news_id=223619&#038;layout=18&#038;forum_id=10865&#038;fpage=Threads&#038;page=text\">wykopany na out<\/a>), wys\u0142uchuj\u0105 oskar\u017ce\u0144 o uleganie \u017cydowskiemu lobby, o czynienie \u017bydom kosztownych podarunk\u00f3w z ziemi w Warszawie (tej ziemi, na kt\u00f3rej by\u0142o Getto, w kt\u00f3r\u0105 wsi\u0105k\u0142a krew setek tysi\u0119cy \u017byd\u00f3w), i jako\u015b nie gotuj\u0105 si\u0119 z\u0142o\u015bci, musz\u0105 sprawdzi\u0107 autentyczno\u015b\u0107, rozwa\u017cy\u0107 w kontek\u015bcie etc.<\/p>\n<p>Premier, kt\u00f3ry tak \u0142atwo idzie w g\u00f3r\u0119, kt\u00f3ry m\u00f3wi o furiackich atakach, o paranoi, o ZOMO, zachowuje si\u0119 jak gdyby nic wielkiego si\u0119 nie sta\u0142o. W pierwszej chwili PIS-owcy zamilkli jak na komend\u0119, wystawiaj\u0105c tylko p. Szczypi\u0144sk\u0105, a potem, kiedy odzyskali ju\u017c g\u0142os, zacz\u0119li opowiada\u0107 banialuki. Z\u0142otousty pose\u0142 Cyma\u0144ski w TVN 24 bredzi\u0142, \u017ce Rydzyk powinien przeprosi\u0107 kobiet\u0119, nawet je\u017celi nie uwa\u017ca, \u017ce post\u0105pi\u0142 \u017ale. Tylko kretyn mo\u017ce sprowadza\u0107 s\u0142owa Rydzyka do s\u0142\u00f3w Kurskiego na temat torebki, za kt\u00f3re ma spraw\u0119 w PiS. Je\u017celi o takie nic trafia si\u0119 przed oblicze rzecznika dyscyplinarnego, i to z inicjatywy prezesa\/premiera, to jak ten premier powinien zareagowa\u0107 na s\u0142owa Rydzyka. Oni rzeczywi\u015bcie nie zdaj\u0105 sobie sprawy z ha\u0144by, jak\u0105 Rydzyk sprowadza na Polsk\u0119, na nich samych oraz na nas wszystkich.<\/p>\n<p>Skoro bredzili o wizerunku Polski, o zorganizowanej, inspirowanej z kraju antypolskiej kampanii \u015bwiatowych medi\u00f3w, to ju\u017c teraz wiedz\u0105, kto t\u0119 kampani\u0119 inspiruje \u2013 Tadeusz Rydzyk oraz wszyscy, kt\u00f3rzy mu pob\u0142a\u017caj\u0105 (podobnie jak nie mog\u0105 pogardzi\u0107 g\u0142osami pos\u0142\u00f3w Samoobrony, a usta maj\u0105 pe\u0142ne odnowy moralnej). Jako\u015b nie wida\u0107, \u017ceby pod domem rasisty z Torunia pojawili si\u0119 funkcjonariusze, jako\u015b nie wida\u0107 o\u015bwiadczenia rz\u0105du polskiego, jako\u015b nie s\u0142ycha\u0107 w tej sprawie klub\u00f3w poselskich wybranych g\u0142osami m.in. elektoratu radio-maryjnego. A gdzie jest pani Kruk i KRRiTV? Gdzie jest minister edukacji, wicepremier Giertych \u2013 wszak paskudne s\u0142owa Rydzyka, ujawnione przez \u201eWprost\u201d, skierowane by\u0142y do student\u00f3w, i to w dodatku Wy\u017cszej Szko\u0142y Kultury (!!!) Spo\u0142ecznej i Medialnej.<\/p>\n<p>I potem panowie si\u0119 dziwi\u0105, \u017ce Polska ma zagranic\u0105 tak\u0105 reputacj\u0119, jaka ma. My\u015bl\u0119 o moich przyjacio\u0142ach z Nowego Jorku, Beli i Bernardzie, kt\u00f3rzy wywodz\u0105 si\u0119 z Krosna, ocaleli z Holocaustu, po wojnie trafili do USA i od tamtego czasu omijaj\u0105 Niemcy oraz Polsk\u0119 szerokim \u0142ukiem, nigdy tu nie przyjechali. Staram im si\u0119 t\u0142umaczy\u0107, \u017ce dzisiejsza Polska jest inna, wysy\u0142am im miesi\u0119cznik \u201eMidrasz\u201d (ostatnio ukaza\u0142 si\u0119 numer w j\u0119zyku angielskim), ale wystarczy, \u017ceby przeczytali najnowsze doniesienia z Polski, \u017ceby pozostali przy swoim.<\/p>\n<p>To, co si\u0119 dzieje, przynosi Polsce ogromne szkody, to wstyd na ca\u0142y \u015bwiat.<\/p>\n","protected":false},"excerpt":{"rendered":"<p>Ojciec Rydzyk to \u015bwi\u0119ta krowa III i IV RP. Rozumiem, \u017ce ba\u0142y si\u0119 go komuchy, kt\u00f3re mia\u0142y w pami\u0119ci t\u0119pienie Ko\u015bcio\u0142a przez komunist\u00f3w, zanim po 1956 roku zacz\u0119li si\u0119 z Ko\u015bcio\u0142em czubi\u0107 i lubi\u0107. Ale w IV RP nieustraszeni bracia Kaczy\u0144scy \u2013 prezydent i premier \u2013 oraz sumienie narodu w postaci Episkopatu pozwalaj\u0105 plu\u0107 w [&hellip;]<\/p>\n","protected":false},"author":4,"featured_media":0,"comment_status":"open","ping_status":"open","sticky":false,"template":"","format":"standard","meta":{"footnotes":""},"categories":[1],"tags":[],"_links":{"self":[{"href":"https:\/\/blog.polityka.pl\/passent\/wp-json\/wp\/v2\/posts\/305"}],"collection":[{"href":"https:\/\/blog.polityka.pl\/passent\/wp-json\/wp\/v2\/posts"}],"about":[{"href":"https:\/\/blog.polityka.pl\/passent\/wp-json\/wp\/v2\/types\/post"}],"author":[{"embeddable":true,"href":"https:\/\/blog.polityka.pl\/passent\/wp-json\/wp\/v2\/users\/4"}],"replies":[{"embeddable":true,"href":"https:\/\/blog.polityka.pl\/passent\/wp-json\/wp\/v2\/comments?post=305"}],"version-history":[{"count":0,"href":"https:\/\/blog.polityka.pl\/passent\/wp-json\/wp\/v2\/posts\/305\/revisions"}],"wp:attachment":[{"href":"https:\/\/blog.polityka.pl\/passent\/wp-json\/wp\/v2\/media?parent=305"}],"wp:term":[{"taxonomy":"category","embeddable":true,"href":"https:\/\/blog.polityka.pl\/passent\/wp-json\/wp\/v2\/categories?post=305"},{"taxonomy":"post_tag","embeddable":true,"href":"https:\/\/blog.polityka.pl\/passent\/wp-json\/wp\/v2\/tags?post=305"}],"curies":[{"name":"wp","href":"https:\/\/api.w.org\/{rel}","templated":true}]}}