
{"id":3057,"date":"2015-10-11T20:45:39","date_gmt":"2015-10-11T18:45:39","guid":{"rendered":"http:\/\/passent.blog.polityka.pl\/?p=3057"},"modified":"2015-10-11T23:07:44","modified_gmt":"2015-10-11T21:07:44","slug":"koniec-epoki-plemiennej","status":"publish","type":"post","link":"https:\/\/blog.polityka.pl\/passent\/2015\/10\/11\/koniec-epoki-plemiennej\/","title":{"rendered":"Koniec epoki plemiennej?"},"content":{"rendered":"<p>Niczego dobrego po tych wyborach do parlamentu nie nale\u017cy si\u0119 spodziewa\u0107. Zwyci\u0119stwo PiS czy Zjednoczonej Prawicy (im wi\u0119ksze \u2013 tym gorzej) nie musi jednak oznacza\u0107 psucia gospodarki, bo nie wierz\u0119, \u017ceby ta partia usi\u0142owa\u0142a w pe\u0142ni dotrzyma\u0107 obietnic wyborczych.<br \/>\n<!--more--><br \/>\nRaczej b\u0119dzie tak jak z reform\u0105 systemu emerytalnego \u2013 wersja z\u0142agodzona b\u0105d\u017a \u017cadna. Nie s\u0105dz\u0119, \u017ceby PiS and Co. odwa\u017cyli si\u0119 na niezb\u0119dne drastyczne kroki w g\u00f3rnictwie czy w KRUS. Gospodarki nie zepsuj\u0105 \u2013 zepsuj\u0105 pa\u0144stwo, zatruj\u0105 umys\u0142y i instytucje, media publiczne, zacznie si\u0119 d\u0142ubanina przy Konstytucji na rzecz wi\u0119kszej centralizacji w\u0142adzy w r\u0119kach prezydenta i jego zaplecza, powr\u00f3t prokuratury do rz\u0105du i wykorzystanie tego narz\u0119dzia przy ka\u017cdej okazji, rozmywanie niezale\u017cno\u015bci s\u0105d\u00f3w przy pomocy nowego trybuna\u0142u, wprowadzanie czynnika spo\u0142ecznego (czytaj: politycznego), wi\u0119ksze uprawnienia dla ministra sprawiedliwo\u015bci (czytaj: czynnika politycznego). Wszystko to zgodnie z wcze\u015bniejszymi zapowiedziami Prawa i Sprawiedliwo\u015bci.<\/p>\n<p>W polityce zagranicznej, mimo ognistej retoryki godno\u015bciowo-presti\u017cowej, nie nale\u017cy oczekiwa\u0107 wi\u0119kszych zmian i sukces\u00f3w, jak cho\u0107by odzyskanie wraku i czarnych skrzynek, gdy\u017c na to nie pozwalaj\u0105 okoliczno\u015bci zewn\u0119trzne. G\u0142\u00f3wnym wrogiem pozostanie Rosja, g\u0142\u00f3wnym sojusznikiem \u2013 USA, z Unii Europejskiej b\u0119dziemy ci\u0105gn\u0105\u0107, ile si\u0119 da, oferuj\u0105c w zamian jak najmniej, co grozi os\u0142abieniem naszej pozycji. Pr\u0119\u017cenie ramion w okolicach Wyszehradu i Weimaru ma\u0142o kogo wzruszy, gdy\u017c nawet trio  Duda \u2013 Ujazdowski &#8211; Gowin (je\u015bli dojdzie do w\u0142adzy!) nie poprawi miejsca Polski w Europie.<\/p>\n<p>Najwi\u0119ksze zmiany zapowiadaj\u0105 si\u0119 w sferze ideologicznej \u2013 \u017cadnych nowinek obyczajowych, wszystko zgodnie z klauzul\u0105 sumienia definiowanego przez episkopat. Pe\u0142na harmonia w stosunkach Ko\u015bci\u00f3\u0142 \u2013 pa\u0144stwo, z akcentem na to pierwsze. Ideologiczna \u201epierekowka\u201d, wi\u0119cej nauczania historii poprawnej politycznie (mniej samobiczowania i kajania si\u0119, wi\u0119cej dumy i samozadowolenia), wi\u0119cej Smole\u0144ska, media publiczne narodowe w formie i w tre\u015bci, bez rozmaitych Lis\u00f3w, ca\u0142a w\u0142adza w r\u0119ce tych, kt\u00f3rzy ju\u017c raz si\u0119 sprawdzili (Joanna Lichocka i Krzysztof Czaba\u0144ski &#8211; wzorem), presja na media prywatne, odcinanie od reklam i og\u0142osze\u0144, nie tylko instytucji pa\u0144stwowych, ale i przedsi\u0119biorstw prywatnych, kt\u00f3re w Krynicy wybra\u0142y cz\u0142owieka roku. Zmiany w polityce kulturalnej, mniej sztuki zdegenerowanej, wi\u0119cej kultury, kt\u00f3ra \u0142\u0105czy i zespala wok\u00f3\u0142 warto\u015bci jasnog\u00f3rskich i narodowo-patriotycznych, wi\u0119cej dumy \u2013 mniej posypywania g\u0142owy popio\u0142em. Wi\u0119cej znanych twarzy &#8211; prezesa, Macierewicza, Brudzi\u0144skiego, Ujazdowskiego, Sasina, SKOK-\u00f3w, Gowina, Ziobry. Wi\u0119cej ujawniania afer, skandali, g\u0119siarek, ta\u015bm z pods\u0142uchanymi przez nieznanych sprawc\u00f3w rozmowami. Nie zdziwi\u0142bym si\u0119, gdyby jakie\u015b ta\u015bmy pojawi\u0142y si\u0119 w nadchodz\u0105cym tygodniu &#8211; dw\u00f3ch. A na czele pa\u0144stwa prezydent &#8211; jak kto\u015b okre\u015bli\u0142 \u2013 nowoczesny w formie, konserwatywny w tre\u015bci, inteligentny, ruchliwy, sprawny, pe\u0142en energii, ale id\u0105cy r\u0119ka w r\u0119k\u0119 z parti\u0105 i rz\u0105dem.<\/p>\n<p>Ewentualne, raczej wy\u0142\u0105cznie teoretyczne, zwyci\u0119stwo Platformy tak\u017ce nie nastraja optymistycznie. Partia zm\u0119czona, wyczerpana, niejednolita, nieporadna, nieudolna, partia wielu b\u0142\u0119d\u00f3w, wpadek, zegark\u00f3w, Totolotka, owszem \u2013 obliczalna, proeuropejska, tolerancyjna, rozs\u0105dna w sprawach gospodarczych, bardziej nowoczesna w kwestiach obyczajowych, kulturalnych, artystycznych, bez obsesji takich jak Smole\u0144sk czy polityka historyczna, bez m\u015bciwo\u015bci, bez wygra\u017cania mediom, ale i bez entuzjazmu, bez ducha walki, kt\u00f3rego wykazuje tylko Ewa Kopacz. Im wi\u0119cej g\u0142os\u00f3w Platforma dostanie, tym lepiej dla przysz\u0142ej opozycji i kontroli rz\u0105du. Mo\u017ce w nowej roli odnajdzie si\u0119 lepiej.<\/p>\n<p>No i wreszcie istotne novum: Nowoczesna, Zjednoczona Lewica, Kukiz&#8217;15, PSL, Korwin. Gdyby te maluchy w sumie zyska\u0142y 20\u201330 procent g\u0142os\u00f3w, to krajobraz polityczny uleg\u0142by istotnej i jak\u017ce potrzebnej zmianie. Nie wnikam w szczeg\u00f3\u0142y, bo silna lewica to co innego ni\u017c mocny Kukiz, ale przynajmniej \u017caden z dw\u00f3ch g\u0142\u00f3wnych protagonist\u00f3w nie mia\u0142by ca\u0142kiem wolnych r\u0105k. A zdecydowane zwyci\u0119stwo Zjednoczonej Prawicy to nawr\u00f3t IV RP.<\/p>\n","protected":false},"excerpt":{"rendered":"<p>Niczego dobrego po tych wyborach do parlamentu nie nale\u017cy si\u0119 spodziewa\u0107. Zwyci\u0119stwo PiS czy Zjednoczonej Prawicy (im wi\u0119ksze \u2013 tym gorzej) nie musi jednak oznacza\u0107 psucia gospodarki, bo nie wierz\u0119, \u017ceby ta partia usi\u0142owa\u0142a w pe\u0142ni dotrzyma\u0107 obietnic wyborczych.<\/p>\n","protected":false},"author":4,"featured_media":0,"comment_status":"open","ping_status":"closed","sticky":false,"template":"","format":"standard","meta":{"footnotes":""},"categories":[1],"tags":[],"_links":{"self":[{"href":"https:\/\/blog.polityka.pl\/passent\/wp-json\/wp\/v2\/posts\/3057"}],"collection":[{"href":"https:\/\/blog.polityka.pl\/passent\/wp-json\/wp\/v2\/posts"}],"about":[{"href":"https:\/\/blog.polityka.pl\/passent\/wp-json\/wp\/v2\/types\/post"}],"author":[{"embeddable":true,"href":"https:\/\/blog.polityka.pl\/passent\/wp-json\/wp\/v2\/users\/4"}],"replies":[{"embeddable":true,"href":"https:\/\/blog.polityka.pl\/passent\/wp-json\/wp\/v2\/comments?post=3057"}],"version-history":[{"count":3,"href":"https:\/\/blog.polityka.pl\/passent\/wp-json\/wp\/v2\/posts\/3057\/revisions"}],"predecessor-version":[{"id":3060,"href":"https:\/\/blog.polityka.pl\/passent\/wp-json\/wp\/v2\/posts\/3057\/revisions\/3060"}],"wp:attachment":[{"href":"https:\/\/blog.polityka.pl\/passent\/wp-json\/wp\/v2\/media?parent=3057"}],"wp:term":[{"taxonomy":"category","embeddable":true,"href":"https:\/\/blog.polityka.pl\/passent\/wp-json\/wp\/v2\/categories?post=3057"},{"taxonomy":"post_tag","embeddable":true,"href":"https:\/\/blog.polityka.pl\/passent\/wp-json\/wp\/v2\/tags?post=3057"}],"curies":[{"name":"wp","href":"https:\/\/api.w.org\/{rel}","templated":true}]}}