
{"id":3061,"date":"2015-10-15T18:52:44","date_gmt":"2015-10-15T16:52:44","guid":{"rendered":"http:\/\/passent.blog.polityka.pl\/?p=3061"},"modified":"2015-10-15T19:32:43","modified_gmt":"2015-10-15T17:32:43","slug":"uwertura","status":"publish","type":"post","link":"https:\/\/blog.polityka.pl\/passent\/2015\/10\/15\/uwertura\/","title":{"rendered":"Uwertura"},"content":{"rendered":"<p>Zaczn\u0119 nie na temat, tylko od nominacji do Narodowej Rady Rozwoju, kt\u00f3rej utworzenie zapowiada\u0142 prezydent Andrzej Duda jeszcze w kampanii wyborczej. I obietnicy dotrzyma\u0142.<br \/>\n<!--more--><br \/>\nSam mam do tej inicjatywy stosunek beznami\u0119tny. Z jednej strony \u2013 jeszcze jedno cia\u0142o, jeszcze jeden byt, z drugiej \u2013 a mo\u017ce tym razem co\u015b dobrego z tego wyniknie, dajmy Panu Bogu szans\u0119.<\/p>\n<p>Co si\u0119 tyczy sk\u0142adu Rady, to wielu nazwisk nie znam, wi\u0119c ich nie oceniam. Ciesz\u0105 mnie m.in. prof. Stanis\u0142aw Gomu\u0142ka, prof. El\u017cbieta M\u0105czy\u0144ska \u2013 prezes Polskiego Towarzystwa Ekonomicznego, gratuluj\u0119, nie dalej jak wczoraj mia\u0142em zaszczyt go\u015bci\u0107 J\u0105 w radiu TOK FM. Poza tym prof. Witold Or\u0142owski (by\u0142y doradca prezydenta Kwa\u015bniewskiego), prof. Adam Daniel Rotfeld, kt\u00f3rego przedstawia\u0107 nie trzeba (gratuluj\u0119!), prof. Dariusz Stola \u2013 historyk, dyrektor Muzeum Historii \u017byd\u00f3w Polskich, dwukrotny laureat Nagrody Historycznej POLITYKI, dr Marek Balicki \u2013 dyrektor Szpitala Biela\u0144skiego, by\u0142y minister zdrowia.<\/p>\n<p>Mniejszy entuzjazm budz\u0105 we mnie dr hab. Ryszard Bugaj, znany architekt Czes\u0142aw Bielecki i prof. dr Witold Modzelewski, specjalista od podatk\u00f3w. Widzia\u0142bym za to prof. Karola Modzelewskiego. Nie podejmuj\u0119 si\u0119 odmierza\u0107 zakresu pluralizmu w powo\u0142anym sk\u0142adzie, kt\u00f3ry jest widoczny, ale nie s\u0105dz\u0119, \u017ce jedynym reprezentantem bardzo zr\u00f3\u017cnicowanych medi\u00f3w powinien by\u0107 Bronis\u0142aw Wildstein. Jego obecno\u015b\u0107 powinien r\u00f3wnowa\u017cy\u0107 kto\u015b z lewicy, np. S\u0142awomir Sierakowski lub Jacek \u017bakowski.<\/p>\n<p>W sk\u0142adzie Rady brakuje mi przedstawicieli \u015bwiata kultury i o\u015bwiaty, bez kt\u00f3rych trudno m\u00f3wi\u0107 o rozwoju.<\/p>\n<p>I to by by\u0142o na tyle. A skoro ju\u017c jestem przy kulturze, to zwracam uwag\u0119, \u017ce narasta tendencja do traktowania kultury jako narz\u0119dzia ideologicznego, a nawet jako broni ideologicznej. \u201eKultura to or\u0119\u017c, kt\u00f3rym si\u0119 atakuje, mo\u017cna nim przeciwnika niszczy\u0107, os\u0142abia\u0107, podsuwa\u0107 mu fa\u0142szywe wyobra\u017cenia o w\u0142asnym po\u0142o\u017ceniu lub intencjach innych pa\u0144stw\u201d \u2013 pisze Jakub Pacan (\u201eRz\u201d. 5 X). Zdaniem autora, przedstawianego jako publicysta, \u201ePolski w dziedzinie tworzenia nowych idei czy wzorc\u00f3w kulturowych po prostu nie ma. Bij\u0105 nas pod tym wzgl\u0119dem Czesi, a nawet Litwini\u201d. Polskie elity s\u0105 rzekomo \u201e\u015blepe\u201d na sprawy \u201ebezpiecze\u0144stwa kulturowego\u201d. Jako zagro\u017cenia wymienia autor ateizacj\u0119, laicyzacj\u0119, uleganie zachodnim wzorcom, kompleks ni\u017cszo\u015bci wobec Zachodu, \u201eniech\u0119\u0107 czy wr\u0119cz nienawi\u015b\u0107 do w\u0142asnej narodowej wsp\u00f3lnoty\u201d. Autor apeluje do nowych w\u0142adz, by \u201ezarz\u0105dza\u0142y reputacj\u0105\u201d Polski.<\/p>\n<p>Dla mnie takie rozumowanie oznacza zimnowojenne i uproszczone podej\u015bcie do kultury, widzi w niej nie tyle sfer\u0119 samoistn\u0105, kt\u00f3ra rz\u0105dzi si\u0119 w\u0142asnymi prawami i warto\u015bciami, ile narz\u0119dzie walki, kt\u00f3rym mo\u017cna ok\u0142ada\u0107 przeciwnika i broni\u0107 si\u0119 przed jego (urojonymi?) ciosami. Przypomina to traktowanie jazzu jako narz\u0119dzia imperialist\u00f3w ameryka\u0144skich w latach 50. Oczywi\u015bcie, amunicja podlega innym kryteriom oceny ni\u017c dzie\u0142a kultury. Te ostatnie mo\u017cna \u0142atwo zakwestionowa\u0107, zadaj\u0105c sakramentalne pytanie: \u201eKomu to s\u0142u\u017cy?\u201d. Jest sztuka dobra i sztuka z\u0142a \u2013 m\u00f3wi prezes Kaczy\u0144ski. Sztuka dobra to taka, kt\u00f3ra wzmacnia wsp\u00f3lnot\u0119, a z\u0142a to taka, kt\u00f3ry niszczy wsp\u00f3lnot\u0119 i atakuje warto\u015bci chrze\u015bcija\u0144skie. Coraz bardziej prawdopodobna w\u0142adza prawicy ju\u017c zapowiada, \u017ce sztuk\u0119 nies\u0142uszn\u0105 (czytaj: zdegenerowan\u0105), je\u015bli wolno b\u0119dzie tworzy\u0107, to za w\u0142asne, prywatne pieni\u0105dze. Wolno\u015b\u0107 kosztuje!  Amunicja, jak wiadomo, jest kosztowna. \u201eMasakra\u201d \u2013 komentuje Agnieszka Holland, \u201enonsens i karykatura\u201d &#8211; m\u00f3wi Eustachy Rylski w \u201eNewsweeku\u201d. <\/p>\n<p>Poniewa\u017c zmiany w kulturze i w mediach publicznych jest o wiele \u0142atwiej wprowadzi\u0107 ni\u017c w gospodarce, nauce, o\u015bwiacie czy w s\u0142u\u017cbie zdrowia \u2013 to b\u0119dzie w\u0142a\u015bnie uwertura.<\/p>\n","protected":false},"excerpt":{"rendered":"<p>Zaczn\u0119 nie na temat, tylko od nominacji do Narodowej Rady Rozwoju, kt\u00f3rej utworzenie zapowiada\u0142 prezydent Andrzej Duda jeszcze w kampanii wyborczej. I obietnicy dotrzyma\u0142.<\/p>\n","protected":false},"author":4,"featured_media":0,"comment_status":"open","ping_status":"closed","sticky":false,"template":"","format":"standard","meta":{"footnotes":""},"categories":[1],"tags":[],"_links":{"self":[{"href":"https:\/\/blog.polityka.pl\/passent\/wp-json\/wp\/v2\/posts\/3061"}],"collection":[{"href":"https:\/\/blog.polityka.pl\/passent\/wp-json\/wp\/v2\/posts"}],"about":[{"href":"https:\/\/blog.polityka.pl\/passent\/wp-json\/wp\/v2\/types\/post"}],"author":[{"embeddable":true,"href":"https:\/\/blog.polityka.pl\/passent\/wp-json\/wp\/v2\/users\/4"}],"replies":[{"embeddable":true,"href":"https:\/\/blog.polityka.pl\/passent\/wp-json\/wp\/v2\/comments?post=3061"}],"version-history":[{"count":3,"href":"https:\/\/blog.polityka.pl\/passent\/wp-json\/wp\/v2\/posts\/3061\/revisions"}],"predecessor-version":[{"id":3065,"href":"https:\/\/blog.polityka.pl\/passent\/wp-json\/wp\/v2\/posts\/3061\/revisions\/3065"}],"wp:attachment":[{"href":"https:\/\/blog.polityka.pl\/passent\/wp-json\/wp\/v2\/media?parent=3061"}],"wp:term":[{"taxonomy":"category","embeddable":true,"href":"https:\/\/blog.polityka.pl\/passent\/wp-json\/wp\/v2\/categories?post=3061"},{"taxonomy":"post_tag","embeddable":true,"href":"https:\/\/blog.polityka.pl\/passent\/wp-json\/wp\/v2\/tags?post=3061"}],"curies":[{"name":"wp","href":"https:\/\/api.w.org\/{rel}","templated":true}]}}