
{"id":3067,"date":"2015-10-18T23:48:56","date_gmt":"2015-10-18T21:48:56","guid":{"rendered":"http:\/\/passent.blog.polityka.pl\/?p=3067"},"modified":"2015-10-19T00:05:05","modified_gmt":"2015-10-18T22:05:05","slug":"dzis-debata-jutro-odpowiedz","status":"publish","type":"post","link":"https:\/\/blog.polityka.pl\/passent\/2015\/10\/18\/dzis-debata-jutro-odpowiedz\/","title":{"rendered":"Dzi\u015b debata \u2013 jutro odpowied\u017a"},"content":{"rendered":"<p>Dzi\u015b debata Ewa Kopacz \u2013 Beata Szyd\u0142o. Zaryzykuj\u0119, \u017ce nieznacznie przewa\u017cy pani premier, ale nie b\u0119dzie to mia\u0142o wi\u0119kszego wp\u0142ywu na wynik wybor\u00f3w.<br \/>\n<!--more--><br \/>\nNie nale\u017cy jednak debaty lekcewa\u017cy\u0107, gdy\u017c liczy si\u0119 nie tylko to, <strong>kto<\/strong> wygra wybory, ale i jak\u0105 uzyska przewag\u0119, czy zdo\u0142a rz\u0105dzi\u0107 samodzielnie (oby nie!). Dlatego debata jest jednak wa\u017cna.<\/p>\n<p>Nie spodziewam si\u0119 zbyt wiele, gdy\u017c \u017cadna z pa\u0144 nie jest polityczk\u0105 tej miary co Tusk i Kaczy\u0144ski. Beata Szyd\u0142o przypomina mi troch\u0119 gorsze wydanie prezydenta Dudy \u2013 inteligentna, bystra, opanowana, troch\u0119 sztywna, ostro\u017cna, obliczalna, pos\u0142uszna, przygotowana do odpowiedzi lub uniku, \u017cadna jej fraza nie utkwi\u0142a mi jednak w pami\u0119ci, \u017cadne potkni\u0119cie r\u00f3wnie\u017c. <\/p>\n<p>Ewa Kopacz jest bardziej energiczna, przekonana do tego, co m\u00f3wi, spontaniczna, ale te\u017c bardziej wystawiona na ciosy, gdy\u017c d\u017awiga baga\u017c o\u015bmiu lat rz\u0105du i trudno jej b\u0119dzie unika\u0107 nieustannego ostrza\u0142u, nie mo\u017ce te\u017c kapitalizowa\u0107 niezadowolenia, cho\u0107by z powodu stanu s\u0142u\u017cby zdrowia, g\u00f3rnictwa czy te\u017c zagro\u017cenia, jakie znaczna cz\u0119\u015b\u0107 spo\u0142ecze\u0144stwa czuje z powodu uchod\u017ac\u00f3w.<\/p>\n<p>Warto odnotowa\u0107 wywiad prezydenta Dudy dla TVN w osobie red. Rymanowskiego. Po pierwsze, ju\u017c sam fakt, \u017ce prezydent udzieli\u0142 wywiadu TVN \u2013 stacji, kt\u00f3r\u0105 PiS i media prawicowe ods\u0105dzaj\u0105 od czci wiary \u2013 jest nie bez znaczenia. Przecie\u017c jeszcze kilka tygodni temu panowie Czaba\u0144ski (kandydat PiS na pos\u0142a) i sp\u00f3\u0142ka wystosowali list do nowych nabywc\u00f3w TVN, \u017ceby u\u015bwiadomi\u0107 Amerykan\u00f3w, jakie \u015bwi\u0144stwo kupili. Warto doceni\u0107 gest prezydenta. Nie dziwi te\u017c, \u017ce wybra\u0142 red. Rymanowskiego.<\/p>\n<p>Co si\u0119 tyczy meritum rozmowy, to zwraca uwag\u0119 ostro\u017cno\u015b\u0107 prezydenta w takich sprawach jak np. ta, czy opublikuje za\u0142\u0105cznik do raportu o likwidacji WSI. Tu Andrzej Duda wyra\u017anie dystansuje si\u0119 od Macierewicza, kt\u00f3ry zapowiada\u0142, \u017ce prezydent opublikuje ten dokument kilka tygodni po wyborach. Prezydent Duda starannie dobiera s\u0142owa i zachowa\u0142 sobie decyzj\u0119 w tej sprawie, bez jej przes\u0105dzania.<\/p>\n<p>W niekt\u00f3rych sprawach, np. jedno\u015bci Grupy Wyszehradzkiej, prezydent wyra\u017anie kluczy\u0142. Dystansowa\u0142 si\u0119 od decyzji rz\u0105du polskiego w sprawie przyjmowania okre\u015blonej liczby uchod\u017ac\u00f3w, ale nie powiedzia\u0142 zdecydowanie \u201enie\u201d. Doci\u015bni\u0119ty, \u017ce nawet gdyby Polska by\u0142a jednomy\u015blna z pozosta\u0142ymi cz\u0142onkami grupy, to i tak nie mieliby\u015bmy wi\u0119kszo\u015bci w Unii, odpowiada nijak, czyli \u017ce nale\u017cy \u201enegocjowa\u0107\u201d. To samo w sprawie ewentualnej budowy drugiej nitki Gazoci\u0105gu P\u00f3\u0142nocnego \u2013 mo\u017cemy si\u0119 z\u017cyma\u0107, ale jakie mamy w tych sprawach narz\u0119dzia? \u201eMo\u017cemy negocjowa\u0107\u201d. W takich sprawach jak skr\u00f3cenie wieku emerytalnego prezydent odszed\u0142 od pierwotnych obietnic, ale nie zamkn\u0105\u0142 sprawy. Skar\u017cy\u0142 si\u0119, \u017ce od pierwszego dnia sprawowania urz\u0119du jest atakowany. Pami\u0119tamy jednak, \u017ce to jest nic w por\u00f3wnaniu z atakami na jego dw\u00f3ch poprzednik\u00f3w.<\/p>\n<p>Tam, gdzie prezydent mo\u017ce \u2013 sam nie okazuje zmi\u0142owania, np. w sprawie antyk\u00f3w zaginionych (ukradzionych?) z Kancelarii, wyra\u017anie wskaza\u0142 na zaniedbanie ze strony by\u0142ych urz\u0119dnik\u00f3w prezydenta Komorowskiego.<\/p>\n<p>Wyra\u017anie tak\u017ce powt\u00f3rzy\u0142, jakiego pragnie wyniku wybor\u00f3w \u2013 takiego, kt\u00f3ry zapewni spok\u00f3j, czyli rz\u0105du PiS \u2013 samego lub z koalicjantem. Trudno si\u0119 dziwi\u0107 &#8211; prezydent nie ukrywa swoich sympatii i korzeni. Trudno, \u017ceby zach\u0119ca\u0142 do g\u0142osowania na Platform\u0119, na partie mniejsze lub na koalicj\u0119 kordonow\u0105, kt\u00f3re by os\u0142abi\u0142y jego pozycj\u0119.<\/p>\n<p>Ci\u0105g dalszy kampanii w poniedzia\u0142ek wieczorem.<\/p>\n<p>PS NeferNefer: zach\u0119cam do powrotu na bloga, prosz\u0119 si\u0119 nie zniech\u0119ca\u0107 cudz\u0105 nadpobudliwo\u015bci\u0105.<\/p>\n","protected":false},"excerpt":{"rendered":"<p>Dzi\u015b debata Ewa Kopacz \u2013 Beata Szyd\u0142o. Zaryzykuj\u0119, \u017ce nieznacznie przewa\u017cy pani premier, ale nie b\u0119dzie to mia\u0142o wi\u0119kszego wp\u0142ywu na wynik wybor\u00f3w.<\/p>\n","protected":false},"author":4,"featured_media":0,"comment_status":"open","ping_status":"closed","sticky":false,"template":"","format":"standard","meta":{"footnotes":""},"categories":[1],"tags":[],"_links":{"self":[{"href":"https:\/\/blog.polityka.pl\/passent\/wp-json\/wp\/v2\/posts\/3067"}],"collection":[{"href":"https:\/\/blog.polityka.pl\/passent\/wp-json\/wp\/v2\/posts"}],"about":[{"href":"https:\/\/blog.polityka.pl\/passent\/wp-json\/wp\/v2\/types\/post"}],"author":[{"embeddable":true,"href":"https:\/\/blog.polityka.pl\/passent\/wp-json\/wp\/v2\/users\/4"}],"replies":[{"embeddable":true,"href":"https:\/\/blog.polityka.pl\/passent\/wp-json\/wp\/v2\/comments?post=3067"}],"version-history":[{"count":3,"href":"https:\/\/blog.polityka.pl\/passent\/wp-json\/wp\/v2\/posts\/3067\/revisions"}],"predecessor-version":[{"id":3070,"href":"https:\/\/blog.polityka.pl\/passent\/wp-json\/wp\/v2\/posts\/3067\/revisions\/3070"}],"wp:attachment":[{"href":"https:\/\/blog.polityka.pl\/passent\/wp-json\/wp\/v2\/media?parent=3067"}],"wp:term":[{"taxonomy":"category","embeddable":true,"href":"https:\/\/blog.polityka.pl\/passent\/wp-json\/wp\/v2\/categories?post=3067"},{"taxonomy":"post_tag","embeddable":true,"href":"https:\/\/blog.polityka.pl\/passent\/wp-json\/wp\/v2\/tags?post=3067"}],"curies":[{"name":"wp","href":"https:\/\/api.w.org\/{rel}","templated":true}]}}