
{"id":3071,"date":"2015-10-19T23:45:14","date_gmt":"2015-10-19T21:45:14","guid":{"rendered":"http:\/\/passent.blog.polityka.pl\/?p=3071"},"modified":"2015-10-20T14:07:54","modified_gmt":"2015-10-20T12:07:54","slug":"kopacz-szydlo-11","status":"publish","type":"post","link":"https:\/\/blog.polityka.pl\/passent\/2015\/10\/19\/kopacz-szydlo-11\/","title":{"rendered":"Kopacz \u2013 Szyd\u0142o 1:1"},"content":{"rendered":"<p>Niejeden czytelnik uzna, \u017ce jestem stronniczy, poniewa\u017c w jego oczach kandydatka PiS debat\u0119 przegra\u0142a: zamiast odpowiada\u0107 na pytania powtarza\u0142a w k\u00f3\u0142ko, \u017ce prezydent i rz\u0105d razem (bo wie, \u017ce z tym prezydentem rz\u0105d Platformy nie ma szans na wsp\u00f3\u0142prac\u0119), nie umia\u0142a wymieni\u0107 \u017cadnego z globalnych problem\u00f3w, przed jakimi Polska stoi, nie umia\u0142a odpowiedzie\u0107, co si\u0119 sta\u0142o z Konstytucj\u0105 PiS, czy Polska jest kondominium, uchod\u017acy przynosz\u0105 tyfus, nie umia\u0142a wyci\u0105gn\u0105\u0107 \u017cadnych nauk z b\u0142\u0119d\u00f3w rz\u0105du PiS (Kopacz dok\u0142adnie tak samo), w sprawach mi\u0119dzynarodowych nie mia\u0142a nic do powiedzenia.<br \/>\n<!--more--><br \/>\nA jednak Szyd\u0142o nie przegra\u0142a, poniewa\u017c wyuczy\u0142a si\u0119 swojej roli, nie da\u0142a si\u0119 zap\u0119dzi\u0107 w kozi r\u00f3g, powtarza\u0142a sw\u00f3j refren, \u017ce prezydent i premier razem, \u017ce prezydent Duda ma program, \u017ce afera ta\u015bmowa (zahaczona o SKOK-i po prostu je przemilcza\u0142a, dok\u0142adnie tak jak Kopacz afer\u0119 ta\u015bmow\u0105), nie da\u0142a si\u0119 wci\u0105gn\u0105\u0107 w uchod\u017ac\u00f3w, w Uni\u0119 Energetyczn\u0105, by\u0142a wystarczaj\u0105co agresywna, poczynaj\u0105c od tego, \u017ce zwraca\u0142a si\u0119 do Kopacz per \u201eprzewodnicz\u0105ca\u201d (ta mog\u0142a by\u0142a m\u00f3wi\u0107 per \u201emagister\u201d), czy odsy\u0142aj\u0105c pani\u0105 premier na \u0142awk\u0119 rezerwowych, nie chcia\u0142a odpowiedzie\u0107, czego nie uda\u0142o si\u0119 zrobi\u0107 za rz\u0105d\u00f3w PiS (pytanie podane na tacy dla Ewy Kopacz), mia\u0142a kilka populistycznych powiedze\u0144 (\u201estatystyk\u0105 nie nakarmi\u0105 si\u0119 dzieci\u201d), nie pope\u0142ni\u0142a \u017cadnych wi\u0119kszych b\u0142\u0119d\u00f3w, co jak na pierwsz\u0105 debat\u0119 nale\u017cy doceni\u0107.<\/p>\n<p>Merytorycznie w debacie przewag\u0119 mia\u0142a Ewa Kopacz, lepiej panowa\u0142a nad faktami, r\u00f3wnie zr\u0119cznie ucieka\u0142a od niewygodnych temat\u00f3w, by\u0142a zaczepna i nie zawsze mi\u0142a (np. m\u00f3wi\u0105c o prezesie per \u201epryncypa\u0142 polityczny\u201d). Ostrzega\u0142a (straszy\u0142a) przed PiS, co to b\u0119dzie, gdy oni dorw\u0105 si\u0119 do kasy itd.<\/p>\n<p>Jednak debata to nie sama wymiana argument\u00f3w, to tak\u017ce oprawa, ustawka, show, to widowisko! Ten napompowany entuzjazm pisowskiej m\u0142odzie\u017c\u00f3wki, kt\u00f3ry towarzyszy\u0142 Szyd\u0142o przed debat\u0105 i po niej, te wiwaty, ten t\u0142umek, to skandowanie, ten wiec, ta mas\u00f3wka, ten nakr\u0119cony aktyw, ten entuzjazm \u2013 udawany czy autentyczny, ale by\u0142.<\/p>\n<p>Tu\u017c po debacie pisowcy opanowali gmach TVP, a wszystko to na \u017cywo relacjonowa\u0142a TVN 24, jak gdyby gmach telewizji publicznej i kamery TVN 24 by\u0142y specjalnie wynaj\u0119te. Na tym tle premier Kopacz, w otoczeniu kilku ochroniarzy i najbli\u017cszych, odpowiada\u0142a na par\u0119 pyta\u0144 dziennikarzy, po czym zm\u0119czona ekipa (jeszcze) rz\u0105dz\u0105ca uda\u0142a si\u0119 na upragniony spoczynek, zadowolona, \u017ce nie da\u0142a plamy. Pani premier wyra\u017anie si\u0119 rozwin\u0119\u0142a, dojrza\u0142a, imponuje aktywno\u015bci\u0105 i odwag\u0105, ale nec Hercules\u2026 Dlatego w sumie oceniam wiecz\u00f3r na 1:1.<\/p>\n","protected":false},"excerpt":{"rendered":"<p>Niejeden czytelnik uzna, \u017ce jestem stronniczy, poniewa\u017c w jego oczach kandydatka PiS debat\u0119 przegra\u0142a: zamiast odpowiada\u0107 na pytania powtarza\u0142a w k\u00f3\u0142ko, \u017ce prezydent i rz\u0105d razem (bo wie, \u017ce z tym prezydentem rz\u0105d Platformy nie ma szans na wsp\u00f3\u0142prac\u0119), nie umia\u0142a wymieni\u0107 \u017cadnego z globalnych problem\u00f3w, przed jakimi Polska stoi, nie umia\u0142a odpowiedzie\u0107, co si\u0119 [&hellip;]<\/p>\n","protected":false},"author":4,"featured_media":0,"comment_status":"open","ping_status":"closed","sticky":false,"template":"","format":"standard","meta":{"footnotes":""},"categories":[1],"tags":[],"_links":{"self":[{"href":"https:\/\/blog.polityka.pl\/passent\/wp-json\/wp\/v2\/posts\/3071"}],"collection":[{"href":"https:\/\/blog.polityka.pl\/passent\/wp-json\/wp\/v2\/posts"}],"about":[{"href":"https:\/\/blog.polityka.pl\/passent\/wp-json\/wp\/v2\/types\/post"}],"author":[{"embeddable":true,"href":"https:\/\/blog.polityka.pl\/passent\/wp-json\/wp\/v2\/users\/4"}],"replies":[{"embeddable":true,"href":"https:\/\/blog.polityka.pl\/passent\/wp-json\/wp\/v2\/comments?post=3071"}],"version-history":[{"count":6,"href":"https:\/\/blog.polityka.pl\/passent\/wp-json\/wp\/v2\/posts\/3071\/revisions"}],"predecessor-version":[{"id":3077,"href":"https:\/\/blog.polityka.pl\/passent\/wp-json\/wp\/v2\/posts\/3071\/revisions\/3077"}],"wp:attachment":[{"href":"https:\/\/blog.polityka.pl\/passent\/wp-json\/wp\/v2\/media?parent=3071"}],"wp:term":[{"taxonomy":"category","embeddable":true,"href":"https:\/\/blog.polityka.pl\/passent\/wp-json\/wp\/v2\/categories?post=3071"},{"taxonomy":"post_tag","embeddable":true,"href":"https:\/\/blog.polityka.pl\/passent\/wp-json\/wp\/v2\/tags?post=3071"}],"curies":[{"name":"wp","href":"https:\/\/api.w.org\/{rel}","templated":true}]}}