
{"id":3078,"date":"2015-10-23T14:10:34","date_gmt":"2015-10-23T12:10:34","guid":{"rendered":"http:\/\/passent.blog.polityka.pl\/?p=3078"},"modified":"2015-10-23T14:45:45","modified_gmt":"2015-10-23T12:45:45","slug":"widzialy-galy","status":"publish","type":"post","link":"https:\/\/blog.polityka.pl\/passent\/2015\/10\/23\/widzialy-galy\/","title":{"rendered":"Widzia\u0142y ga\u0142y"},"content":{"rendered":"<p>G\u0142osuj na ludzi obliczalnych. Na scenie politycznej znajduj\u0105 si\u0119 ludzie obliczalni, nawiedzeni i nieobliczalni.<br \/>\n<!--more--><br \/>\nNie b\u0119d\u0119 ich wymienia\u0142, bo sami ich znacie. Wybieram tych pierwszych. Tylko ludzie obliczalni gwarantuj\u0105 umiar, rozs\u0105dek, spok\u00f3j, szacunek spo\u0142ecze\u0144stwa dla pa\u0144stwa, pa\u0144stwa dla obywateli oraz przynajmniej respekt ze strony zagranicy. Nie interesuje mnie \u017cadna misja, \u017caden kierunek: przesz\u0142o\u015b\u0107, nieustanne k\u0142\u00f3tnie, kogo by\u0142o wi\u0119cej \u2013 bohater\u00f3w czy szmalcownik\u00f3w, wykl\u0119tych czy bandyt\u00f3w, ocalonych czy zdradzonych, wdzi\u0119cznych czy niewdzi\u0119cznych, film\u00f3w propolskich czy antypolskich.<\/p>\n<p>Interesuje mnie pa\u0144stwo \u015bwieckie, w kt\u00f3rym religia jest spraw\u0105 prywatn\u0105, pa\u0144stwo i Ko\u015bci\u00f3\u0142 wsp\u00f3\u0142\u017cyj\u0105 zgodnie, ale ka\u017cde na w\u0142asny koszt. Nie interesuje mnie Konstytucja, kt\u00f3ra zawierza ca\u0142\u0105 Polsk\u0119 i ka\u017cdego jej obywatela jakiejkolwiek religii. Nie chc\u0119 by\u0107 wytykany jako obcy, nie chc\u0119, \u017ceby prezydencki minister z UJ dzieli\u0142 Polak\u00f3w na naszych i obcych. Nie chc\u0119 kraju, kt\u00f3rego nowy, wybrany przez nar\u00f3d prezydent nie raczy miesi\u0105cami zaprosi\u0107 do siebie premiera, w czasach kiedy nawet prezydent Egiptu potrafi\u0142 spotka\u0107 si\u0119 z prezydentem Izraela.<\/p>\n<p>Nie podoba mi si\u0119 fala nienawi\u015bci narodowo-prawicowej. Nie podoba mi si\u0119, kiedy \u201erepublikanie\u201d zbieraj\u0105 ta\u015bmy na \u201edemokrat\u00f3w\u201d, a \u201edemokraci\u201d popisuj\u0105 si\u0119 nieudolno\u015bci\u0105, plot\u0105 trzy po trzy w restauracjach, pozwalaj\u0105 wodzi\u0107 si\u0119 za nos politycznym kelnerom i dziennikarzom akustykom, a nawet nie umiej\u0105 zorganizowa\u0107 efektownego wyj\u015bcia ze studia TV po debacie.<\/p>\n<p>Nie odpowiadaj\u0105 mi wy\u015bcigi, kto szybciej i wi\u0119cej b\u0119dzie deklamowa\u0142 takie s\u0142owa jak godno\u015b\u0107, ojczyzna, prawda. Nie odpowiada mi uprawianie polityki przy pomocy osi\u0142k\u00f3w, kt\u00f3rzy swoimi wrzaskami i wybrykami zak\u0142\u00f3caj\u0105 spokojne zgromadzenia publiczne, nie odpowiada mi pa\u0144stwo \u015bledcze, w kt\u00f3rym cz\u0142owiek \u2013 od trzeciego pokolenia i do trzeciego pokolenia \u2013 jest nadzorowany najpierw przez IPN, a potem przez CBA. Nie podobaj\u0105 mi si\u0119 listy proskrypcyjne i pogr\u00f3\u017cki \u2013 kogo przed s\u0105d, a kogo na bruk. <\/p>\n<p>Nie podoba mi si\u0119 zabawa w chowanego z Konstytucj\u0105. Coraz bardziej wszechmocna w\u0142adza wykonawcza, coraz silniejszy prezydent, kt\u00f3ry niczym caudillo b\u0119dzie m\u00f3g\u0142 rozwi\u0105za\u0107 parlament, odwo\u0142a\u0107 ministr\u00f3w, s\u0119dzi\u00f3w, obsadza\u0107 Trybuna\u0142 Konstytucyjny wedle w\u0142asnego widzimisi\u0119, minister sprawiedliwo\u015bci, kt\u00f3ry b\u0119dzie zn\u00f3w rozkazywa\u0142 prokuratorom, grzeba\u0142 w aktach spraw s\u0105dowych, podwa\u017ca\u0142 wyroki. Nie podoba si\u0119 mi si\u0119 oddawanie si\u0142 zbrojnych w r\u0119ce ignoranta, CBA w r\u0119ce nawiedzonego z (nieprawomocnym jeszcze) wyrokiem na koncie. Nie podoba mi si\u0119 pomys\u0142, \u017ceby histori\u0119 i kultur\u0119 lepi\u0107 jak z plasteliny, tylko wed\u0142ug wersji obowi\u0105zuj\u0105cej. Jedn\u0105, oficjaln\u0105, narodowo-patriotyczno-ko\u015bcieln\u0105 wersj\u0119 historii wt\u0142acza\u0107 do g\u0142\u00f3w od pocz\u0119cia do naturalnej \u015bmierci.<\/p>\n<p>Nie podoba mi si\u0119 pomys\u0142 utworzenia megaresortu prawdy, kt\u00f3ry mia\u0142by obejmowa\u0107 IPN, Urz\u0105d do Spraw Kombatant\u00f3w i Rad\u0119 Ochrony Pomnik\u00f3w Walki i M\u0119cze\u0144stwa, na czele kt\u00f3rego stanie jaki\u015b nadcz\u0142owiek, oberminister \u015bwiadomo\u015bci i to\u017csamo\u015bci. Pomys\u0142, \u017ceby media publiczne \u201eprzekszta\u0142ci\u0107\u201d z dnia na dzie\u0144 w instytucje kultury lub wy\u017cszej u\u017cyteczno\u015bci publicznej tylko po to, \u017ceby za jednym zamachem wzi\u0105\u0107 je za twarz lub obsadzi\u0107 w\u0142asnymi twarzami, uwa\u017cam za gro\u017any. Pomys\u0142, \u017ceby politycy (i pos\u0142uszni im \u201eoburzeni\u201d) cenzurowali wystawy, teatry, scenariusze i filmy, budzi m\u00f3j niesmak. To ju\u017c lepiej, \u017ceby zamawiali sobie superfilmy w Hollywood. Najlepiej za w\u0142asne pieni\u0105dze. I \u017ceby zape\u0142nili widowni\u0119, kt\u00f3ra zag\u0142osuje nogami i portfelami, a nie tylko sp\u0119dzili dziatw\u0119 szkoln\u0105 i wojsko.<\/p>\n<p>Ja na to wszystko g\u0142osowa\u0107 nie b\u0119d\u0119, ale na szcz\u0119\u015bcie wyb\u00f3r jest szerszy. Oddam g\u0142os na kogo\u015b normalnego, nienawiedzonego, na kogo\u015b obliczalnego, wolnego od fobii, szale\u0144stwa, o kim wiem, \u017ce nie bawi si\u0119 zapa\u0142kami. Sporu PiS-Platforma nie uwa\u017cam za ja\u0142owy i wydumany, przeciwnie \u2013 to sp\u00f3r fundamentalny o polsk\u0105 przysz\u0142o\u015b\u0107.<\/p>\n<p>Nie mo\u017cna powiedzie\u0107, \u017ce nie wiemy, co jest grane. Prawo i Sprawiedliwo\u015b\u0107 (oraz jego ewentualne przystawki) jasno i otwarcie przez ostatnie lata pokaza\u0142o ca\u0142y sw\u00f3j projekt, pomys\u0142 na Polsk\u0119 \u2013 na Konstytucj\u0119, edukacj\u0119, sprawiedliwo\u015b\u0107, prawa kobiet i mniejszo\u015bci, media, kultur\u0119, polityk\u0119 zagraniczn\u0105, Uni\u0119 Europejsk\u0105, uchod\u017ac\u00f3w i tak dalej. Prawo i Sprawiedliwo\u015b\u0107 potrafi na czas kampanii ukry\u0107 jedn\u0105 czy dwie osoby, Macierewicza czy Paw\u0142owicz, ale swoich zamiar\u00f3w nie ukrywa i je\u015bli zwyci\u0119\u017cy, b\u0119dzie mia\u0142o prawo powiedzie\u0107: widzia\u0142y ga\u0142y, co bra\u0142y.<\/p>\n","protected":false},"excerpt":{"rendered":"<p>G\u0142osuj na ludzi obliczalnych. Na scenie politycznej znajduj\u0105 si\u0119 ludzie obliczalni, nawiedzeni i nieobliczalni.<\/p>\n","protected":false},"author":4,"featured_media":0,"comment_status":"open","ping_status":"closed","sticky":false,"template":"","format":"standard","meta":{"footnotes":""},"categories":[1],"tags":[],"_links":{"self":[{"href":"https:\/\/blog.polityka.pl\/passent\/wp-json\/wp\/v2\/posts\/3078"}],"collection":[{"href":"https:\/\/blog.polityka.pl\/passent\/wp-json\/wp\/v2\/posts"}],"about":[{"href":"https:\/\/blog.polityka.pl\/passent\/wp-json\/wp\/v2\/types\/post"}],"author":[{"embeddable":true,"href":"https:\/\/blog.polityka.pl\/passent\/wp-json\/wp\/v2\/users\/4"}],"replies":[{"embeddable":true,"href":"https:\/\/blog.polityka.pl\/passent\/wp-json\/wp\/v2\/comments?post=3078"}],"version-history":[{"count":4,"href":"https:\/\/blog.polityka.pl\/passent\/wp-json\/wp\/v2\/posts\/3078\/revisions"}],"predecessor-version":[{"id":3083,"href":"https:\/\/blog.polityka.pl\/passent\/wp-json\/wp\/v2\/posts\/3078\/revisions\/3083"}],"wp:attachment":[{"href":"https:\/\/blog.polityka.pl\/passent\/wp-json\/wp\/v2\/media?parent=3078"}],"wp:term":[{"taxonomy":"category","embeddable":true,"href":"https:\/\/blog.polityka.pl\/passent\/wp-json\/wp\/v2\/categories?post=3078"},{"taxonomy":"post_tag","embeddable":true,"href":"https:\/\/blog.polityka.pl\/passent\/wp-json\/wp\/v2\/tags?post=3078"}],"curies":[{"name":"wp","href":"https:\/\/api.w.org\/{rel}","templated":true}]}}