
{"id":3086,"date":"2015-10-25T23:22:43","date_gmt":"2015-10-25T22:22:43","guid":{"rendered":"http:\/\/passent.blog.polityka.pl\/?p=3086"},"modified":"2015-10-25T23:57:14","modified_gmt":"2015-10-25T22:57:14","slug":"spokojnie-to-tylko-wybory","status":"publish","type":"post","link":"https:\/\/blog.polityka.pl\/passent\/2015\/10\/25\/spokojnie-to-tylko-wybory\/","title":{"rendered":"Spokojnie, to tylko wybory!"},"content":{"rendered":"<p>Co za ulga \u2013 nareszcie b\u0119d\u0119 dziennikarzem opozycyjnym! Ale mam nadziej\u0119, \u017ce nie takim, kt\u00f3ry nie potrafi doceni\u0107 sukcesu prawicy, z\u0142o\u017cy\u0107 gratulacji zwyci\u0119zcom i powiedzie\u0107 swoim: uczmy si\u0119, jak by\u0107 niezmordowanym w walce o w\u0142adz\u0119, jak nie pomin\u0105\u0107 \u017cadnej okazji, \u017cadnej szansy, a gdy takich brak \u2013 jak te mo\u017cliwo\u015bci tworzy\u0107.<br \/>\n<!--more--><br \/>\nSzukajmy \u017ar\u00f3de\u0142 przegranej po swojej stronie. By\u0107 raczej takim dziennikarzem opozycyjnym, kt\u00f3ry widzi ogromne zagro\u017cenie (od podkre\u015blania szans s\u0105 dziennikarze prorz\u0105dowi) w tym, \u017ce ca\u0142a w\u0142adza, z woli wi\u0119kszo\u015bci wyborc\u00f3w, zostaje skupiona w jednych r\u0119kach. W r\u0119kach polityka ci\u0119\u017cko do\u015bwiadczonego, dla kt\u00f3rego dzisiejsze wybory s\u0105 ukoronowaniem wieloletniej dzia\u0142alno\u015bci. Ale tak\u017ce polityka, kt\u00f3ry nie ukrywa\u0142 swojej pogardy dla rywali, uwa\u017caj\u0105c ich za ludzi pozbawionych niezb\u0119dnych w\u0142a\u015bciwo\u015bci, wychowanych przez ulic\u0119, kt\u00f3ry nie ukrywa\u0142 poczucia wy\u017cszo\u015bci, kt\u00f3remu nieobce by\u0142y s\u0142owa zamach i zdrada. W ostatnich dniach Jaros\u0142aw Kaczy\u0144ski uderzy\u0142 w \u0142agodniejsz\u0105 nut\u0119, przestrzega\u0142 przed pokus\u0105 rewan\u017cu i odwetu, zemsty i odgrywania si\u0119, ale za ka\u017cdym razem \u2013 jak gdyby dla uspokojenia swoich szereg\u00f3w &#8211; m\u00f3wi\u0142, \u017ce prawo musi znaczy\u0107 prawo (ale czyje?), wszystko musi zosta\u0107 wyja\u015bnione i os\u0105dzone zgodnie z prawem itd. itp.<\/p>\n<p>Polska demokracja, kt\u00f3rej stan jest tak krytycznie oceniany przez dotychczasow\u0105 opozycj\u0119, jako skorumpowana, zdolna do fa\u0142szerstw wyborczych i innych nadu\u017cy\u0107 \u2013 okaza\u0142a si\u0119 sprawna, a jednak funkcjonuje i w spos\u00f3b pokojowy, zgodny z konstytucj\u0105 przekazuje pe\u0142n\u0105 w\u0142adz\u0119 w r\u0119ce swoich krytyk\u00f3w. Zobaczymy, w jakim stanie b\u0119dzie ta demokracja za cztery lata, bo ona dopiero teraz b\u0119dzie powa\u017cnie zagro\u017cona przez ogromn\u0105 koncentracj\u0119 w\u0142adzy, zapowiedzi kontroli medi\u00f3w, ograniczenia niezale\u017cno\u015bci prokuratury i s\u0105downictwa, powi\u0119kszenia uprawnie\u0144 w\u0142adzy wykonawczej, rz\u0105du  i \u2013 przede wszystkim \u2013 prezydenta. <\/p>\n<p>Zagro\u017cenia widoczne s\u0105 na ka\u017cdym kroku: nadmierne obietnice wyborcze zagra\u017caj\u0105 finansom publicznym. Zapowied\u017a podporzadkowania prokuratury rz\u0105dowi to krok wstecz &#8211; od niezale\u017cno\u015bci do podleg\u0142o\u015bci. Zapowiadane zmiany w s\u0105downictwie to zagro\u017cenie wymiaru sprawiedliwo\u015bci. Pomstowanie na \u201enies\u0142uszne\u201d filmy to zapowied\u017a cenzury sprawowanej przez mecenat publiczny. Zapowiadane przekszta\u0142cenie medi\u00f3w publicznych w instytucje wy\u017cszej u\u017cyteczno\u015bci czy kluczowe dla kultury, to nic innego jak umo\u017cliwienie ich przej\u0119cia przez rz\u0105dz\u0105cych polityk\u00f3w. Zapowiadane (a potem skrz\u0119tnie ukrywane) zmiany w konstytucji, pocz\u0105wszy od preambu\u0142y, kt\u00f3ra jest nie do przyj\u0119cia dla os\u00f3b niewierz\u0105cych, zwolennik\u00f3w pa\u0144stwa \u015bwieckiego i zwolennik\u00f3w autentycznej \u2013 acz \u017cyczliwej &#8211; niezale\u017cno\u015bci Ko\u015bcio\u0142a i pa\u0144stwa, a kt\u00f3re doprowadz\u0105 do oceny z religii na \u015bwiadectwie maturalnym i obecno\u015bci Ko\u015bcio\u0142a w ka\u017cdej sferze \u017cycia \u2013 od naturalnego pocz\u0119cia do naturalnej \u015bmierci &#8211;  to wszystko musi budzi\u0107 niepok\u00f3j.<\/p>\n<p>Dziennikarz opozycyjny musi jednak wymaga\u0107 nie tylko od w\u0142adzy, ale tak\u017ce od nowej opozycji. Wynik uzyskany przez Platform\u0119 po o\u015bmiu latach rz\u0105dzenia nie jest katastrofalny. Platforma przegra\u0142a w du\u017cym stopniu na w\u0142asne \u017cyczenie, przez wewn\u0119trzne rozprz\u0119\u017cenie, brak woli walki i dyscypliny, zm\u0119czenie, brak serca do walki, demoralizacj\u0119, a tak\u017ce brak szczerej rozmowy na w\u0142asny temat. Je\u015bli Platforma Obywatelska nie ma si\u0119 rozpa\u015b\u0107, nie obejdzie si\u0119 bez bolesnej rozmowy i rozrachunku, bez odnowy wewn\u0119trznej. Zanim Platforma zabierze si\u0119 za ratowanie Polski, sama musi przej\u015b\u0107 kuracj\u0119 wstrz\u0105sow\u0105. Obawiam si\u0119, \u017ce nie jest do takiej operacji jeszcze przygotowana.<\/p>\n<p>To samo, w jeszcze wi\u0119kszym stopniu, dotyczy lewicy. Ta ju\u017c nie ucieknie przed s\u0105dem ostatecznym. Wi\u0119ksz\u0105 przysz\u0142o\u015b\u0107 widz\u0119 przed amatorami z partii Razem ni\u017c przed zawodowcami ze Zjednoczonej Lewicy. Dziennikarze opozycyjni swoim krytycyzmem powinni pom\u00f3c opozycji stan\u0105\u0107 na nogi, a przy okazji sami te\u017c zdoby\u0107 si\u0119 na rachunek sumienia.<\/p>\n","protected":false},"excerpt":{"rendered":"<p>Co za ulga \u2013 nareszcie b\u0119d\u0119 dziennikarzem opozycyjnym! Ale mam nadziej\u0119, \u017ce nie takim, kt\u00f3ry nie potrafi doceni\u0107 sukcesu prawicy, z\u0142o\u017cy\u0107 gratulacji zwyci\u0119zcom i powiedzie\u0107 swoim: uczmy si\u0119, jak by\u0107 niezmordowanym w walce o w\u0142adz\u0119, jak nie pomin\u0105\u0107 \u017cadnej okazji, \u017cadnej szansy, a gdy takich brak \u2013 jak te mo\u017cliwo\u015bci tworzy\u0107.<\/p>\n","protected":false},"author":4,"featured_media":0,"comment_status":"open","ping_status":"closed","sticky":false,"template":"","format":"standard","meta":{"footnotes":""},"categories":[1],"tags":[],"_links":{"self":[{"href":"https:\/\/blog.polityka.pl\/passent\/wp-json\/wp\/v2\/posts\/3086"}],"collection":[{"href":"https:\/\/blog.polityka.pl\/passent\/wp-json\/wp\/v2\/posts"}],"about":[{"href":"https:\/\/blog.polityka.pl\/passent\/wp-json\/wp\/v2\/types\/post"}],"author":[{"embeddable":true,"href":"https:\/\/blog.polityka.pl\/passent\/wp-json\/wp\/v2\/users\/4"}],"replies":[{"embeddable":true,"href":"https:\/\/blog.polityka.pl\/passent\/wp-json\/wp\/v2\/comments?post=3086"}],"version-history":[{"count":3,"href":"https:\/\/blog.polityka.pl\/passent\/wp-json\/wp\/v2\/posts\/3086\/revisions"}],"predecessor-version":[{"id":3089,"href":"https:\/\/blog.polityka.pl\/passent\/wp-json\/wp\/v2\/posts\/3086\/revisions\/3089"}],"wp:attachment":[{"href":"https:\/\/blog.polityka.pl\/passent\/wp-json\/wp\/v2\/media?parent=3086"}],"wp:term":[{"taxonomy":"category","embeddable":true,"href":"https:\/\/blog.polityka.pl\/passent\/wp-json\/wp\/v2\/categories?post=3086"},{"taxonomy":"post_tag","embeddable":true,"href":"https:\/\/blog.polityka.pl\/passent\/wp-json\/wp\/v2\/tags?post=3086"}],"curies":[{"name":"wp","href":"https:\/\/api.w.org\/{rel}","templated":true}]}}