
{"id":31,"date":"2006-05-19T11:11:14","date_gmt":"2006-05-19T09:11:14","guid":{"rendered":"http:\/\/passent.blog.polityka.pl\/?p=31"},"modified":"2006-05-22T12:21:38","modified_gmt":"2006-05-22T10:21:38","slug":"uwaga-miny","status":"publish","type":"post","link":"https:\/\/blog.polityka.pl\/passent\/2006\/05\/19\/uwaga-miny\/","title":{"rendered":"Uwaga &#8211; miny!"},"content":{"rendered":"<p align=\"justify\">Kilka dni temu, w Barcelonie, rozmawia\u0142em z Monik\u0105 Terribas, gwiazd\u0105 tamtejszej telewizji, tak\u0105 katalo\u0144sk\u0105 Monik\u0105 Olejnik (Patrz rozmowa w najbli\u017cszej \u2018Polityce\u2019). Pi\u0119\u0107 razy w tygodniu, w nocy, Monika prowadzi najbardziej popularny i opiniotw\u00f3rczy program w telewizji katalo\u0144skiej TV3. Zapyta\u0142em j\u0105, co s\u0105dzi na temat, o kt\u00f3rym m\u00f3wi\u0105 dzi\u015b wszyscy w Katalonii \u2013 zosta\u0107 cz\u0119\u015bci\u0105 Hiszpanii, oderwa\u0107 si\u0119, a mo\u017ce lu\u017ana federacja? \u201cGdybym ja mia\u0142a pogl\u0105dy polityczne to nie mog\u0142abym pracowa\u0107 w telewizji publicznej. Gdybym mia\u0142a sw\u00f3j program polityczny, to nie mog\u0142abym mie\u0107 programu w publicznej TV. Staram si\u0119 ludziom obja\u015bnia\u0107 polityk\u0119 bezstronnie, bo inaczej stracili by do mnie zaufanie\u201d \u2013 odpowiedzia\u0142a Monika, kt\u00f3ra z du\u017c\u0105 zr\u0119czno\u015bci\u0105 stara si\u0119 trzyma\u0107 swoje pogl\u0105dy przy sobie i nie by\u0107 kojarzona z \u017cadna parti\u0105.<\/p>\n<p align=\"justify\">Po powrocie przeczyta\u0142em wypowied\u017a nowego prezesa TVP: \u201cUwa\u017cam, \u017ce telewizja publiczna w og\u00f3le nie jest miejscem dla ludzi skompromitowanych \u2013 pisze prezes Bronis\u0142aw Wildstein w artykule \u201cOczyszcz\u0119 Woronicza\u201d (\u201cDziennik\u201d) . Uwa\u017cam, \u017ce telewizja publiczna &#8211; kontynuuje nowy prezes &#8211; w og\u00f3le nie jest miejscem dla ludzi skompromitowanych. A skompromitowany dziennikarz to kto\u015b taki, kto robi\u0142 pewne rzeczy na polityczne zam\u00f3wienie, tak\u017ce w III RP. Na jakiej zasadzie taki cz\u0142owiek mo\u017ce nadal by\u0107 dziennikarzem, jak widz mo\u017ce mu zaufa\u0107 skoro on nadu\u017cywa\u0142 wcze\u015bniej tego zaufania, manipulowa\u0142 informacjami, przedstawia\u0142 stronnicze oceny. Dla takich ludzi w TVP S.A., instytucji najwy\u017cszego publicznego zaufania, nie b\u0119dzie miejsca.\u201d<\/p>\n<p align=\"justify\">Brawo za intencje, ale diabe\u0142 tkwi w szczeg\u00f3\u0142ach. Kto na przyk\u0142ad jest stronniczy \u2013 Magdalena \u015aroda czy Piotr Semka? Kazimiera Szczuka czy Zdzis\u0142aw Krasnod\u0119ski? Kto ich b\u0119dzie ocenia\u0142 \u2013 bezstronny prezes i nowy, bezstronny zarz\u0105d? Kt\u00f3ry dziennikarz i publicysta nie dobiera fakt\u00f3w tak, \u017ceby jego teza, np. o dekadencji III RP b\u0105d\u017a o rojeniach dotycz\u0105cych wszechpot\u0119\u017cnego \u201cuk\u0142adu\u201d, nie by\u0142a przekonuj\u0105ca? Skoro sam prezes jest autorem bardzo zaanga\u017cowanych i stronniczych opinii, to czy teraz On i jemu podobni nie b\u0119d\u0105 mieli wst\u0119pu do TVP S.A.? Jak oceni\u0107, kto broni\u0142 Trzeciej RP z przekonania (np. Leszek Balcerowicz czy Janina Paradowska), a kto czyni\u0142 to \u201cna polityczne zam\u00f3wienie\u201d (np. Waldemar Kuczy\u0144ski czy Bronis\u0142aw \u0141agowski). Kto agitowa\u0142 na rzecz IV RP bezinteresownie, a kto czyni\u0142 to na polityczne zam\u00f3wienie?<\/p>\n<p align=\"justify\">Droga, jak\u0105 wskazuje prezes Wildstein, jest \u201cfull of zasadzkas\u201d.<\/p>\n","protected":false},"excerpt":{"rendered":"<p>Kilka dni temu, w Barcelonie, rozmawia\u0142em z Monik\u0105 Terribas, gwiazd\u0105 tamtejszej telewizji, tak\u0105 katalo\u0144sk\u0105 Monik\u0105 Olejnik (Patrz rozmowa w najbli\u017cszej \u2018Polityce\u2019). Pi\u0119\u0107 razy w tygodniu, w nocy, Monika prowadzi najbardziej popularny i opiniotw\u00f3rczy program w telewizji katalo\u0144skiej TV3. Zapyta\u0142em j\u0105, co s\u0105dzi na temat, o kt\u00f3rym m\u00f3wi\u0105 dzi\u015b wszyscy w Katalonii \u2013 zosta\u0107 cz\u0119\u015bci\u0105 Hiszpanii, [&hellip;]<\/p>\n","protected":false},"author":4,"featured_media":0,"comment_status":"open","ping_status":"open","sticky":false,"template":"","format":"standard","meta":{"footnotes":""},"categories":[1],"tags":[],"_links":{"self":[{"href":"https:\/\/blog.polityka.pl\/passent\/wp-json\/wp\/v2\/posts\/31"}],"collection":[{"href":"https:\/\/blog.polityka.pl\/passent\/wp-json\/wp\/v2\/posts"}],"about":[{"href":"https:\/\/blog.polityka.pl\/passent\/wp-json\/wp\/v2\/types\/post"}],"author":[{"embeddable":true,"href":"https:\/\/blog.polityka.pl\/passent\/wp-json\/wp\/v2\/users\/4"}],"replies":[{"embeddable":true,"href":"https:\/\/blog.polityka.pl\/passent\/wp-json\/wp\/v2\/comments?post=31"}],"version-history":[{"count":0,"href":"https:\/\/blog.polityka.pl\/passent\/wp-json\/wp\/v2\/posts\/31\/revisions"}],"wp:attachment":[{"href":"https:\/\/blog.polityka.pl\/passent\/wp-json\/wp\/v2\/media?parent=31"}],"wp:term":[{"taxonomy":"category","embeddable":true,"href":"https:\/\/blog.polityka.pl\/passent\/wp-json\/wp\/v2\/categories?post=31"},{"taxonomy":"post_tag","embeddable":true,"href":"https:\/\/blog.polityka.pl\/passent\/wp-json\/wp\/v2\/tags?post=31"}],"curies":[{"name":"wp","href":"https:\/\/api.w.org\/{rel}","templated":true}]}}