
{"id":310,"date":"2007-07-20T07:14:45","date_gmt":"2007-07-20T05:14:45","guid":{"rendered":"http:\/\/passent.blog.polityka.pl\/?p=310"},"modified":"2007-08-03T09:10:56","modified_gmt":"2007-08-03T07:10:56","slug":"slepa-uliczka","status":"publish","type":"post","link":"https:\/\/blog.polityka.pl\/passent\/2007\/07\/20\/slepa-uliczka\/","title":{"rendered":"\u015alepa uliczka"},"content":{"rendered":"<p>W podsumowaniu osi\u0105gni\u0119\u0107 pierwszego roku swojego rz\u0105du, premier Kaczy\u0144ski wspomnia\u0142, \u017ce kanclerz Kohl w ci\u0105gu 8 lat nie by\u0142 w Polsce ani razu. Kryje si\u0119 w tym sugestia, \u017ce dop\u00f3ki bracia Kaczy\u0144scy nie byli u w\u0142adzy, do Polski nie by\u0142o warto przyje\u017cd\u017ca\u0107, cho\u0107 ja pami\u0119tam, jak mimo \u017celaznej kurtyny do PRL przyjecha\u0142 de Gaulle, dla kt\u00f3rego trzeba by\u0142o robi\u0107 specjalnie d\u0142ugie \u0142\u00f3\u017cko do pa\u0142acu w Wilanowie, gdzie mieszka\u0142, i Willy Brandt, i B\u00f3g wie kto jeszcze. Oskar Lange wspomina, jak \u2013 w charakterze cz\u0142onka Rady Pa\u0144stwa \u2013 wita\u0142 na Ok\u0119ciu ameryka\u0144skiego wiceprezydenta Nixona (p\u00f3\u017aniejszego prezydenta). Mieli jecha\u0107 pustymi ulicami, poniewa\u017c w\u0142adze utrzymywa\u0142y w tajemnicy tras\u0119 przejazdu, \u017ceby ameryka\u0144skiego go\u015bcia nie wita\u0142y t\u0142umy rozentuzjazmowanych warszawiak\u00f3w, ale na ulicach by\u0142o pe\u0142no, bo wie\u015b\u0107 si\u0119 rozesz\u0142a, g\u0142\u00f3wnie dzi\u0119ki Wolnej Europie i G\u0142osowi Ameryki.<\/p>\n<p>Przypomina mi si\u0119 tak\u017ce anegdota a propos odwiedzin. Radziecki pisarz, przyby\u0142y do Warszawy na zjazd literat\u00f3w, pyta: &#8211; Gospodin S\u0142onimski, a pan by\u0142 w Zwi\u0105zku Radzieckim? \u2013 Nie, ale Zwi\u0105zek Radziecki by\u0142 dwa razy u mnie \u2013 odpowiedzia\u0142 S\u0142onimski. Tak, \u017ce z tymi odwiedzinami warto by\u0107 ostro\u017cnym.<\/p>\n<p><!--more--><\/p>\n<p>Poniewa\u017c od czasu, kiedy rz\u0105dza bracia K., Warszawa sta\u0142a si\u0119 celem pielgrzymek zagranicznych m\u0119\u017c\u00f3w stanu (Bush i Merkel byli nawet na Helu, dobrze, \u017ce rz\u0105d nie sprzeda\u0142 tej rezydencji w ramach taniego pa\u0144stwa), za\u015b wizerunek naszego kraju bardzo le\u017cy nam wszystkim na sercu, proponuj\u0119, \u017ceby podczas jednej z takich wizyt prezydent Lech Kaczy\u0144ski naprawi\u0142 rozmaite gaffy polskich polityk\u00f3w, a m\u00f3wi\u0105c wprost: przeprosi\u0142.<\/p>\n<p>Za niefortunn\u0105 wypowied\u017a polskiego premiera, jakoby spisek Clausa von Stauffenberga, kt\u00f3ry 20 lipca 1944 roku dokona\u0142 nieudanego zamachu na Hitlera, za co wraz z innymi zosta\u0142 powieszony, mia\u0142 by\u0107 \u201erachityczny\u201d. Od tamtego czasu wielu Niemc\u00f3w uznaje Stauffenberga za bohatera, kt\u00f3ry jako jeden z nielicznych przeciwstawi\u0142 si\u0119 dyktaturze Fuhrera. Niemcom potrzebna jest taka ikona i nie ma powodu jej kala\u0107 dla bie\u017c\u0105cych rozgrywek politycznych. To, dlaczego ruch oporu w Niemczech by\u0142 s\u0142aby, na czym polega\u0142a wina Niemc\u00f3w, by\u0142o przedmiotem wielu studi\u00f3w, z kt\u00f3rych najwa\u017cniejsza jest praca Karla Jaspersa. S\u0105dz\u0119 jednak, \u017ce nie jest zadaniem szefa polskiego rz\u0105du wytykanie Niemcom bierno\u015bci, a nawet lojalno\u015bci w Trzeciej Rzeszy, raczej nale\u017ca\u0142oby z\u0142o\u017cy\u0107 ho\u0142d Tomaszowi Mannowi, za jego audycje w radiu ameryka\u0144skim skierowane do swoich rodak\u00f3w. Przecie\u017c \u017caden przyw\u00f3dca zagraniczny nie wymawia Jaros\u0142awowi Kaczy\u0144skiemu, \u017ce w stanie wojennym nie by\u0142 internowany. Stauffenberg sko\u0144czy\u0142 tragicznie, zap\u0142aci\u0142 najwy\u017csz\u0105 cen\u0119 i nie nale\u017cy go deprecjonowa\u0107. Prezydent powinien przeprosi\u0107 za wypowied\u017a premiera. Pomniejsza\u0107 zas\u0142ugi innych narod\u00f3w, oczywi\u015bcie, mo\u017cna, np. wymawia\u0107 Anglikom kolonializm, Francuzom brudna wojn\u0119 w Algierii, ale do czego to mia\u0142oby doprowadzi\u0107? Chyba tylko do tego, \u017ceby inni wymawiali Polakom Kielce i Jedwabne, albo wysiedlenia, jak Erika Steinbach. To \u015blepa uliczka.<\/p>\n<p>Prezydent wszystkich Polak\u00f3w m\u00f3g\u0142by tak\u017ce przeprosi\u0107 za europos\u0142a Macieja Giertycha, z koalicyjnej partii LPR, kt\u00f3ry powiedzia\u0142, \u017ce Angela Merkel stawia sobie ten sam cel, co Adolf Hitler \u2013 utworzenie supermocarstwa w Europie, ale jest bardziej sprytna. To haniebna wypowied\u017a, w dodatku nie byle czyja, ale polskiego deputowanego, polskiego profesora, ojca wicepremiera i koalicjanta polskiego rz\u0105du. Powinni\u015bmy si\u0119 wstydzi\u0107 za Macieja Giertycha, a prezydent Kaczy\u0144ski m\u00f3g\u0142by za niego przeprosi\u0107, tak jak biskupi przebaczali i prosili o przebaczenie nie za swoje grzechy.<\/p>\n<p>Eurodeputowany PiS, Konrad Szyma\u0144ski, wyrazi\u0142 nadziej\u0119, \u017ce nikt na arenie mi\u0119dzynarodowej nie potraktuje powa\u017cnie tej \u201ebezsensownej wypowiedzi\u201d. Czyli nie zareaguje tak, jak oficjalna Polska zareagowa\u0142a na kartofla z \u201eTageszeitung\u201d. P\u0142onne to s\u0105 jednak nadzieje, gdy\u017c tego rodzaju wypowiedzi, nawet je\u017celi nie wywo\u0142aj\u0105 dramatycznych reakcji na \u015bwiecie, to niew\u0105tpliwie psuj\u0105 wizerunek Polski, a ten kszta\u0142tuje si\u0119 latami i przypomina mozaik\u0119, kt\u00f3ra sk\u0142ada si\u0119 z tysi\u0119cy kamyk\u00f3w.<\/p>\n<p>Prezydent Kaczy\u0144ski nie odpowiada, oczywi\u015bcie, za brednie Giertycha, ale je\u017celi rz\u0105dz\u0105cym braciom naprawd\u0119 tak zale\u017cy na pozycji i wizerunku Polski, to m\u00f3g\u0142by przeprosi\u0107 ze brednie naszych rodak\u00f3w. Przeprosi\u0107 tak\u017ce Anglik\u00f3w za \u201ebezprzyk\u0142adny atak\u201d na ich wielkiego rodaka, Karola Darwina. Jak si\u0119 dowiadujemy, nast\u0119pny do odstrza\u0142u b\u0119dzie Newton, a obaleniem jego \u0142\u017ce-praw ci\u0105\u017cenia ma si\u0119 zaj\u0105\u0107 pan Rydzyk, poniewa\u017c (<strong>a<\/strong>) Newton mia\u0142 na imi\u0119 Izak i (<strong>b<\/strong>) Radio Maryja popiera ci\u0105\u017cenie w ka\u017cdej postaci.<\/p>\n<p>Wreszcie prezydent powinien przeprosi\u0107 za inne wypowiedzi Tadeusza Rydzyka, kt\u00f3ry jest jednym z filar\u00f3w koalicji rz\u0105dz\u0105cej w Polsce. Ca\u0142a rz\u0105dz\u0105ca tr\u00f3jca (J.K., A.L. i R.G.) bra\u0142a udzia\u0142 w pielgrzymce Radia Maryja, kt\u00f3rego dyrektor \u2013 jak si\u0119 okaza\u0142o &#8211; mia\u0142 za z\u0142e prezydentowi, \u017ce jest oszustem, \u017ce ulega \u017cydowskiemu lobby, a jego \u017cona ma szambo zamiast perfumerii. Fakt, \u017ce premier nie zagotowa\u0142 si\u0119 od tego wszystkiego, \u017ce nie uzna\u0142 Rydzyka za szatana, \u017ce nikt prezydenta, Polak\u00f3w i \u017byd\u00f3w nie przeprosi\u0142, \u017ce szef rz\u0105du zbagatelizowa\u0142 te wypowiedzi, dobrze ilustruje na czym polega odnowa moralna.<\/p>\n","protected":false},"excerpt":{"rendered":"<p>W podsumowaniu osi\u0105gni\u0119\u0107 pierwszego roku swojego rz\u0105du, premier Kaczy\u0144ski wspomnia\u0142, \u017ce kanclerz Kohl w ci\u0105gu 8 lat nie by\u0142 w Polsce ani razu. Kryje si\u0119 w tym sugestia, \u017ce dop\u00f3ki bracia Kaczy\u0144scy nie byli u w\u0142adzy, do Polski nie by\u0142o warto przyje\u017cd\u017ca\u0107, cho\u0107 ja pami\u0119tam, jak mimo \u017celaznej kurtyny do PRL przyjecha\u0142 de Gaulle, dla [&hellip;]<\/p>\n","protected":false},"author":4,"featured_media":0,"comment_status":"open","ping_status":"open","sticky":false,"template":"","format":"standard","meta":{"footnotes":""},"categories":[1],"tags":[],"_links":{"self":[{"href":"https:\/\/blog.polityka.pl\/passent\/wp-json\/wp\/v2\/posts\/310"}],"collection":[{"href":"https:\/\/blog.polityka.pl\/passent\/wp-json\/wp\/v2\/posts"}],"about":[{"href":"https:\/\/blog.polityka.pl\/passent\/wp-json\/wp\/v2\/types\/post"}],"author":[{"embeddable":true,"href":"https:\/\/blog.polityka.pl\/passent\/wp-json\/wp\/v2\/users\/4"}],"replies":[{"embeddable":true,"href":"https:\/\/blog.polityka.pl\/passent\/wp-json\/wp\/v2\/comments?post=310"}],"version-history":[{"count":0,"href":"https:\/\/blog.polityka.pl\/passent\/wp-json\/wp\/v2\/posts\/310\/revisions"}],"wp:attachment":[{"href":"https:\/\/blog.polityka.pl\/passent\/wp-json\/wp\/v2\/media?parent=310"}],"wp:term":[{"taxonomy":"category","embeddable":true,"href":"https:\/\/blog.polityka.pl\/passent\/wp-json\/wp\/v2\/categories?post=310"},{"taxonomy":"post_tag","embeddable":true,"href":"https:\/\/blog.polityka.pl\/passent\/wp-json\/wp\/v2\/tags?post=310"}],"curies":[{"name":"wp","href":"https:\/\/api.w.org\/{rel}","templated":true}]}}