
{"id":3103,"date":"2015-11-06T15:19:06","date_gmt":"2015-11-06T14:19:06","guid":{"rendered":"http:\/\/passent.blog.polityka.pl\/?p=3103"},"modified":"2015-11-06T15:38:26","modified_gmt":"2015-11-06T14:38:26","slug":"mister-twister","status":"publish","type":"post","link":"https:\/\/blog.polityka.pl\/passent\/2015\/11\/06\/mister-twister\/","title":{"rendered":"Mister Twister"},"content":{"rendered":"<p>Powo\u0142aniu nowego rz\u0105du towarzyszy gor\u0105czka porodowa, zar\u00f3wno w obozie zwyci\u0119skim (targi zwane \u201erozmowami, negocjacjami, ustaleniami\u201d trwaj\u0105 ju\u017c do\u015b\u0107 d\u0142ugo, co by wskazywa\u0142o, \u017ce \u017car\u0142oczno\u015b\u0107 i nienasycenie s\u0105 du\u017ce), jak i po stronie medi\u00f3w.<br \/>\n<!--more--><br \/>\nWidok dziennikarzy dzie\u0144 w dzie\u0144, od \u015bwitu do nocy, w bramie, na ulicy, na korytarzu, poluj\u0105cych, czyhaj\u0105cych cho\u0107by na jedno spojrzenie, na p\u00f3\u0142s\u0142\u00f3wka Gowina, Szyd\u0142o czy B\u0142aszczaka, ka\u017ce ubolewa\u0107 nad losem kole\u017canek i koleg\u00f3w z bran\u017cy dziennikarskiej.<\/p>\n<p>Jak to w wolnym kraju, komentarze na gie\u0142dzie s\u0105 rozmaite, czasami wr\u0119cz sprzeczne. Jedni m\u00f3wi\u0105, \u017ce to bez znaczenia, kto b\u0119dzie ministrem, bo i tak polityk jest jeden i jedna b\u0119dzie polityka \u2013 polityka prezesa Jaros\u0142awa Kaczy\u0144skiego. Inni s\u0105 zdania, \u017ce czas robi swoje, zajmowane stanowiska, cho\u0107 z nadania prezesa \u2013 a wi\u0119c prezydenta, premiera, ministra \u2013 zmieniaj\u0105 ludzi, dzi\u015b marionetki i kukie\u0142ki stopniowo mog\u0105 nabiera\u0107 \u017cycia, dlatego nie jest bez znaczenia, czy np. ministrem sprawiedliwo\u015bci zostanie Ma\u0142gorzata Wassermann, Zbigniew Ziobro czy Janusz Wojciechowski.  \u017badna z tych kandydatur mi nie odpowiada, ale jedn\u0105 z nich uwa\u017cam za ciut mniej gro\u017an\u0105.<\/p>\n<p>We\u017amy inny przyk\u0142ad. Od d\u0142u\u017cszego czasu jedn\u0105 z kandydatur na ministra spraw zagranicznych jest Witold Waszczykowski \u2013 nobliwy pan z w\u0105sikiem, by\u0142y dyplomata, usuni\u0119ty z MSZ przez \u00f3wczesnego ministra, Radka Sikorskiego. O ile pami\u0119tam, wedle ministra w delikatnych negocjacjach z USA W.W. zajmowa\u0142 stanowisko bli\u017csze USA ni\u017c Polsce. Przedtem W.W. pracowa\u0142 w Brukseli i w Teheranie. Na temat okoliczno\u015bci jego odwo\u0142ania z tamtych plac\u00f3wek kr\u0105\u017cy wiele domys\u0142\u00f3w, kt\u00f3re \u2013 mam nadziej\u0119 \u2013 kiedy\u015b jaki\u015b biograf \u015bledczy ujawni.<\/p>\n<p>Na razie zajrzyjmy do wywiadu, jakiego W.W. udzieli\u0142 \u201eRzepie\u201d (3 XI). \u201eNasza dyplomacja musi wreszcie zacz\u0105\u0107 realizowa\u0107 polskie interesy narodowe, polskie interesy bezpiecze\u0144stwa\u2026\u201d \u2013 m\u00f3wi by\u0142y ambasador i wiceminister. \u201eWreszcie zacz\u0105\u0107\u201d \u2013 czy to znaczy, \u017ce kiedy W.W. zajmowa\u0142 wysokie stanowiska w ministerstwie, realizowa\u0142 obce interesy? I \u017ce dotychczas nikt ich nie realizowa\u0142, a Polska znalaz\u0142a si\u0119 w NATO i w Unii mimo woli?<\/p>\n<p>Stanowisko Sikorskiego, kt\u00f3ry szuka\u0142 zbli\u017cenia z Niemcami oraz namawia\u0142 ich do aktywno\u015bci, W.W. nazywa \u201eABERRACJ\u0104\u201d. Zapytany o to, \u017ce kraje wyszehradzkie zerkaj\u0105 ku Rosji, podobnie jak Francja i Niemcy, W.W. ma \u0142atw\u0105 recept\u0119: \u201eJe\u015bli kto\u015b im zaproponuje solidarn\u0105 polityk\u0119, na pewno z tego  zrezygnuj\u0105\u201d.<\/p>\n<p>Jaka to mia\u0142aby by\u0107 \u201esolidarna polityka\u201d, czym przelicytowa\u0107 Putina \u2013 tego W.W. nie wyja\u015bnia, a dziennikarz nie dopytuje.<\/p>\n<p>Nast\u0119puj\u0105 wi\u0119c dalsze rewelacje: b\u0119dziemy wsp\u00f3\u0142pracowa\u0107 z tym, kto oka\u017ce si\u0119 bardziej wra\u017cliwy na zagro\u017cenie dla naszego regionu. Niestety, nasi s\u0105siedzi, Niemcy, wykazuj\u0105 ma\u0142\u0105 wra\u017cliwo\u015b\u0107 w tej sprawie, wa\u017cniejsze dla ich s\u0105 interesy gospodarcze z Rosj\u0105. \u201eTo jest bolesne\u201d. W.W. ubolewa te\u017c, \u017ce Niemcy wpu\u015bci\u0142y setki tysi\u0119cy uchod\u017ac\u00f3w, \u201ea przecie\u017c po wej\u015bciu Polski do Unii musieli\u015bmy czeka\u0107 7 lat, zanim Polacy mogli pracowa\u0107 nad Odr\u0105. NIECH WI\u0118C DZI\u015a NIE UCZ\u0104 NAS SOLIDARNO\u015aCI\u201d. Minister zapomina, \u017ce setki tysi\u0119cy Polak\u00f3w pracowa\u0142y w Niemczech od 1991 r., kiedy zniesiono wizy, najpierw na czarno, a potem legalnie.<\/p>\n<p>A wi\u0119c z Niemcami \u017ale. Wi\u0119c mo\u017ce przyda\u0142oby si\u0119 zbli\u017cenie z Rosj\u0105? Po atakach na Gruzj\u0119, Ukrain\u0119 i Syri\u0119 \u2013 nie ma o czym m\u00f3wi\u0107, rozwiewa z\u0142udzenia W.W. \u201eKlucz (do zmiany relacji) jest wi\u0119c w Moskwie i nie widz\u0119 dzi\u015b mo\u017cliwo\u015bci podj\u0119cia przez nas inicjatywy w tej sprawie\u201d. <\/p>\n<p>Kr\u00f3tko m\u00f3wi\u0105c, Witold Waszczykowski m\u00f3wi nie, nie i nie. Miejmy nadziej\u0119, \u017ce robi to celowo, pod Jaros\u0142awa Kaczy\u0144skiego, w trakcie rywalizacji o stanowisko ministra. Gdyby (co nie daj Bo\u017ce!) jednak zosta\u0142 ministrem lub przynajmniej \u201ewice\u201d, to polska dyplomacja b\u0119dzie zna\u0142a jeszcze inne s\u0142owa, nie tylko \u201enie\u201d.<\/p>\n<p>W samym ko\u0144cu rozmowy red. Bielecki z \u201eRz.\u201d pyta o los ambasador\u00f3w mianowanych przez PO. Odpowied\u017a jest r\u00f3wnie elegancka jak wszystko, co m\u00f3wi W.W.: \u201e\u017badne stanowisko ambasadorskie nie jest stanowiskiem pracy chronionej. To s\u0105 misje wysokiego zaufania. Jest oczywiste, \u017ce ka\u017cdy nowy rz\u0105d dopasowuje ludzi, a tak\u017ce struktury, w kt\u00f3rych oni dzia\u0142aj\u0105, do swoich potrzeb. Tu nie b\u0119dzie \u017cadnych \u015bwi\u0119tych kr\u00f3w\u201d \u2013 wygra\u017ca z wdzi\u0119kiem  mister Twister \u2013 by\u0142y minister. A przecie\u017c opr\u00f3cz w\u0142asnych potrzeb i wysokiego zaufania, kt\u00f3re s\u0105 konieczne, istnieje co\u015b takiego jak dyplomaci zawodowi, profesjonalizm bez wzgl\u0119du na barwy partyjne, s\u0142u\u017cba cywilna, praca dla Polski, a nie tylko \u015bwi\u0119te krowy.<\/p>\n<p>W sumie ten jeden wywiad wystarczy \u017ceby minister Waszczykowski us\u0142ysza\u0142 jedno kr\u00f3tkie \u201epanu ju\u017c dzi\u0119kujemy\u201d.<\/p>\n","protected":false},"excerpt":{"rendered":"<p>Powo\u0142aniu nowego rz\u0105du towarzyszy gor\u0105czka porodowa, zar\u00f3wno w obozie zwyci\u0119skim (targi zwane \u201erozmowami, negocjacjami, ustaleniami\u201d trwaj\u0105 ju\u017c do\u015b\u0107 d\u0142ugo, co by wskazywa\u0142o, \u017ce \u017car\u0142oczno\u015b\u0107 i nienasycenie s\u0105 du\u017ce), jak i po stronie medi\u00f3w.<\/p>\n","protected":false},"author":4,"featured_media":0,"comment_status":"open","ping_status":"closed","sticky":false,"template":"","format":"standard","meta":{"footnotes":""},"categories":[1],"tags":[],"_links":{"self":[{"href":"https:\/\/blog.polityka.pl\/passent\/wp-json\/wp\/v2\/posts\/3103"}],"collection":[{"href":"https:\/\/blog.polityka.pl\/passent\/wp-json\/wp\/v2\/posts"}],"about":[{"href":"https:\/\/blog.polityka.pl\/passent\/wp-json\/wp\/v2\/types\/post"}],"author":[{"embeddable":true,"href":"https:\/\/blog.polityka.pl\/passent\/wp-json\/wp\/v2\/users\/4"}],"replies":[{"embeddable":true,"href":"https:\/\/blog.polityka.pl\/passent\/wp-json\/wp\/v2\/comments?post=3103"}],"version-history":[{"count":3,"href":"https:\/\/blog.polityka.pl\/passent\/wp-json\/wp\/v2\/posts\/3103\/revisions"}],"predecessor-version":[{"id":3106,"href":"https:\/\/blog.polityka.pl\/passent\/wp-json\/wp\/v2\/posts\/3103\/revisions\/3106"}],"wp:attachment":[{"href":"https:\/\/blog.polityka.pl\/passent\/wp-json\/wp\/v2\/media?parent=3103"}],"wp:term":[{"taxonomy":"category","embeddable":true,"href":"https:\/\/blog.polityka.pl\/passent\/wp-json\/wp\/v2\/categories?post=3103"},{"taxonomy":"post_tag","embeddable":true,"href":"https:\/\/blog.polityka.pl\/passent\/wp-json\/wp\/v2\/tags?post=3103"}],"curies":[{"name":"wp","href":"https:\/\/api.w.org\/{rel}","templated":true}]}}