
{"id":3107,"date":"2015-11-09T00:28:37","date_gmt":"2015-11-08T23:28:37","guid":{"rendered":"http:\/\/passent.blog.polityka.pl\/?p=3107"},"modified":"2015-11-09T00:51:04","modified_gmt":"2015-11-08T23:51:04","slug":"nieladne-zabawy","status":"publish","type":"post","link":"https:\/\/blog.polityka.pl\/passent\/2015\/11\/09\/nieladne-zabawy\/","title":{"rendered":"Nie\u0142adne zabawy"},"content":{"rendered":"<p>Dziennikarz, kt\u00f3ry krytykuje prezydenta, nawet grzecznie i bez u\u017cycia ostrych s\u0142\u00f3w, na pewno b\u0119dzie oskar\u017cony o to, \u017ce przy\u0142\u0105czy\u0142 si\u0119 do \u201ebezprecedensowej nagonki, furiackich atak\u00f3w\u201d itp. Jest to oczywi\u015bcie pr\u00f3ba zamkni\u0119cia ust ka\u017cdemu, kto ma uwagi krytyczne pod adresem g\u0142owy pa\u0144stwa. Kto si\u0119 powa\u017cy \u2013 ten si\u0119 narazi. Niestety, czasami trzeba.<br \/>\n<!--more--><br \/>\nNie mog\u0119 pogodzi\u0107 si\u0119 z tym, \u017ce prezydent Andrzej Duda przez kilka miesi\u0119cy kohabitacji nie uzna\u0142 za stosowne spotka\u0107 si\u0119 z premier Kopacz. By\u0142o to post\u0119powanie ma\u0142o eleganckie i ma\u0142o roztropne, gdy\u017c w obliczu tego, co si\u0119 dzieje dooko\u0142a Polski, takie spotkanie by\u0142o wysoce po\u017c\u0105dane.<\/p>\n<p>Gdyby si\u0119 odby\u0142o, nie by\u0142oby obecnej kompromitacji w sprawie szczytu na Malcie. By\u0107 mo\u017ce prezydent jest takiego wysokiego mniemania o sobie, \u017ce uwa\u017ca\u0142, i\u017c spotkanie z premierem w trakcie kampanii wyborczej \u201edowarto\u015bciowa\u0142oby\u201d szefow\u0105 Platformy. Trudno mi to oceni\u0107, ale w moich oczach prezydent zaszkodzi\u0142 sobie. Tak jak kiedy odwr\u00f3ci\u0142 si\u0119 plecami do premier Kopacz na Westerplatte, stawiaj\u0105c afront ponad elegancj\u0119, tak i p\u00f3\u017aniej, nie spotykaj\u0105c si\u0119 miesi\u0105cami z premierem polskiego rz\u0105du, prezydent post\u0119powa\u0142 wysoce niestosownie.<\/p>\n<p>To jest najbardziej pow\u015bci\u0105gliwe okre\u015blenie, jakie przychodzi mi na my\u015bl. Alibi, jakie wymy\u015bli\u0142 prezydent (Kopacz  prowadzi kampani\u0119 wyborcz\u0105, ja pracuj\u0119 dla Polski), by\u0142o funta k\u0142ak\u00f3w warte. Po pierwsze \u2013 kampania trwa d\u0142ugo, trudno na tak d\u0142ugo zamrozi\u0107 stosunki prezydent \u2013 premier. Po drugie \u2013 wy\u0142uskiwanie ministr\u00f3w obrony, spraw wewn\u0119trznych i zagranicznych, z pomini\u0119ciem samej premier, mia\u0142o ewidentnie na celu dotkn\u0105\u0107, poni\u017cy\u0107 polsk\u0105 premier. I po trzecie \u2013 sam prezydent by\u0142 zaanga\u017cowany w kampani\u0119 PiS i by\u0107 mo\u017ce dlatego uwa\u017ca\u0142, \u017ce normalne spotkanie z pani\u0105 premier mog\u0142oby zaszkodzi\u0107 PiS. W sumie \u2013 niem\u0105dre, nieeleganckie, niepolityczne. Nie tego bym oczekiwa\u0142 od prezydenta RP.<\/p>\n<p>Teraz mamy ci\u0105g dalszy, czyli kontredans wok\u00f3\u0142 12 listopada \u2013 w Sejmie czy na szczycie Unii na Malcie? Fakt, \u017ce pan prezydent zwo\u0142a\u0142 inauguracyjne posiedzenie Sejmu nowej kadencji na 12 listopada, kiedy na Malcie b\u0119dzie trwa\u0142 szczyt unijny, mo\u017cna t\u0142umaczy\u0107 dwojako. Albo prezydent nie wiedzia\u0142 o szczycie Unii \u2013 to by by\u0142a kompromitacja tych, kt\u00f3rzy odpowiadaj\u0105 za to, \u017ceby szef pa\u0144stwa by\u0142 poinformowany co najmniej o najwa\u017cniejszych wydarzeniach na kontynencie, a winnych trzeba szuka\u0107 w Kancelarii (ja bym pierwsze kroki skierowa\u0142 do ministra Szczerskiego, kt\u00f3remu podlegaj\u0105 sprawy mi\u0119dzynarodowe w Kancelarii Prezydenta).<\/p>\n<p>Albo prezydent wiedzia\u0142 o planowanym szczycie UE (co jest bardziej prawdopodobne) i postanowi\u0142 jeszcze raz ugodzi\u0107 premier Kopacz, kt\u00f3ra tego samego dnia mia\u0142a (ma?) z\u0142o\u017cy\u0107 dymisj\u0119 swojego rz\u0105du w Sejmie. Postawienie premier Kopacz wobec konieczno\u015bci wyboru \u2013 albo wybierze Sejm i wtedy b\u0119dzie nieobecna przy stole unijnym (\u201ezaniedbuj\u0105c wa\u017cne dla naszego kraju sprawy\u201d, \u201ePolski nie powinno zabrakn\u0105\u0107, ju\u017c nas nie ma podczas rozm\u00f3w w Mi\u0144sku\u201d itd.), albo wybierze Malt\u0119 i wtedy b\u0119dzie mo\u017cna jej zarzuci\u0107, \u017ce uprawia turystyk\u0119 kosztem swoich obowi\u0105zk\u00f3w w Sejmie.<\/p>\n<p>Niestety, podejrzewam, \u017ce Kancelaria Prezydenta (unikam wskazywania bezpo\u015brednio winnego) mia\u0142a z\u0142e intencje. Chodzi o to, \u017ceby zastawi\u0107 pu\u0142apk\u0119 na  Kopacz. Na \u015bwiadka powo\u0142uj\u0119 znanego polityka PiS, Jacka Sasina, kt\u00f3ry od kilku dni powtarza w mediach, \u017ce Ewa Kopacz nie chce jecha\u0107 na Malt\u0119, bo chce \u201ezaspokoi\u0107 swoje ego\u201d w Sejmie.<\/p>\n<p>No, je\u017celi tak si\u0119 my\u015bli w obozie prezydenckim, to mo\u017cna za\u0142ama\u0107 r\u0119ce.<\/p>\n<p><strong>ZAPROSZENIE<\/strong><br \/>\nTragedia czy farsa? \u2013 o wydarzeniach w Polsce rozmawia\u0107 b\u0119d\u0105 Go\u015bcie Passenta: prof. Krystyna SKAR\u017bY\u0143SKA \u2013 psycholog spo\u0142eczny, znana komentatorka zjawisk polityczno-spo\u0142ecznych, Uniwersytet SWPS; dr Andrzej LEDER \u2013 filozof kultury, psychoterapeuta, autor znakomitej ksi\u0105\u017cki \u201ePrze\u015bniona rewolucja\u201d i dr Jaros\u0142aw KUISZ \u2013 prawnik, publicysta, (redaktor naczelny Kultury Liberalnej). Radio TOK FM, wtorek, 9 listopada, godz. 20.05. Zapraszam.                        <\/p>\n","protected":false},"excerpt":{"rendered":"<p>Dziennikarz, kt\u00f3ry krytykuje prezydenta, nawet grzecznie i bez u\u017cycia ostrych s\u0142\u00f3w, na pewno b\u0119dzie oskar\u017cony o to, \u017ce przy\u0142\u0105czy\u0142 si\u0119 do \u201ebezprecedensowej nagonki, furiackich atak\u00f3w\u201d itp. Jest to oczywi\u015bcie pr\u00f3ba zamkni\u0119cia ust ka\u017cdemu, kto ma uwagi krytyczne pod adresem g\u0142owy pa\u0144stwa. Kto si\u0119 powa\u017cy \u2013 ten si\u0119 narazi. Niestety, czasami trzeba.<\/p>\n","protected":false},"author":4,"featured_media":0,"comment_status":"open","ping_status":"closed","sticky":false,"template":"","format":"standard","meta":{"footnotes":""},"categories":[1],"tags":[],"_links":{"self":[{"href":"https:\/\/blog.polityka.pl\/passent\/wp-json\/wp\/v2\/posts\/3107"}],"collection":[{"href":"https:\/\/blog.polityka.pl\/passent\/wp-json\/wp\/v2\/posts"}],"about":[{"href":"https:\/\/blog.polityka.pl\/passent\/wp-json\/wp\/v2\/types\/post"}],"author":[{"embeddable":true,"href":"https:\/\/blog.polityka.pl\/passent\/wp-json\/wp\/v2\/users\/4"}],"replies":[{"embeddable":true,"href":"https:\/\/blog.polityka.pl\/passent\/wp-json\/wp\/v2\/comments?post=3107"}],"version-history":[{"count":2,"href":"https:\/\/blog.polityka.pl\/passent\/wp-json\/wp\/v2\/posts\/3107\/revisions"}],"predecessor-version":[{"id":3110,"href":"https:\/\/blog.polityka.pl\/passent\/wp-json\/wp\/v2\/posts\/3107\/revisions\/3110"}],"wp:attachment":[{"href":"https:\/\/blog.polityka.pl\/passent\/wp-json\/wp\/v2\/media?parent=3107"}],"wp:term":[{"taxonomy":"category","embeddable":true,"href":"https:\/\/blog.polityka.pl\/passent\/wp-json\/wp\/v2\/categories?post=3107"},{"taxonomy":"post_tag","embeddable":true,"href":"https:\/\/blog.polityka.pl\/passent\/wp-json\/wp\/v2\/tags?post=3107"}],"curies":[{"name":"wp","href":"https:\/\/api.w.org\/{rel}","templated":true}]}}