
{"id":3113,"date":"2015-11-15T19:25:43","date_gmt":"2015-11-15T18:25:43","guid":{"rendered":"http:\/\/passent.blog.polityka.pl\/?p=3113"},"modified":"2015-11-15T19:44:15","modified_gmt":"2015-11-15T18:44:15","slug":"krajobraz-po-bitwie-2","status":"publish","type":"post","link":"https:\/\/blog.polityka.pl\/passent\/2015\/11\/15\/krajobraz-po-bitwie-2\/","title":{"rendered":"Krajobraz po bitwie"},"content":{"rendered":"<p>Ponad tysi\u0105c komentarzy w czasie kilku dni na tym blogu \u015bwiadczy, \u017ce panuje stan podwy\u017cszonej aktywno\u015bci politycznej. Trudno si\u0119 dziwi\u0107, nieszcz\u0119\u015bcie goni nieszcz\u0119\u015bcie. Ogranicz\u0119 si\u0119 do sceny krajowej.<br \/>\n<!--more--><br \/>\nPrawo i Sprawiedliwo\u015b\u0107 &#8211; bez jednego wystrza\u0142u, metodami pokojowymi i demokratycznymi (tym razem nie s\u0142ycha\u0107, \u017ce wybory by\u0142y sfa\u0142szowane) &#8211; nie tylko zdoby\u0142o pe\u0142ni\u0119 w\u0142adzy, ale natychmiast przyst\u0105pi\u0142o do jej konsumpcji.<\/p>\n<p>To jest partia, kt\u00f3ra si\u0119 nie oci\u0105ga. Najpierw przez osiem lat, per fas et nefas, walczy\u0142a o powr\u00f3t do w\u0142adzy, a gdy zwyci\u0119\u017cy\u0142a, nie czekaj\u0105c na utworzenie i zaprzysi\u0119\u017cenie swojego rz\u0105du, natychmiast, z biegu, bez przystanku dla z\u0142apania tchu, zabra\u0142a si\u0119 do przekre\u015blania swoich obietnic. <\/p>\n<p>Jeszcze kilka miesi\u0119cy temu kandydat Andrzej Duda obiecywa\u0142, \u017ce b\u0119dzie prezydentem wszystkich Polak\u00f3w, a s\u0142owo \u201ezgoda\u201d odmienia\u0142 przez wszystkie przypadki. Gdy zosta\u0142 wybrany \u2013 zignorowa\u0142 premier polskiego rz\u0105du, odmawiaj\u0105c jej spotkania (\u201eniech si\u0119 najpierw zweryfikuje w wyborach\u201d &#8211; kpili politycy PiS), a nast\u0119pnie \u2013 b\u0119d\u0105c g\u0142ow\u0105 pa\u0144stwa, na oficjalnej uroczysto\u015bci \u2013 wyg\u0142osi\u0142 pean na cze\u015b\u0107 swojego mocodawcy, prezesa Kaczy\u0144skiego.<\/p>\n<p>Ojciec chrzestny obozu rz\u0105dz\u0105cego te\u017c si\u0119 nie oci\u0105ga. Zamiast swojej obietnicy, \u017ce w nowej, wyzwolonej Polsce, b\u0119dzie obowi\u0105zywa\u0142 szacunek dla opozycji (!), opozycja dostaje kopniaka za kopniakiem. Prezydium Sejmu? \u2013 za ma\u0142e, \u017ceby pomie\u015bci\u0142o przedstawicieli wszystkich klub\u00f3w poselskich. Trybuna\u0142 Konstytucyjny? \u2013 za ciasny, \u017ceby zmie\u015bci\u0107 wszystkich pi\u0119ciu nowo wybranych s\u0119dzi\u00f3w, w tym dw\u00f3ch bezsensownie wci\u015bni\u0119tych w drodze manipulacji przez Platform\u0119 i PSL. Prezes Trybuna\u0142u? \u2013 nie powinien pozostawa\u0107 na stanowisku bez ko\u0144ca, poci\u0105gniemy cugle i wprowadzimy kadencyjno\u015b\u0107. Kadencyjno\u015b\u0107? \u2013 owszem, ale tylko tam, gdzie nam s\u0142u\u017cy, np. na stanowisku przewodnicz\u0105cego sejmowej komisji do spraw s\u0142u\u017cb specjalnych p\u00f3\u0142roczn\u0105 rotacj\u0119 sko\u0144czymy i zamiast tego posadzimy tam naszego cz\u0142owieka na lata.<\/p>\n<p>I tak punkt po punkcie w\u0142adza realizuje swoje plany, czasami zgodnie, a czasami wbrew swoim zapowiedziom. Nie brak przy tym pychy i arogancji, jak cho\u0107by \u201epowo\u0142anie\u201d premiera i rz\u0105du, jeszcze zanim prezydent powierzy\u0142 t\u0119 misj\u0119 kandydatce zwyci\u0119skiej partii. Nie byle jakie dowody arogancji daje przysz\u0142y minister spraw zagranicznych Witold Waszczykowski. Zapytany, czy planuje zmiany na stanowiskach ambasador\u00f3w, elegancko odpowiedzia\u0142, \u017ce \u201enie ma \u015bwi\u0119tych kr\u00f3w\u201d. Wypowiedzi przedstawicieli w\u0142adz w sprawie uchod\u017ac\u00f3w s\u0105 sprzeczne: przyjmiemy \u2013 nie przyjmiemy \u2013 tylko uchod\u017ac\u00f3w niezarejestrowanych w innych krajach etc.<\/p>\n<p>Przedstawicieli nowych w\u0142adz energia a\u017c rozsadza, podczas gdy opozycja li\u017ce rany, a to mo\u017ce nie wystarczy\u0107. Platforma jest w szoku, zapa\u015bci, podzielona, zaj\u0119ta walk\u0105 o w\u0142adz\u0119 w partii, przy czym nazwiska, jakie ju\u017c s\u0105 na gie\u0142dzie kandydat\u00f3w (Budka, Neumann, Schetyna), nie budz\u0105 \u017cadnych skojarze\u0144 programowych, wy\u0142\u0105cznie personalne \u2013 jeden m\u0142ody, drugi \u015bwie\u017cy, trzeci sprawdzony i do\u015bwiadczony, ale raczej w szatni ni\u017c na boisku.<\/p>\n<p>Przysz\u0142o\u015b\u0107 Platformy jako fundamentu opozycji jest pod znakiem zapytania. Debaty politycznej w partii nie s\u0142ycha\u0107. Ani o przyczynach kl\u0119ski, ani o tym, jak stan\u0105\u0107 na nogach. Jest to dogodna sytuacja dla .Nowoczesnej Ryszarda Petru, ale ma\u0142a to nadzieja dla przegranej cz\u0119\u015bci wyborc\u00f3w. <\/p>\n<p>Autorytety, jak np. prof. Ewa \u0141\u0119towska czy prof. Andrzej Zoll, ostrzegaj\u0105 &#8211; ale nie istnieje organizm ani mechanizm, kt\u00f3ry nada\u0142by tym ostrze\u017ceniom charakter akcji politycznej. Pokonanym zagra\u017ca poczucie rozgoryczenia, apatii i bezsilno\u015bci, tym mocniejsze, \u017ce brak im przyw\u00f3dcy. Pe\u0142na dekompozycja, brak postaci zdolnej porwa\u0107 za sob\u0105 innych. To musi potrwa\u0107, a tymczasem w\u0142adza nie zostawia ani chwili wytchnienia, zagarniaj\u0105c \u0142upy wojenne&#8230;<\/p>\n<p><strong>Zaproszenie<\/strong><br \/>\nProf. Adam Daniel ROTFELD, prosto po b\u0142yskawicznej podr\u00f3\u017cy Moskwa\u2013Waszyngton\u2013Pary\u017c, b\u0119dzie naszym go\u015bciem w Radiu TOK FM we wtorek, 17 listopada, o godz. 20.05. Do us\u0142yszenia!<\/p>\n","protected":false},"excerpt":{"rendered":"<p>Ponad tysi\u0105c komentarzy w czasie kilku dni na tym blogu \u015bwiadczy, \u017ce panuje stan podwy\u017cszonej aktywno\u015bci politycznej. Trudno si\u0119 dziwi\u0107, nieszcz\u0119\u015bcie goni nieszcz\u0119\u015bcie. Ogranicz\u0119 si\u0119 do sceny krajowej.<\/p>\n","protected":false},"author":4,"featured_media":0,"comment_status":"open","ping_status":"closed","sticky":false,"template":"","format":"standard","meta":{"footnotes":""},"categories":[1],"tags":[],"_links":{"self":[{"href":"https:\/\/blog.polityka.pl\/passent\/wp-json\/wp\/v2\/posts\/3113"}],"collection":[{"href":"https:\/\/blog.polityka.pl\/passent\/wp-json\/wp\/v2\/posts"}],"about":[{"href":"https:\/\/blog.polityka.pl\/passent\/wp-json\/wp\/v2\/types\/post"}],"author":[{"embeddable":true,"href":"https:\/\/blog.polityka.pl\/passent\/wp-json\/wp\/v2\/users\/4"}],"replies":[{"embeddable":true,"href":"https:\/\/blog.polityka.pl\/passent\/wp-json\/wp\/v2\/comments?post=3113"}],"version-history":[{"count":5,"href":"https:\/\/blog.polityka.pl\/passent\/wp-json\/wp\/v2\/posts\/3113\/revisions"}],"predecessor-version":[{"id":3118,"href":"https:\/\/blog.polityka.pl\/passent\/wp-json\/wp\/v2\/posts\/3113\/revisions\/3118"}],"wp:attachment":[{"href":"https:\/\/blog.polityka.pl\/passent\/wp-json\/wp\/v2\/media?parent=3113"}],"wp:term":[{"taxonomy":"category","embeddable":true,"href":"https:\/\/blog.polityka.pl\/passent\/wp-json\/wp\/v2\/categories?post=3113"},{"taxonomy":"post_tag","embeddable":true,"href":"https:\/\/blog.polityka.pl\/passent\/wp-json\/wp\/v2\/tags?post=3113"}],"curies":[{"name":"wp","href":"https:\/\/api.w.org\/{rel}","templated":true}]}}