
{"id":3119,"date":"2015-11-18T08:45:51","date_gmt":"2015-11-18T07:45:51","guid":{"rendered":"http:\/\/passent.blog.polityka.pl\/?p=3119"},"modified":"2015-11-18T09:07:33","modified_gmt":"2015-11-18T08:07:33","slug":"laskawy-prezydent","status":"publish","type":"post","link":"https:\/\/blog.polityka.pl\/passent\/2015\/11\/18\/laskawy-prezydent\/","title":{"rendered":"\u0141askawy prezydent"},"content":{"rendered":"<p>Nie, nie i jeszcze raz nie! Musz\u0119 trzyma\u0107 moje pi\u00f3ro, a w\u0142a\u015bciwie komputer na wodzy, bo prezydentowi nale\u017cy si\u0119 szacunek. A ja zamierzam pisa\u0107 o tym, \u017ce prezydent Duda u\u0142askawi\u0142 Mariusza Kami\u0144skiego (i trzech funkcjonariuszy CBA), skazanego przez s\u0105d pierwszej instancji za nadu\u017cycie w\u0142adzy i przekroczenie kompetencji w czasie tzw. afery gruntowej.<br \/>\n<!--more--><br \/>\nZe smutkiem patrz\u0119, jak prezydent Andrzej Duda niszczy autorytet najwy\u017cszego urz\u0119du w Polsce. Prawnicy nie s\u0105 w tej sprawie jednomy\u015blni. Wi\u0119kszo\u015b\u0107 (m.in. Zoll, Chmaj, Kalisz) uwa\u017ca, \u017ce prezydent nie mia\u0142 prawa u\u0142askawi\u0107 Kami\u0144skiego w tej fazie post\u0119powania, to jest w czasie apelacji od wyroku I instancji, a wi\u0119c kiedy Kami\u0144ski nie jest skazany wyrokiem prawomocnym, jest wi\u0119c w oczach prawa osob\u0105 niewinn\u0105, a osoby niewinnej nie spos\u00f3b u\u0142askawi\u0107. <\/p>\n<p>Inni, np. prof. Kruszewski, Dera z Kancelarii Prezydenta, s\u0105dz\u0105, \u017ce Konstytucja pozwala prezydentowi skorzysta\u0107 z prawa \u0142aski zawsze, w ka\u017cdej fazie sprawy.<\/p>\n<p>Ja nie jestem prawnikiem i nie mog\u0119 rozstrzygn\u0105\u0107 tego sporu, ale bulwersuje mnie co innego. To mianowicie, \u017ce prezydent przerwa\u0142 dzia\u0142anie wymiaru sprawiedliwo\u015bci w sprawie Kami\u0144skiego i innych, przel\u0105k\u0142 si\u0119, ba\u0142 si\u0119, \u017ce niezawis\u0142y polski s\u0105d apelacyjny utrzyma w mocy wyrok skazuj\u0105cy I instancji \u2013 wyrok zdaniem prezydenta polityczny, niesprawiedliwy.<\/p>\n<p>Chc\u0105c by\u0107 w zgodzie z prawem i z uczciwo\u015bci\u0105, Andrzej Duda powinien by\u0142 zaczeka\u0107 na wyrok s\u0105du apelacyjnego, pozwoli\u0107 obraca\u0107 si\u0119 m\u0142ynom sprawiedliwo\u015bci, a gdy Temida wyda orzeczenie \u2013 wtedy zastosowa\u0107 prawo \u0142aski (albo i nie, gdyby wyrok by\u0142 korzystny dla polityka PiS). Ten po\u015bpiech, ten brak zaufania do s\u0105du II instancji, ten brak wiary w niezawis\u0142y s\u0105d \u2013 to budzi m\u00f3j niesmak i dezaprobat\u0119. Ale i satysfakcj\u0119, \u017ce nawet pierwszy obywatel boi si\u0119 orzeczenia niezawis\u0142ego s\u0105du.<\/p>\n<p>Andrzej Dera, prezydencki prawnik, w rozmowie z dziennikarzami powtarza\u0142, \u017ce Mariusz Kami\u0144ski jest \u201ekryszta\u0142owo uczciwy\u201d (temu nie przecz\u0119, nie znam cz\u0142owieka), z godn\u0105 uznania cierpliwo\u015bci\u0105 powtarza\u0142, \u017ce wyroki w sprawie Kami\u0144skiego maj\u0105 charakter polityczny i ka\u017cde orzeczenie s\u0105du II instancji by\u0142oby podwa\u017cane przez jedn\u0105 ze stron jako polityczne. <\/p>\n<p>Rzekomo dlatego prezydent postanowi\u0142 przeci\u0105\u0107 spraw\u0119. To prawda, ale najbardziej polityczne zako\u0144czenie sprawy wybra\u0142 sam  Andrzej Duda \u2013 wybra\u0142 interwencj\u0119 w\u0142adzy wykonawczej w dzia\u0142anie w\u0142adzy s\u0105downiczej, wykona\u0142 powa\u017cny krok w kierunku Budapesztu w Warszawie, a nawet \u2013 jak powiedzia\u0142 prof. Zoll \u2013 w kierunku w\u0142adzy totalitarnej.<\/p>\n<p>Nowa w\u0142adza idzie szerokim frontem: pozbawia PSL wicemarsza\u0142ka Sejmu, odbiera opozycji mo\u017cliwo\u015b\u0107 rotacyjnego przewodniczenia sejmowej komisji ds. s\u0142u\u017cb specjalnych, a tym samym dopuszczenia do tajemnej wiedzy o s\u0142u\u017cbach, nie dopuszcza do zaprzysi\u0119\u017cenia nawet trzech spo\u015br\u00f3d pi\u0105tki s\u0119dzi\u00f3w TK ju\u017c wybranych (w tym dw\u00f3jki wybranych &#8211; co tu kry\u0107 &#8211; w wyniku machinacji PO). Tak dzia\u0142a os\u0142awiony pakiet demokratyczny PiS i tak wygl\u0105da poszanowanie opozycji zapowiadane przez prezesa Kaczy\u0144skiego.<\/p>\n<p>Dlatego dop\u00f3ki nie jest za p\u00f3\u017ano, powinni\u015bmy powiedzie\u0107 gromkie \u201enie\u201d.<\/p>\n","protected":false},"excerpt":{"rendered":"<p>Nie, nie i jeszcze raz nie! Musz\u0119 trzyma\u0107 moje pi\u00f3ro, a w\u0142a\u015bciwie komputer na wodzy, bo prezydentowi nale\u017cy si\u0119 szacunek. A ja zamierzam pisa\u0107 o tym, \u017ce prezydent Duda u\u0142askawi\u0142 Mariusza Kami\u0144skiego (i trzech funkcjonariuszy CBA), skazanego przez s\u0105d pierwszej instancji za nadu\u017cycie w\u0142adzy i przekroczenie kompetencji w czasie tzw. afery gruntowej.<\/p>\n","protected":false},"author":4,"featured_media":0,"comment_status":"open","ping_status":"closed","sticky":false,"template":"","format":"standard","meta":{"footnotes":""},"categories":[1],"tags":[],"_links":{"self":[{"href":"https:\/\/blog.polityka.pl\/passent\/wp-json\/wp\/v2\/posts\/3119"}],"collection":[{"href":"https:\/\/blog.polityka.pl\/passent\/wp-json\/wp\/v2\/posts"}],"about":[{"href":"https:\/\/blog.polityka.pl\/passent\/wp-json\/wp\/v2\/types\/post"}],"author":[{"embeddable":true,"href":"https:\/\/blog.polityka.pl\/passent\/wp-json\/wp\/v2\/users\/4"}],"replies":[{"embeddable":true,"href":"https:\/\/blog.polityka.pl\/passent\/wp-json\/wp\/v2\/comments?post=3119"}],"version-history":[{"count":3,"href":"https:\/\/blog.polityka.pl\/passent\/wp-json\/wp\/v2\/posts\/3119\/revisions"}],"predecessor-version":[{"id":3122,"href":"https:\/\/blog.polityka.pl\/passent\/wp-json\/wp\/v2\/posts\/3119\/revisions\/3122"}],"wp:attachment":[{"href":"https:\/\/blog.polityka.pl\/passent\/wp-json\/wp\/v2\/media?parent=3119"}],"wp:term":[{"taxonomy":"category","embeddable":true,"href":"https:\/\/blog.polityka.pl\/passent\/wp-json\/wp\/v2\/categories?post=3119"},{"taxonomy":"post_tag","embeddable":true,"href":"https:\/\/blog.polityka.pl\/passent\/wp-json\/wp\/v2\/tags?post=3119"}],"curies":[{"name":"wp","href":"https:\/\/api.w.org\/{rel}","templated":true}]}}