
{"id":312,"date":"2007-07-24T06:07:47","date_gmt":"2007-07-24T04:07:47","guid":{"rendered":"http:\/\/passent.blog.polityka.pl\/?p=312"},"modified":"2007-08-03T09:12:59","modified_gmt":"2007-08-03T07:12:59","slug":"smutne-refleksje","status":"publish","type":"post","link":"https:\/\/blog.polityka.pl\/passent\/2007\/07\/24\/smutne-refleksje\/","title":{"rendered":"Smutne refleksje"},"content":{"rendered":"<p>Tragedia polskiego autokaru w Alpach nie jest ani pierwsza, ani ostatnia. Wypadki te w du\u017cym stopniu wynikaj\u0105 z zacofania cywilizacyjnego naszego kraju, z niskiej kultury na drogach. Nie dziwi mnie, \u017ce w Polsce \u2013 jak powiedzia\u0142 prezydent Kaczy\u0144ski \u2013 jest stosunkowo dwa razy wi\u0119cej wypadk\u00f3w drogowych ni\u017c we Francji. \u017bycie ludzkie jest w Polsce tanie, wystarczy przypomnie\u0107, \u017ce zaledwie kilka procent kobiet zg\u0142osi\u0142o si\u0119 na zaproszenie NFOZ do bezp\u0142atnego badania.<\/p>\n<p>Do tragedii nie s\u0105 wcale potrzebne w\u0105skie i strome serpentyny w Alpach, wystarcz\u0105 szerokie i proste (acz nieliczne) drogi i ulice w Polsce. Ile os\u00f3b zgin\u0119\u0142o ju\u017c na Wis\u0142ostradzie w Warszawie! Piesi i kierowcy notorycznie \u0142ami\u0105 przepisy, motocykli\u015bci urz\u0105dzaj\u0105 wy\u015bcigi w \u015brodku miasta, samochody szale\u0144c\u00f3w mkn\u0105 z szybko\u015bci\u0105 dochodz\u0105c\u0105 do stu kilometr\u00f3w na godzin\u0119 na terenie zabudowanym. Cwaniactwo, lekkomy\u015blno\u015b\u0107, ambicja, chamstwo s\u0105 na naszych drogach cz\u0119ste. I to nie z dala od policji, ale kilkaset metr\u00f3w od najbli\u017cszego komisariatu. Moim zdaniem ma to zwi\u0105zek z og\u00f3lna kultur\u0105 i cywilizacj\u0105, z zaniedbaniami si\u0119gaj\u0105cymi kilkudziesi\u0119ciu, a nawet kilkuset lat. Kolejne zaostrzenie przepis\u00f3w, kt\u00f3re obiecuje minister, nie wiele pomo\u017ce, bo przepisy mo\u017cna zaostrza\u0107 bez ko\u0144ca, natomiast przestrzegania prawa, regu\u0142 wsp\u00f3\u0142\u017cycia z innymi kierowcami, poczucia odpowiedzialno\u015bci, trzeba si\u0119 uczy\u0107 latami.<\/p>\n<p><!--more--><\/p>\n<p>Kilka lat temu jecha\u0142em autobusem mi\u0119dzymiastowym w Peru &#8211; kraju du\u017co biedniejszym i bardziej zacofanym ni\u017c Polska. Tam jest jeszcze gorzej i to nie przypadek. Autobus by\u0142 zdezelowany, a\u017c strach by\u0142o wsi\u0105\u015b\u0107. Kiedy po kilku godzinach jazdy kierowca zatrzyma\u0142 si\u0119 na kr\u00f3tki post\u00f3j, otworzy\u0142 baga\u017cnik z boku autokaru, i z tego baga\u017cnika\u2026 wyszed\u0142 cz\u0142owiek. \u2013 <em>Kto to jest?<\/em> \u2013 zapyta\u0142em. \u2013 <em>To m\u00f3j zmiennik, b\u0119dzie prowadzi\u0142 w nocy, teraz wypoczywa<\/em> \u2013 odpowiedzia\u0142 kierowca. Kiedy ruszyli\u015bmy w dalsz\u0105 drog\u0119, jecha\u0142 tak szybko, \u017ce wkr\u00f3tce zderzyli\u015bmy si\u0119 z ci\u0119\u017car\u00f3wk\u0105, kt\u00f3ra wyjecha\u0142a z bocznej drogi. Kiedy po godzinie nadjecha\u0142 policjant i zapyta\u0142, kto jest kierowc\u0105 \u2013 zg\u0142osi\u0142 si\u0119 \u201ezmiennik\u201d, kt\u00f3ry zd\u0105\u017cy\u0142 si\u0119 wygramoli\u0107 z baga\u017cnika. Okaza\u0142o si\u0119, \u017ce \u201ekierowca\u201d, kt\u00f3ry prowadzi\u0142 autobus, nie mia\u0142 prawa jazdy, albo mia\u0142 je fa\u0142szywe i nie chcia\u0142 pokaza\u0107. Wypadki nie bior\u0105 si\u0119 z niczego.<\/p>\n<p>A kwestia ubezpiecze\u0144? Ilekro\u0107 zdarzy si\u0119 tragedia, nieszcz\u0119\u015bliwy wypadek czy pow\u00f3d\u017a, tylekro\u0107 oczekiwania i pretensje poszkodowanych kierowane s\u0105 pod adresem rz\u0105du. (Kiedy Cimoszewicz powiedzia\u0142, co my\u015bli o tych, kt\u00f3rzy si\u0119 nie ubezpieczaj\u0105, uznano to za nietakt i przegra\u0142 wybory). W\u00f3jt, starosta, wojewoda, nawet prezydent \u2013 wszyscy wyci\u0105gaj\u0105 do nich r\u0119ce, kieruj\u0105 do nich pretensje, \u017ce \u201eju\u017c drugi dzie\u0144 mija, a pieni\u0119dzy ci\u0105gle nie ma\u201d. I zawsze to samo: numer konta na ekranie telewizor\u00f3w i wzruszaj\u0105ce dowody ofiarno\u015bci. To wszystko pi\u0119knie, ale jaki procent mieszka\u0144 i zabudowa\u0144 jest ubezpieczonych, jaki procent turyst\u00f3w i pielgrzym\u00f3w wyrusza z polis\u0105 w kieszeni? Pa\u0144stwo \u201ema da\u0107\u201d i pa\u0144stwo \u201edaje\u201d z pieni\u0119dzy podatnik\u00f3w (aczkolwiek zdecydowania za ma\u0142o, jak na potrzeby zainteresowanych). Ba, p\u0142aci nawet PZU, cho\u0107 pielgrzymka by\u0142a ubezpieczona (miejmy nadziej\u0119) gdzie indziej. Wszystko to \u015bwiadczy tylko o jednym \u2013 o naszym poziomie cywilizacyjnym.<\/p>\n<p>&#8211; <em>Nar\u00f3d polski jest pobo\u017cny<\/em> \u2013 powiedzia\u0142 prezydent, ale wiara w cuda nie wystarczy.<\/p>\n<p>***<\/p>\n<p><strong>PS<\/strong>. Zapraszam do Salonu \u201ePolityki\u201d w Sopocie, na <strong><a href=\"http:\/\/www.polityka.pl\/polityka\/index.jsp?news_cat_id=1396&#038;news_id=224297&#038;layout=16&#038;page=text&#038;place=Text01\" target=\"_blank\">spotkanie z Nin\u0105 Terentiew<\/a><\/strong> \u2013 \u201ecaryc\u0105 telewizji\u201d. Wtorek, 24 lipca, godz. 18.00 (punktualnie!), Urz\u0105d Miasta, ul. Ko\u015bciuszki 25\/27.<\/p>\n","protected":false},"excerpt":{"rendered":"<p>Tragedia polskiego autokaru w Alpach nie jest ani pierwsza, ani ostatnia. Wypadki te w du\u017cym stopniu wynikaj\u0105 z zacofania cywilizacyjnego naszego kraju, z niskiej kultury na drogach. Nie dziwi mnie, \u017ce w Polsce \u2013 jak powiedzia\u0142 prezydent Kaczy\u0144ski \u2013 jest stosunkowo dwa razy wi\u0119cej wypadk\u00f3w drogowych ni\u017c we Francji. \u017bycie ludzkie jest w Polsce tanie, [&hellip;]<\/p>\n","protected":false},"author":4,"featured_media":0,"comment_status":"open","ping_status":"open","sticky":false,"template":"","format":"standard","meta":{"footnotes":""},"categories":[1],"tags":[],"_links":{"self":[{"href":"https:\/\/blog.polityka.pl\/passent\/wp-json\/wp\/v2\/posts\/312"}],"collection":[{"href":"https:\/\/blog.polityka.pl\/passent\/wp-json\/wp\/v2\/posts"}],"about":[{"href":"https:\/\/blog.polityka.pl\/passent\/wp-json\/wp\/v2\/types\/post"}],"author":[{"embeddable":true,"href":"https:\/\/blog.polityka.pl\/passent\/wp-json\/wp\/v2\/users\/4"}],"replies":[{"embeddable":true,"href":"https:\/\/blog.polityka.pl\/passent\/wp-json\/wp\/v2\/comments?post=312"}],"version-history":[{"count":0,"href":"https:\/\/blog.polityka.pl\/passent\/wp-json\/wp\/v2\/posts\/312\/revisions"}],"wp:attachment":[{"href":"https:\/\/blog.polityka.pl\/passent\/wp-json\/wp\/v2\/media?parent=312"}],"wp:term":[{"taxonomy":"category","embeddable":true,"href":"https:\/\/blog.polityka.pl\/passent\/wp-json\/wp\/v2\/categories?post=312"},{"taxonomy":"post_tag","embeddable":true,"href":"https:\/\/blog.polityka.pl\/passent\/wp-json\/wp\/v2\/tags?post=312"}],"curies":[{"name":"wp","href":"https:\/\/api.w.org\/{rel}","templated":true}]}}