
{"id":3123,"date":"2015-11-18T14:04:18","date_gmt":"2015-11-18T13:04:18","guid":{"rendered":"http:\/\/passent.blog.polityka.pl\/?p=3123"},"modified":"2015-11-18T16:24:11","modified_gmt":"2015-11-18T15:24:11","slug":"expose-bez-sensacji","status":"publish","type":"post","link":"https:\/\/blog.polityka.pl\/passent\/2015\/11\/18\/expose-bez-sensacji\/","title":{"rendered":"Expose bez sensacji"},"content":{"rendered":"<p>Expos\u00e9 premier Beaty Szyd\u0142o nie by\u0142o porywaj\u0105ce i chyba nie przejdzie do historii. Prezydent Duda i pos\u0142owie prawicy klaskali bardzo cz\u0119sto, ale sensacji nie by\u0142o.<br \/>\n<!--more--><br \/>\nChronologicznie, w pierwszej kolejno\u015bci, premier wymieni\u0142a bezpiecze\u0144stwo, a tak\u017ce wypowiedzia\u0142a kilka zakl\u0119\u0107 (pokora, umiar, roztropno\u015b\u0107, koniec z arogancj\u0105 i pych\u0105 w\u0142adzy). To ostatnie zabrzmia\u0142o dziwnie w kontek\u015bcie u\u0142askawienia przez prezydenta m.in. Mariusza Kami\u0144skiego. G\u0142\u00f3wnym has\u0142em rz\u0105du ma by\u0107 rozw\u00f3j, rozw\u00f3j i jeszcze raz rozw\u00f3j, temu celowi ma s\u0142u\u017cy\u0107 reorganizacja rz\u0105du i ministerstw, ale bez wzmianki o tym, \u017ce mamy ich dzisiaj rekordow\u0105 liczb\u0119.<\/p>\n<p>W ci\u0105gu pierwszych stu dni rz\u0105d zamierza wywi\u0105za\u0107 si\u0119 w obietnicy 500 z\u0142 na ka\u017cde dziecko (drugie w rodzinach lepiej sytuowanych), cofni\u0119cie wieku emerytalnego (do 60\/65), ale bez s\u0142owa o tym, jak to wp\u0142ynie na wysoko\u015b\u0107 emerytur. Kwota wolna od podatku ma by\u0107 podniesiona do 8 tys. z\u0142otych. Dla os\u00f3b powy\u017cej 75. roku \u017cycia, bez wzgl\u0119du na doch\u00f3d, lekarstwa b\u0119d\u0105 darmowe (wyj\u0105tkowo niefortunny pomys\u0142, kt\u00f3ry przyczyni si\u0119 do wykupu, chomikowania, marnowania lek\u00f3w i w\u0105troby). P\u0142aca minimum wyniesie 12 z\u0142 za godzin\u0119, umowy \u015bmieciowe do likwidacji. Podatek CIT dla ma\u0142ych i  \u015brednich przedsi\u0119biorstw zostanie obni\u017cony do 15 proc.<\/p>\n<p>Sk\u0105d na to wszystko pieni\u0105dze? Z podatku bankowego, od sklep\u00f3w wielkopowierzchniowych (oklaski). Kapita\u0142 zostanie obudzony i zach\u0119cony do inwestycji, wzro\u015bnie popyt i liczba miejsc pracy. \u015arodki europejskie b\u0119d\u0105 wykorzystywane racjonalnie, a nie rozrzutnie jak dotychczas (najdro\u017csze autostrady). Powstan\u0105 \u201edoliny\u201d: hutnicza, mleczna, kolejowa. W og\u00f3le powstanie du\u017co. Pod tym wzgl\u0119dem expos\u00e9, zreszt\u0105 sprawnie odczytane i wyg\u0142oszone, przypomina\u0142o przem\u00f3wienia wyborcze \u2013 du\u017co obietnic i zapewnie\u0144, mniej konkret\u00f3w, \u017cadnych rewelacji.<\/p>\n<p>Polskie rodziny, tanie mieszkania pod wynajem, z mo\u017cliwo\u015bci\u0105 stopniowego wykupu, bezp\u0142atne przedszkola dla najubo\u017cszych (oklaski), \u201enie\u201d dla ekonomizacji s\u0142u\u017cby zdrowia, szpitale nie mog\u0105 by\u0107 przedsi\u0119biorstwami, powr\u00f3t do reformy prof. Religi (oklaski), oddzielenie p\u0142atnej prywatnej i publicznej darmowej s\u0142u\u017cby zdrowia, finansowanej z bud\u017cetu, gabinety stomatologiczne w szko\u0142ach (oklaski), podniesienie najni\u017cszych emerytur.<\/p>\n<p>O\u015bwiata: odwo\u0142anie obowi\u0105zku szkolnego 6-latk\u00f3w, rodzice b\u0119d\u0105 decydowa\u0107 sami, stopniowa likwidacja gimnazj\u00f3w i powr\u00f3t do formu\u0142y 8+4, odbiurokratyzowanie szkolnictwa, s\u0142u\u017cby zdrowia, lekarze do leczenia, nauczyciela do nauczania, odbudowa szkolnictwa zawodowego dla potrzeb rynku. Szko\u0142a ma uczy\u0107 i wychowywa\u0107, budowa\u0107 to\u017csamo\u015b\u0107, patriotyzm, powr\u00f3t do klasycznego kanonu lektur, pe\u0142ne (?) nauczanie historii (oklaski).<\/p>\n<p>Pa\u0144stwo ma by\u0107 moralne, dumne, temu ma s\u0142u\u017cy\u0107 polityka kulturalna, nastawiona na krzewienie patriotyzmu, pami\u0119\u0107 narodow\u0105, polskich bohater\u00f3w, etos, dzie\u0142a sztuki o polskich bohaterach. Pani premier docenia nauczycieli, uczonych, tw\u00f3rc\u00f3w, a najbardziej bohater\u00f3w.<\/p>\n<p>Sprawiedliwo\u015b\u0107, wi\u0119ksza efektywno\u015b\u0107 s\u0105d\u00f3w (oklaski), wstyd, \u017ce pa\u0144stwo zabiera dzieci rodzinom, kt\u00f3re maj\u0105 niski doch\u00f3d (oklaski). Ani s\u0142owa o kontrowersjach dotycz\u0105cych wymiaru sprawiedliwo\u015bci.<\/p>\n<p>Ministerstwa zreorganizujemy, niekt\u00f3re zosta\u0142y utworzone (energetyka, cyfryzacja), g\u00f3rnictwo naprawimy, transport \u015br\u00f3dl\u0105dowy o\u017cywimy, tak by po polskich rzekach p\u0142ywa\u0142y barki Made in Poland.<br \/>\nW polityce zagranicznej \u2013 na pierwszym miejscu USA \u2013 najwa\u017cniejszy sojusznik, na drugim Europa, z siln\u0105 pozycj\u0105 Polski (wzmianka o Lechu Kaczy\u0144skim, oklaski), \u201enie\u201d dla eksportu problem\u00f3w niekt\u00f3rych pa\u0144stw (czytaj: eksport uchod\u017ac\u00f3w z du\u017cych pa\u0144stw Unii do pa\u0144stw mniejszych). Odbudowa s\u0142u\u017cby dyplomatycznej, zaniedbanej i skurczonej przez poprzednik\u00f3w (przypomnijmy: w okresie kryzysu zamkni\u0119cie niekt\u00f3rych plac\u00f3wek przez rz\u0105d Tuska \u2013 Sikorskiego).<\/p>\n<p>Nacisk na dyplomacj\u0119 ekonomiczn\u0105 (nieod\u0142\u0105czny temat wszystkich tego typu wyst\u0105pie\u0144). Bliskie kontakty z Poloni\u0105. Odpowiedzialno\u015b\u0107 w\u0142adzy przed Polakami. Dlatego zostanie przeprowadzony audyt, zaniedbane przez poprzednik\u00f3w podsumowanie stanu pa\u0144stwa, jakie przej\u0119\u0142a nowa w\u0142adza.<\/p>\n<p>Skoro prezydent Duda m\u00f3wi, \u017ce jest \u017ale, bardzo \u017ale, a PiS m\u00f3wi\u0142 o Polsce w ruinie i w zgliszczach, to b\u0119dzie to zapewne raport ponury. Im gorszy stan pa\u0144stwa dzisiaj \u2013 tym wi\u0119ksze osi\u0105gni\u0119cia jutro.<\/p>\n<p>I to by by\u0142o na tyle.<\/p>\n","protected":false},"excerpt":{"rendered":"<p>Expos\u00e9 premier Beaty Szyd\u0142o nie by\u0142o porywaj\u0105ce i chyba nie przejdzie do historii. Prezydent Duda i pos\u0142owie prawicy klaskali bardzo cz\u0119sto, ale sensacji nie by\u0142o.<\/p>\n","protected":false},"author":4,"featured_media":0,"comment_status":"open","ping_status":"closed","sticky":false,"template":"","format":"standard","meta":{"footnotes":""},"categories":[1],"tags":[],"_links":{"self":[{"href":"https:\/\/blog.polityka.pl\/passent\/wp-json\/wp\/v2\/posts\/3123"}],"collection":[{"href":"https:\/\/blog.polityka.pl\/passent\/wp-json\/wp\/v2\/posts"}],"about":[{"href":"https:\/\/blog.polityka.pl\/passent\/wp-json\/wp\/v2\/types\/post"}],"author":[{"embeddable":true,"href":"https:\/\/blog.polityka.pl\/passent\/wp-json\/wp\/v2\/users\/4"}],"replies":[{"embeddable":true,"href":"https:\/\/blog.polityka.pl\/passent\/wp-json\/wp\/v2\/comments?post=3123"}],"version-history":[{"count":7,"href":"https:\/\/blog.polityka.pl\/passent\/wp-json\/wp\/v2\/posts\/3123\/revisions"}],"predecessor-version":[{"id":3131,"href":"https:\/\/blog.polityka.pl\/passent\/wp-json\/wp\/v2\/posts\/3123\/revisions\/3131"}],"wp:attachment":[{"href":"https:\/\/blog.polityka.pl\/passent\/wp-json\/wp\/v2\/media?parent=3123"}],"wp:term":[{"taxonomy":"category","embeddable":true,"href":"https:\/\/blog.polityka.pl\/passent\/wp-json\/wp\/v2\/categories?post=3123"},{"taxonomy":"post_tag","embeddable":true,"href":"https:\/\/blog.polityka.pl\/passent\/wp-json\/wp\/v2\/tags?post=3123"}],"curies":[{"name":"wp","href":"https:\/\/api.w.org\/{rel}","templated":true}]}}