
{"id":3132,"date":"2015-11-22T20:29:36","date_gmt":"2015-11-22T19:29:36","guid":{"rendered":"http:\/\/passent.blog.polityka.pl\/?p=3132"},"modified":"2015-11-22T20:44:16","modified_gmt":"2015-11-22T19:44:16","slug":"teatr-polski","status":"publish","type":"post","link":"https:\/\/blog.polityka.pl\/passent\/2015\/11\/22\/teatr-polski\/","title":{"rendered":"Teatr polski"},"content":{"rendered":"<p>W teatrze polskim co i raz to nowe, zdumiewaj\u0105ce sceny.<br \/>\n<!--more--><br \/>\n<strong>Scena pierwsza:<\/strong> prezydent Najja\u015bniejszej \u201euwalnia wymiar sprawiedliwo\u015bci\u201d i u\u0142askawia Mariusza Kami\u0144skiego, wiceprezesa PiS, ministra, koordynatora s\u0142u\u017cb specjalnych. Nie jestem prawnikiem, ale przyjmuj\u0119, \u017ce prezydent ma do tego prawo. Robi to jednak w czasie post\u0119powania s\u0105dowego, kiedy na stole jest apelacja Kami\u0144skiego od wyroku s\u0105du I instancji, kiedy przedstawiciel s\u0105du m\u00f3wi, \u017ce nikt ostatnio nie zapoznawa\u0142 si\u0119 z aktami sprawy, bez zasi\u0119gni\u0119cia opinii prokuratury i s\u0105du (co jest normaln\u0105 praktyk\u0105) itd. itp.<\/p>\n<p>Ale na mnie szczeg\u00f3lne wra\u017cenie zrobi\u0142 fakt, \u017ce prezydent Duda w rozmowie z dziennikarzami publicznie, z imienia i nazwiska, pot\u0119pi\u0142 s\u0119dziego s\u0105du I instancji, kt\u00f3ry mia\u0142 czelno\u015b\u0107 skaza\u0107 dzia\u0142acza PiS, by\u0142ego szefa CBA i jego wsp\u00f3\u0142pracownik\u00f3w. Czy nasi blogowicze, rozsiani po \u015bwiecie, znaj\u0105 du\u017co takich przypadk\u00f3w, kiedy prezydent du\u017cego, demokratycznego pa\u0144stwa publicznie karci jednego s\u0119dziego? Czy robi tak Gauck, Hollande, Obama?<\/p>\n<p><strong>Scena druga:<\/strong> rz\u0105d polski zwalcza przedstawienie teatralne, i to przed premier\u0105, kiedy nikt z rz\u0105du go nie obejrza\u0142. I to spektakl w oparciu o tekst laureatki nagrody Nobla, Elfriede Jelinek. Piotr Gli\u0144ski \u2013 cz\u0142owiek, wydawa\u0142oby si\u0119, powa\u017cny, profesor, minister kultury i wicepremier &#8211; w publicznej wypowiedzi wygra\u017ca\u0142 Teatrowi Polskiemu (i innym) we Wroc\u0142awiu, \u017ce za pa\u0144stwowe pieni\u0105dze nie b\u0119dzie w Polsce rozpowszechniana pornografia.<\/p>\n<p>Ministerstwo Kultury na pewno by\u0142o zaproszone na premier\u0119, podobnie jak w\u0142adze miasta i wojew\u00f3dztwa. Czy nie nale\u017ca\u0142o si\u0119 wstrzyma\u0107 z pomstowaniem do czasu obejrzenia spektaklu? Czy powa\u017cny polityk, cz\u0142onek rz\u0105du, pierwszy wicepremier musi si\u0119 tak spieszy\u0107 i wyrabia\u0107 sobie opini\u0119 o przedstawieniu na podstawie jakich\u015b tajemniczych \u017ar\u00f3de\u0142?<\/p>\n<p>Co prawda teatr zapowiada\u0142, \u017ce jest to przedstawienie dla doros\u0142ych, ale minister chyba jest doros\u0142y. Co jest, a co nie jest seksualno\u015bci\u0105 &#8211; to nie jest prosta sprawa do rozstrzygni\u0119cia przez urz\u0119dnik\u00f3w. Przypominam, \u017ce za czas\u00f3w rozkwitu dyktatury Franco w Hiszpanii zakazane by\u0142y kostiumy bikini. Ma\u0142o tego, podobnie jak minister Gli\u0144ski zachowa\u0142a si\u0119 inna gwiazda Zjednoczonej Prawicy, minister Beata Kempa. Kt\u00f3ra te\u017c spektaklu nie ogl\u0105da\u0142a. Ba, wiceminister kultury Jaros\u0142aw Sellin, cz\u0142owiek sk\u0105din\u0105d kulturalny i do\u015bwiadczony (by\u0142 sekretarzem stanu u ministra Ujazdowskiego), powiedzia\u0142 ostatnio w telewizji, \u017ce na filmy antypolskie, takie jak \u201ePok\u0142osie\u201d, pa\u0144stwowych \u015brodk\u00f3w nie b\u0119dzie. Zapytany, czy ogl\u0105da\u0142 ten film, z rozbrajaj\u0105c\u0105 szczero\u015bci\u0105 odpowiedzia\u0142 \u201enie\u201d.<\/p>\n<p><strong>Scena trzecia.<\/strong> Minister obrony Antoni Macierewicz powiedzia\u0142, \u017ce jednym z najwa\u017cniejszych, je\u015bli nie najwa\u017cniejszym, wyzwaniem wojska jest wyja\u015bnienie tragedii smole\u0144skiej. Nie by\u0142oby to nic dziwnego, gdyby nie fakt, \u017ce od pewnego czasu nie m\u00f3wi si\u0119 o zamachu i wojnie. Ba, przestano m\u00f3wi\u0107 o umi\u0119dzynarodowieniu \u015bledztwa, o powo\u0142aniu ekspert\u00f3w zagranicznych. Ba, prezes Kaczy\u0144ski wyra\u017anie powiedzia\u0142: \u017cadnego \u015bledztwa mi\u0119dzynarodowego, jeste\u015bmy w stanie rozwi\u0105za\u0107 ten problem naszymi, polskimi si\u0142ami. Sk\u0105d taka zmiana? Przecie\u017c nie tak dawno Macierewicz je\u017adzi\u0142 do Ameryki w poszukiwaniu ekspert\u00f3w. Moja hipoteza: prezes odst\u0105pi\u0142 od umi\u0119dzynarodowienia \u015bledztwa (cho\u0107 teraz ma w\u0142adz\u0119 i wszelkie warunki, by to zrobi\u0107), poniewa\u017c zda\u0142 sobie spraw\u0119 (teraz dopiero?), \u017ce znalezienie powa\u017cnych ekspert\u00f3w mi\u0119dzynarodowych, kt\u00f3rzy podpisz\u0105 si\u0119 pod teori\u0105 o zamachu, mo\u017ce okaza\u0107 si\u0119 trudne.<\/p>\n<p>Wiele fakt\u00f3w, powa\u017cniejszych (nocne g\u0142osowania w Sejmie), \u015bwiadczy o tym, \u017ce nowa w\u0142adza bardzo si\u0119 spieszy, nie ma nawet czasu, \u017ceby p\u00f3j\u015b\u0107 do kina ani do teatru. Panie i panowie, wyluzujcie, zanim zaatakujecie &#8211; poczytajcie, pomy\u015blcie, macie przed sob\u0105 \u2013 niestety &#8211; du\u017co czasu.<\/p>\n","protected":false},"excerpt":{"rendered":"<p>W teatrze polskim co i raz to nowe, zdumiewaj\u0105ce sceny.<\/p>\n","protected":false},"author":4,"featured_media":0,"comment_status":"open","ping_status":"closed","sticky":false,"template":"","format":"standard","meta":{"footnotes":""},"categories":[1],"tags":[],"_links":{"self":[{"href":"https:\/\/blog.polityka.pl\/passent\/wp-json\/wp\/v2\/posts\/3132"}],"collection":[{"href":"https:\/\/blog.polityka.pl\/passent\/wp-json\/wp\/v2\/posts"}],"about":[{"href":"https:\/\/blog.polityka.pl\/passent\/wp-json\/wp\/v2\/types\/post"}],"author":[{"embeddable":true,"href":"https:\/\/blog.polityka.pl\/passent\/wp-json\/wp\/v2\/users\/4"}],"replies":[{"embeddable":true,"href":"https:\/\/blog.polityka.pl\/passent\/wp-json\/wp\/v2\/comments?post=3132"}],"version-history":[{"count":6,"href":"https:\/\/blog.polityka.pl\/passent\/wp-json\/wp\/v2\/posts\/3132\/revisions"}],"predecessor-version":[{"id":3139,"href":"https:\/\/blog.polityka.pl\/passent\/wp-json\/wp\/v2\/posts\/3132\/revisions\/3139"}],"wp:attachment":[{"href":"https:\/\/blog.polityka.pl\/passent\/wp-json\/wp\/v2\/media?parent=3132"}],"wp:term":[{"taxonomy":"category","embeddable":true,"href":"https:\/\/blog.polityka.pl\/passent\/wp-json\/wp\/v2\/categories?post=3132"},{"taxonomy":"post_tag","embeddable":true,"href":"https:\/\/blog.polityka.pl\/passent\/wp-json\/wp\/v2\/tags?post=3132"}],"curies":[{"name":"wp","href":"https:\/\/api.w.org\/{rel}","templated":true}]}}