
{"id":3146,"date":"2015-11-29T21:10:42","date_gmt":"2015-11-29T20:10:42","guid":{"rendered":"http:\/\/passent.blog.polityka.pl\/?p=3146"},"modified":"2015-11-29T21:32:54","modified_gmt":"2015-11-29T20:32:54","slug":"dwie-strony-medalu","status":"publish","type":"post","link":"https:\/\/blog.polityka.pl\/passent\/2015\/11\/29\/dwie-strony-medalu\/","title":{"rendered":"Dwie strony medalu"},"content":{"rendered":"<p>B\u0142yskawiczny marsz armii marsza\u0142ka Kaczy\u0144skiego, armii rzecz jasna polskiej i wyzwole\u0144czej, wprawia jednych w zachwyt,  a innych w przera\u017cenie.<br \/>\n<!--more--><br \/>\nOddajmy najpierw g\u0142os tym pierwszym. Ich wyrazicielem jest prezydent Duda, kt\u00f3ry niedawno, powierzaj\u0105c sformowanie rz\u0105du pani Szyd\u0142o, wyg\u0142osi\u0142 adres ho\u0142downiczy pod adresem ich wsp\u00f3lnego mocodawcy \u2013 Jaros\u0142awa Kaczy\u0144skiego. Czytaj\u0105c te s\u0142owa, mo\u017cna odnie\u015b\u0107 wra\u017cenie, \u017ce prezydent Polski sk\u0142ada nasz kraj w ofierze &#8211; u st\u00f3p swojego zbawcy.<\/p>\n<blockquote><p>Przede wszystkim chc\u0119 pogratulowa\u0107 i z\u0142o\u017cy\u0107 wyrazy szacunku i podziwu panu premierowi Jaros\u0142awowi Kaczy\u0144skiemu, prezesowi PiS. Panie premierze (\u2026),  jest pan z ca\u0142\u0105 pewno\u015bci\u0105 wielkim politykiem, wielkim strategiem, ale dodam jeszcze jedno: z ca\u0142\u0105 pewno\u015bci\u0105 jest pan wielkim cz\u0142owiekiem. Jest pan wielkim strategiem, bo podj\u0105\u0142 pan ogromne ryzyko, gdy ostatecznie razem z w\u0142adzami PiS zdecydowa\u0142 pan, \u017ce b\u0119d\u0119 kandydatem na prezydenta. (\u2026)<\/p>\n<p>Potem podj\u0105\u0142 pan kolejne ryzyko, wystawiaj\u0105c na kandydata na premiera pani\u0105 prezes, dzi\u015b premier Beat\u0119 Szyd\u0142o. To by\u0142o ryzyko polityczne, trzeba wielkiej odwagi i determinacji, by czego\u015b takiego dokona\u0107. Trzeba by\u0107 wizjonerem&#8230;<\/p><\/blockquote>\n<p>Trzeba by\u0107 wielkim cz\u0142owiekiem i patriot\u0105 \u2013 m\u00f3wi\u0142 dalej prezydent &#8211; by mimo oczywistych osobistych ambicji odda\u0107 pa\u0142eczk\u0119 w\u0142adzy w r\u0119ce wsp\u00f3\u0142pracownik\u00f3w. \u201eJestem dla pana pe\u0142en podziwu\u201d. Itd. itp.<\/p>\n<p>Chocia\u017c prezydent nie wypiera si\u0119 swojego rodowodu politycznego, mimo wszystko ten adres ho\u0142downiczy budzi zdziwienie. Po pierwsze \u2013 nie przypominam sobie, by w ostatnich latach jakikolwiek urz\u0119duj\u0105cy prezydent wyg\u0142osi\u0142 taki pean na cze\u015b\u0107 \u017cyj\u0105cego i aktywnego polityka, w dodatku swojego mocodawcy. Po drugie &#8211; by\u0142oby to bardziej zrozumia\u0142e, gdyby sta\u0142o si\u0119 z okazji np. jubileuszu, przyznania presti\u017cowej nagrody, cho\u0107by Nobla, czy podobnego wydarzenia.<\/p>\n<p>Ale w czasie powierzania misji premiera pani Szyd\u0142o \u2013 czy nie by\u0142 to aby afront wobec niej? Po trzecie \u2013 prezydent z natury rzeczy jest, lub przynajmniej stara si\u0119, udaje, \u017ce jest prezydentem wszystkich Polak\u00f3w. Zgodnie ze swoimi obietnicami mia\u0142 jednoczy\u0107, a nie dzieli\u0107. Tymczasem Jaros\u0142aw Kaczy\u0144ski, polityk wybitny i skuteczny, ale i kontrowersyjny, przoduje na wszystkich listach braku zaufania znacznej cz\u0119\u015bci rodak\u00f3w. Ten brak sympatii musi mie\u0107 swoje \u017ar\u00f3d\u0142a. Wynosz\u0105c swojego patrona pod niebiosa, prezydent Duda wykroczy\u0142 nawet ponad to, co m\u00f3wiono pod adresem Jana Paw\u0142a II.<\/p>\n<p>Na szcz\u0119\u015bcie nie wszyscy jeszcze trac\u0105 poczucie rzeczywisto\u015bci. \u0141ukasz Warzecha, publicysta od dawna b\u0119d\u0105cy pod urokiem PiS, obserwuj\u0105c triumfalny marsz armii Kaczy\u0144skiego, dzieli si\u0119 swoimi w\u0105tpliwo\u015bciami (\u201eRz\u201d 26 bm). Nominacja Macierewicza, u\u0142askawienie Kami\u0144skiego, \u201enader szybkie\u201d przeg\u0142osowanie ustawy o Trybunale Konstytucyjnym, likwidacja rotacji przewodnictwa Komisji S\u0142u\u017cb Specjalnych oraz wyeliminowanie PSL z prezydium Sejmu, wszystko to \u2013 zdaniem Warzechy \u2013 nie narusza prawa, ale \u201ejest na granicy dobrego obyczaju, poza ni\u0105 lub przynajmniej budzi powa\u017cne w\u0105tpliwo\u015bci\u201d. Zast\u0105pienie na stanowisku ministra obrony zapowiadanego Gowina Macierewiczem nazywa autor \u201ecynicznym zabiegiem\u201d. Niekt\u00f3re posuni\u0119cia wygl\u0105daj\u0105 \u201ejak zwyk\u0142a z\u0142o\u015bliwo\u015b\u0107, nies\u0142u\u017c\u0105ca niczemu poza pokazaniem swojej si\u0142y\u201d.<\/p>\n<p>\u201ePO zaw\u0142aszczy\u0142a sobie wyb\u00f3r s\u0119dzi\u00f3w TK? To teraz zaw\u0142aszczymy go sobie my. PO sprawi\u0142a, \u017ce PiS w minionej kadencji mia\u0142o tylko raz przewodnicz\u0105cego Komisji ds. S\u0142u\u017cb? To teraz nie b\u0119dzie go mia\u0142a wcale. I tak dalej. Teraz, &#8230;, my \u2013 jak to kiedy\u015b uj\u0105\u0142 w odniesieniu do innej sytuacji politycznej sam Kaczy\u0144ski \u2013 tyle \u017ce w szlachetnym celu\u201d.<\/p>\n<p>Co prawda Warzecha uwa\u017ca larum z powodu rzekomego zagro\u017cenia demokracji za pochodz\u0105ce z psychiatryka, ale mimo wszystko jego artyku\u0142 jest dobrym uzupe\u0142nieniem peanu prezydenta Dudy. To jak gdyby druga strona medalu.<\/p>\n","protected":false},"excerpt":{"rendered":"<p>B\u0142yskawiczny marsz armii marsza\u0142ka Kaczy\u0144skiego, armii rzecz jasna polskiej i wyzwole\u0144czej, wprawia jednych w zachwyt, a innych w przera\u017cenie.<\/p>\n","protected":false},"author":4,"featured_media":0,"comment_status":"open","ping_status":"closed","sticky":false,"template":"","format":"standard","meta":{"footnotes":""},"categories":[1],"tags":[],"_links":{"self":[{"href":"https:\/\/blog.polityka.pl\/passent\/wp-json\/wp\/v2\/posts\/3146"}],"collection":[{"href":"https:\/\/blog.polityka.pl\/passent\/wp-json\/wp\/v2\/posts"}],"about":[{"href":"https:\/\/blog.polityka.pl\/passent\/wp-json\/wp\/v2\/types\/post"}],"author":[{"embeddable":true,"href":"https:\/\/blog.polityka.pl\/passent\/wp-json\/wp\/v2\/users\/4"}],"replies":[{"embeddable":true,"href":"https:\/\/blog.polityka.pl\/passent\/wp-json\/wp\/v2\/comments?post=3146"}],"version-history":[{"count":3,"href":"https:\/\/blog.polityka.pl\/passent\/wp-json\/wp\/v2\/posts\/3146\/revisions"}],"predecessor-version":[{"id":3149,"href":"https:\/\/blog.polityka.pl\/passent\/wp-json\/wp\/v2\/posts\/3146\/revisions\/3149"}],"wp:attachment":[{"href":"https:\/\/blog.polityka.pl\/passent\/wp-json\/wp\/v2\/media?parent=3146"}],"wp:term":[{"taxonomy":"category","embeddable":true,"href":"https:\/\/blog.polityka.pl\/passent\/wp-json\/wp\/v2\/categories?post=3146"},{"taxonomy":"post_tag","embeddable":true,"href":"https:\/\/blog.polityka.pl\/passent\/wp-json\/wp\/v2\/tags?post=3146"}],"curies":[{"name":"wp","href":"https:\/\/api.w.org\/{rel}","templated":true}]}}