
{"id":3150,"date":"2015-12-01T09:41:27","date_gmt":"2015-12-01T08:41:27","guid":{"rendered":"http:\/\/passent.blog.polityka.pl\/?p=3150"},"modified":"2015-12-01T10:09:58","modified_gmt":"2015-12-01T09:09:58","slug":"litosci-dla-redaktora","status":"publish","type":"post","link":"https:\/\/blog.polityka.pl\/passent\/2015\/12\/01\/litosci-dla-redaktora\/","title":{"rendered":"Lito\u015bci dla redaktora"},"content":{"rendered":"<p>Zwracam si\u0119 do pana pos\u0142a Krzysztofa Czaba\u0144skiego (pe\u0142nomocnika rz\u0105du do naprawy medi\u00f3w publicznych) oraz do pana Jacka Kurskiego, wiceministra kultury i dziedzictwa narodowego, kt\u00f3ry zajmuje si\u0119 napraw\u0105 TVP, z nast\u0119puj\u0105c\u0105 pro\u015bb\u0105: w zwi\u0105zku z zapowiadan\u0105 czystk\u0105, pardon, g\u0142\u0119bokimi zmianami personalnymi w Telewizji Publicznej, uprzejmie prosz\u0119 o lito\u015b\u0107 dla redaktora Macieja W\u0105sowicza, zatrudnionego w TVP Info.<br \/>\n<!--more--><br \/>\nWy\u017cej wymieniony w niedziel\u0119, 30 listopada, prowadzi\u0142 os\u0142awiony ju\u017c program \u201eMin\u0119\u0142a dwudziesta\u201d, kt\u00f3rego gospodyni\u0105 tydzie\u0144 wcze\u015bniej by\u0142a red. Karolina Lewicka, znana z brutalnego potraktowania premiera Gli\u0144skiego. Spos\u00f3b prowadzenia programu przez red. Lewick\u0105 wywo\u0142a\u0142 powszechne oburzenie, zw\u0142aszcza ministra kultury i wicepremiera, i spotka\u0142 si\u0119 z krytyk\u0105, nie tylko ze strony zainteresowanego premiera, ale wszystkich, kt\u00f3rym drogie jest rzetelne patriotyczne dziennikarstwo.<\/p>\n<p>Pot\u0119pienie to nie mog\u0142o pozosta\u0107 bez echa w TVP Info. Na szcz\u0119\u015bcie niekt\u00f3rzy dziennikarze ww. telewizji wyci\u0105gn\u0119li wnioski ze skandalicznego programu, przemy\u015bleli spraw\u0119, zrozumieli swoje b\u0142\u0119dy i du\u017co si\u0119 przez nast\u0119pny tydzie\u0144 nauczyli. \u015awiadczy o tym nast\u0119pny program z tego cyklu, w kt\u00f3rym redaktor W\u0105sowicz go\u015bci\u0142 bli\u017cej dotychczas nieznanego Mateusza Kijowskiego z bli\u017cej nieznanego \u201eKomitetu Obrony Demokracji\u201d.<\/p>\n<p>Gospodarz programu w swoich pytaniach i uwagach od pocz\u0105tku do ko\u0144ca konsekwentnie podwa\u017ca\u0142 sens powo\u0142ania KOD. \u201eDlaczego w\u0142a\u015bnie teraz utworzono ten ruch, a nie na przyk\u0142ad w czerwcu, kiedy Platforma wykona\u0142a pierwszy zamach na Trybuna\u0142 Konstytucyjny?&#8221; &#8211; pyta\u0142 gospodarz, a jego go\u015b\u0107 t\u0142umaczy\u0142 si\u0119 naiwnie, \u017ce widocznie wtedy nikt nie wpad\u0142 na ten pomys\u0142. \u201eDlaczego wtedy podobnego ruchu nie za\u0142o\u017cyli inni, np. PiS?&#8221; \u2013 broni\u0142 si\u0119 Kijowski. W odpowiedzi na to red. W\u0105sacz wzi\u0105\u0142 w obron\u0119 PiS, przypominaj\u0105c Kijowskiemu, \u017ce Prawo i Sprawiedliwo\u015b\u0107 jest parti\u0105 polityczn\u0105, c\u00f3r\u0105 demokracji, kt\u00f3ra by\u0142a zreszt\u0105 wtedy w opozycji.<\/p>\n<p>Trudno powiedzie\u0107, czy Kijowski zrozumia\u0142, na czym polega r\u00f3\u017cnica pomi\u0119dzy parti\u0105 PiS a KOD. Aby mu w tym dopom\u00f3c, redaktor zada\u0142 mu kilka pyta\u0144 pomocniczych, mianowicie: Czy pan naprawd\u0119 wierzy, \u017ce PiS morduje demokracj\u0119? Dlaczego nie poczekacie na owoce rz\u0105d\u00f3w PiS, bo przecie\u017c m\u00f3wi si\u0119 \u201epo owocach ich poznacie\u201d? Dlaczego Komitet Obrony Demokracji za\u0142o\u017cono akurat teraz? Na jakiej podstawie jego tw\u00f3rcy s\u0105dz\u0105, \u017ce instytucje pa\u0144stwa demokratycznego s\u0105 zagro\u017cone?<\/p>\n<p>Kiedy Kijowski, pod naporem argument\u00f3w redaktora, kluczy\u0142 i ucieka\u0142 w og\u00f3lniki (\u201ejeste\u015bmy zaniepokojeni\u201d itp.), redaktor z TVP Info nie da\u0142 za wygran\u0105, nie pozwoli\u0142 si\u0119 wykr\u0119ci\u0107, tylko zapyta\u0142 wprost: czy aby nie chodzi o PiS? \u201eTo pan powiedzia\u0142!\u201d \u2013 broni\u0142 si\u0119 Kijowski. \u201ePan tego nie chcia\u0142 powiedzie\u0107. To ja musia\u0142em powiedzie\u0107 za pana!\u201d \u2013 przyszpili\u0142 go redaktor.<\/p>\n<p>Jak musia\u0142, to widocznie musia\u0142, nietrudno si\u0119 domy\u015ble\u0107, dlaczego. Wszak w mediach publicznych id\u0105 nowe czasy. Nast\u0119pnie zapyta\u0142 go\u015bcia, co s\u0105dzi o nowej konstytucji \u201edla tego kraju\u201d, bo ta obecna jest stara i powsta\u0142a w innej rzeczywisto\u015bci. Mimo \u017ce zmiana konstytucji jest, jak wiadomo, celem PiS oraz Kukiz\u201915, ospa\u0142y umys\u0142owo Mateusz Kijowski zn\u00f3w nie z\u0142apa\u0142 wiatru w \u017cagle, tylko o\u015bmieli\u0142 si\u0119 zauwa\u017cy\u0107, \u017ce konstytucja ameryka\u0144ska liczy ponad 200 lat, a w naszej jak trzeba \u2013 mo\u017cna to i owo poprawi\u0107.<\/p>\n<p>Widz\u0105c, \u017ce go\u015b\u0107 wymyka mu si\u0119 z r\u0105k, redaktor zapyta\u0142 go wprost: skoro PiS ma wi\u0119kszo\u015b\u0107, bo 42 proc. poparcia, \u201eto w czyim imieniu wy wyst\u0119pujecie?\u201d  &#8211; i sam sobie odpowiedzia\u0142: w imieniu du\u017cej mniejszo\u015bci. Kijowski najpierw upiera\u0142 si\u0119 ma\u0142ostkowo, \u017ce wi\u0119kszo\u015b\u0107 to by by\u0142o 51 proc., a nast\u0119pnie przyzna\u0142, \u017ce sam nale\u017cy do mniejszo\u015bci, wcale nie twierdzi, \u017ce jest inaczej. Przy czym doda\u0142, \u017ce w demokracji wi\u0119kszo\u015b\u0107 sprawuje w\u0142adz\u0119, a mniejszo\u015b\u0107 korzysta z ochrony swoich praw. \u201eA, tu Ci\u0119 mam!&#8221; \u2013 pomy\u015bla\u0142 redaktor W\u0105sowicz i zn\u00f3w zaatakowa\u0142 z pozycji PiS: skoro obecny rz\u0105d jest u w\u0142adzy zaledwie kilka tygodni, to \u201ena t\u0119 chwil\u0119\u201d (tak m\u00f3wi) nie jeste\u015bmy w stanie stwierdzi\u0107, czy PiS nie chroni praw mniejszo\u015bci? I zn\u00f3w, czy KOD si\u0119 nie pospieszy\u0142 z t\u0105 obron\u0105 demokracji, bo przecie\u017c po owocach ich poznamy. Taka mniejszo\u015b\u0107, jak p\u00f3jdzie pod Sejm, to ile tam b\u0119dzie os\u00f3b? Bo narodowcy 11 listopada potrafi\u0105 w Warszawie zgromadzi\u0107 100 tysi\u0119cy. <\/p>\n<p>Na zako\u0144czenie redaktor stwierdzi\u0142, \u017ce inicjatywy KOD s\u0105 \u201e\u015bmieszne, bo w kraju nie ma sytuacji do bardzo krytycznych gest\u00f3w\u201d. Co powiedziawszy, nie podzi\u0119kowa\u0142 swojemu go\u015bciowi &#8211; ani si\u0119 z nim nie po\u017cegna\u0142, tylko go wy\u0142\u0105czy\u0142, bo zobaczy\u0142 na ekranie premier Szyd\u0142o w Brukseli.<\/p>\n<p>Reasumuj\u0105c, redaktor programu dobrze wykorzysta\u0142 czas od rozmowy TVP Info z premierem Gli\u0144skim, wzi\u0105\u0142 sobie do serca uwagi krytyczne pod adresem telewizji publicznej i w\u0142\u0105czy\u0142 si\u0119 w nurt przemian. Jest krystalicznie uczciwym redaktorem, a nie mo\u017ce by\u0107 tak, \u017ce dziennikarz, kt\u00f3ry demaskuje opozycj\u0119, jest za to karany, podczas gdy opozycjoni\u015bci paraduj\u0105 w glorii chwa\u0142y. Dlatego o\u015bmielam si\u0119 zwr\u00f3ci\u0107 do pan\u00f3w Czaba\u0144skiego i Kurskiego o skorzystanie wobec reaktora W\u0105sowicza z aktu \u0142aski.<\/p>\n<p><strong>PS ZAPROSZENIE<\/strong><br \/>\nJan ORDY\u0143SKI (TVP Info, Polskie Radio) i Eliza MICHALIK (Superstacja i inne) b\u0119d\u0105 naszymi go\u015b\u0107mi we wtorek, 1 grudnia, w Radiu TOK FM, godz. 20.05. Zapraszam!<\/p>\n","protected":false},"excerpt":{"rendered":"<p>Zwracam si\u0119 do pana pos\u0142a Krzysztofa Czaba\u0144skiego (pe\u0142nomocnika rz\u0105du do naprawy medi\u00f3w publicznych) oraz do pana Jacka Kurskiego, wiceministra kultury i dziedzictwa narodowego, kt\u00f3ry zajmuje si\u0119 napraw\u0105 TVP, z nast\u0119puj\u0105c\u0105 pro\u015bb\u0105: w zwi\u0105zku z zapowiadan\u0105 czystk\u0105, pardon, g\u0142\u0119bokimi zmianami personalnymi w Telewizji Publicznej, uprzejmie prosz\u0119 o lito\u015b\u0107 dla redaktora Macieja W\u0105sowicza, zatrudnionego w TVP Info.<\/p>\n","protected":false},"author":4,"featured_media":0,"comment_status":"open","ping_status":"closed","sticky":false,"template":"","format":"standard","meta":{"footnotes":""},"categories":[1],"tags":[],"_links":{"self":[{"href":"https:\/\/blog.polityka.pl\/passent\/wp-json\/wp\/v2\/posts\/3150"}],"collection":[{"href":"https:\/\/blog.polityka.pl\/passent\/wp-json\/wp\/v2\/posts"}],"about":[{"href":"https:\/\/blog.polityka.pl\/passent\/wp-json\/wp\/v2\/types\/post"}],"author":[{"embeddable":true,"href":"https:\/\/blog.polityka.pl\/passent\/wp-json\/wp\/v2\/users\/4"}],"replies":[{"embeddable":true,"href":"https:\/\/blog.polityka.pl\/passent\/wp-json\/wp\/v2\/comments?post=3150"}],"version-history":[{"count":4,"href":"https:\/\/blog.polityka.pl\/passent\/wp-json\/wp\/v2\/posts\/3150\/revisions"}],"predecessor-version":[{"id":3154,"href":"https:\/\/blog.polityka.pl\/passent\/wp-json\/wp\/v2\/posts\/3150\/revisions\/3154"}],"wp:attachment":[{"href":"https:\/\/blog.polityka.pl\/passent\/wp-json\/wp\/v2\/media?parent=3150"}],"wp:term":[{"taxonomy":"category","embeddable":true,"href":"https:\/\/blog.polityka.pl\/passent\/wp-json\/wp\/v2\/categories?post=3150"},{"taxonomy":"post_tag","embeddable":true,"href":"https:\/\/blog.polityka.pl\/passent\/wp-json\/wp\/v2\/tags?post=3150"}],"curies":[{"name":"wp","href":"https:\/\/api.w.org\/{rel}","templated":true}]}}