
{"id":3157,"date":"2015-12-07T21:53:17","date_gmt":"2015-12-07T20:53:17","guid":{"rendered":"http:\/\/passent.blog.polityka.pl\/?p=3157"},"modified":"2015-12-08T10:39:28","modified_gmt":"2015-12-08T09:39:28","slug":"kto-kreci-zagranica","status":"publish","type":"post","link":"https:\/\/blog.polityka.pl\/passent\/2015\/12\/07\/kto-kreci-zagranica\/","title":{"rendered":"Kto kr\u0119ci za granic\u0105?"},"content":{"rendered":"<p>Wydarzenia w Polsce budz\u0105 zainteresowanie i niepok\u00f3j za granic\u0105. Zapowiadana debata na temat Polski w Parlamencie Europejskim, zaniepokojenie T. Jaglanda, sekretarza generalnego Rady Europy, pe\u0142ne obaw o polsk\u0105 demokracj\u0119 g\u0142osy medi\u00f3w \u2013 czy\u017cby to wszystko by\u0142o orkiestrowane z Polski, przez wszechmocn\u0105 i powi\u0105zan\u0105 z zagranic\u0105 opozycj\u0119 albo mafi\u0119? Nonsens, a jednak\u2026<br \/>\n<!--more--><br \/>\nZwolennicy rz\u0105du PiS and Co. bardzo nie lubi\u0105, kiedy przytacza si\u0119 g\u0142osy zagraniczne, krytyczne wobec tego, co si\u0119 dzi\u015b w Polsce dzieje. Maj\u0105 oni na to dwie standardowe odpowiedzi: media zagraniczne s\u0105 urabiane przez Michnika and Co. albo media zagraniczne korzystaj\u0105 z polskich autor\u00f3w.<\/p>\n<p>Na tym blogu pojawiaj\u0105 si\u0119 nawet spisy polskich wsp\u00f3\u0142pracownik\u00f3w \u201emedi\u00f3w obcoj\u0119zycznych\u201d. Jako dziennikarz z ponad 50-letnim do\u015bwiadczeniem mog\u0119 potwierdzi\u0107, \u017ce owszem, media zagraniczne zatrudniaj\u0105 w r\u00f3\u017cnych krajach miejscowych asystent\u00f3w, wsp\u00f3\u0142pracownik\u00f3w, osoby pomocne w za\u0142atwianiu spraw, t\u0142umaczeniu etc. Ale to nie upowa\u017cnia nikogo do dyskredytacji tekst\u00f3w, jakie ukazuj\u0105 si\u0119 w prasie zagranicznej.<\/p>\n<p>Je\u017celi na przyk\u0142ad media ameryka\u0144skie zacz\u0119\u0142y w pewnej chwili zmienia\u0107 swoj\u0105 opini\u0119 o wojnie wietnamskiej i przyczyni\u0142y si\u0119 do wycofania USA z Indochin, to nie dlatego, \u017ce znakomici reporterzy i korespondenci \u201eNew York Timesa\u201d, Charles Mohr, David Halberstam i inni, kierowali si\u0119 podszeptami znajomych Wietnamczyk\u00f3w, tylko dlatego, \u017ce mieli odwag\u0119 pisa\u0107 o tym, co widz\u0105.<\/p>\n<p>Je\u017celi w czo\u0142owym dzienniku ameryka\u0144skim ukazuje si\u0119 pe\u0142en krytycyzmu artyku\u0142 o wydarzeniach w Polsce podpisany \u201eJackson Diehl\u201d, to nie ma \u017cadnej w\u0105tpliwo\u015bci, \u017ce artyku\u0142 wyszed\u0142 spod pi\u00f3ra (raczej komputera) tego znanego publicysty. Utrzymywanie, \u017ce co\u015b takiego jak media zagraniczne nie istnieje, \u017ce w \u201eGuardianie\u201d czy w \u201eSueddeutsche Zeitung\u201d o Polsce pisz\u0105 pacho\u0142ki Agory &#8211; nie jest warte dyskusji. Przecie\u017c wystarczy, \u017ce taki korespondent zapozna\u0142 si\u0119 z ostatnimi wypowiedziami prof. Jadwigi Staniszkis, \u017ceby zacz\u0105\u0107 w\u0105tpi\u0107 w \u201edobr\u0105 zmian\u0119\u201d. A kto urabia Jadwig\u0119 Staniszkis \u2013 tego jeszcze internet nie wymy\u015bli\u0142, ale na pewno nad tym pracuje.<\/p>\n<p>Zreszt\u0105 po co daleko szuka\u0107? Niekt\u00f3rzy polscy publicy\u015bci, kt\u00f3rych nie mo\u017cna podejrzewa\u0107 o wrogo\u015b\u0107 wobec prezesa Kaczy\u0144skiego i jego ekipy (prezydent, premier, rz\u0105d, s\u0142u\u017cby etc), nie ukrywaj\u0105 swojego niepokoju. \u201eNowy polski rz\u0105d \u2013 pisze J\u0119drzej Bielecki w \u201eRz.\u201d \u2013 ma coraz gorsz\u0105 opini\u0119 w kraju, na kt\u00f3rym najbardziej chce polega\u0107 w polityce zagranicznej (USA \u2013 Pass). Je\u015bli nie odwr\u00f3ci tego trendu, b\u0119dzie mia\u0142 coraz mniejsze wp\u0142ywy w Waszyngtonie i na Zachodzie\u201d.<\/p>\n<p>Bielecki powo\u0142uje si\u0119 na doniesienia z Polski takich agencji ameryka\u0144skich jak AP i Bloomberg, a tak\u017ce na wspomniany ju\u017c \u201eWashington Post\u201d, w kt\u00f3rym czytamy: Jaros\u0142aw Kaczy\u0144ski \u201emo\u017ce rywalizowa\u0107 tylko z Donaldem Trumpem w pos\u0142ugiwaniu si\u0119 k\u0142amstwem, aby wznieci\u0107 strach przed muzu\u0142manami\u201d. Prezes PiS \u201ejest produktem ponurego przedwojennego populizmu, zamro\u017conego i przechowanego w okresie komunizmu, kt\u00f3ry stanowi mieszank\u0119 ksenofobii, antysemityzmu (na to akurat prezes nie da\u0142 \u017cadnego dowodu \u2013 Pass.) i sk\u0142onno\u015bci autorytarnych\u201d.<\/p>\n<p>Micha\u0142 Szu\u0142drzy\u0144ski, umiarkowany i pow\u015bci\u0105gliwy publicysta \u201eRz\u201d, pisze o \u201ewizerunkowej katastrofie Prawa i Sprawiedliwo\u015bci\u201d. Wyniki bada\u0144 przeprowadzonych dla tej gazety (ponad po\u0142owa badanych uwa\u017ca, \u017ce demokracja w Polsce jest zagro\u017cona) dowodz\u0105 \u201espektakularnej pora\u017cki\u201d PiS je\u015bli chodzi o komunikacj\u0119 swoich intencji i t\u0142umaczenie swoich dzia\u0142a\u0144. Wi\u0119kszo\u015b\u0107 po prostu nie rozumie, czego chce partia Jaros\u0142awa Kaczy\u0144skiego\u201d \u2013 pisze Szu\u0142drzy\u0144ski.<\/p>\n<p>Wbrew obietnicom lider\u00f3w PiS, \u017ce czas sko\u0144czy\u0107 z but\u0105 i arogancj\u0105 rz\u0105dz\u0105cych, rz\u0105d i sejmowa wi\u0119kszo\u015b\u0107 postanowili narzuci\u0107 nowe porz\u0105dki, nie t\u0142umacz\u0105c spo\u0142ecze\u0144stwu niczego poza tym, \u017ce skoro PiS odni\u00f3s\u0142 historyczne zwyci\u0119stwo, to mo\u017ce wszystko. Publicysta \u201eRz\u201d wymienia po kolei kroki nowej w\u0142adzy, kt\u00f3re daj\u0105 podstawy, by m\u00f3wi\u0107 o zagro\u017ceniu demokracji (batalia z TK, u\u0142askawienie Kami\u0144skiego itd.). \u201eOd kilku tygodni PiS jedzie po bandzie\u201d \u2013 czytamy.<\/p>\n<p>Ba, sam Piotr Semka, jeden z najbardziej pryncypialnych publicyst\u00f3w prawicy, co prawda podziwia skuteczno\u015b\u0107 PiS w TK i w og\u00f3le sprzyja nowej w\u0142adzy, to zauwa\u017ca jednak, \u017ce \u201ePiS strzeli\u0142 sobie w stop\u0119, czyni\u0105c twarz\u0105 swojej sejmowej ofensywy pos\u0142a Stanis\u0142awa Piotrowicza, kt\u00f3ry dzia\u0142a\u0142 w PZPR i jako prokurator oskar\u017ca\u0142 dzia\u0142acza \u201eS\u201d z Jas\u0142a\u201d.<\/p>\n<p>Rz\u0105dowi Beaty Szyd\u0142o \u2013 pisze Semka \u2013 brakuje umiej\u0119tno\u015bci, by wyt\u0142umaczy\u0107 swoje stanowisko. Autor przytacza niefortunne wypowiedzi polityk\u00f3w PiS, El\u017cbiety Witek: Tusk powinien stan\u0105\u0107 przed Trybuna\u0142em Stanu; Witold Waszczykowski: funkcjonowanie odwo\u0142anych szef\u00f3w s\u0142u\u017cb by\u0142o wi\u0119kszym zagro\u017ceniem  ni\u017c zagro\u017cenie, kt\u00f3re p\u0142ynie w tej chwili spoza Polski. A usuni\u0119cie flagi europejskiej \u2013 \u201eje\u015bli to by\u0142a celowa demonstracja, to jaki by\u0142 jej cel?\u201d.<\/p>\n<p>Nawet \u017cyczliwi Kaczy\u0144skiemu publicy\u015bci pytaj\u0105, kiedy sko\u0144czy si\u0119 czas ofensywy i zacznie demokratyczna normalno\u015b\u0107 \u2013 konkluduje Semka.<\/p>\n<p>A wi\u0119c nawet najwierniejsi z wiernych maj\u0105 w\u0105tpliwo\u015bci. Jadwiga Staniszkis, \u0141ukasz Warzecha (kt\u00f3rego tu nie cytowa\u0142em), Piotr Semka \u2013 to na pewno ludzie \u017cyczliwi prezesowi. A jednak nawet oni unosz\u0105 brwi ze zdziwienia i niedowierzania. Chyba nie czyni\u0105 tego na zlecenie Michnika? Zmienia si\u0119 tak\u017ce mapa medi\u00f3w. \u201eWprost\u201d wyra\u017anie zmierza w prawo, do PiS, a \u201eRzeczpospolita\u201d wr\u0119cz przeciwnie \u2013 staje si\u0119 pismem centrowym, powa\u017cnym, ju\u017c nie odkrywa trotylu, nie jest organem jednego nurtu, jest pismem, kt\u00f3re trzeba czyta\u0107.<\/p>\n<p><strong>PS Zaproszenie<\/strong><br \/>\nLegenda opozycji, by\u0142y europose\u0142 i senator, J\u00f3zef PINIOR, dr Karolina WIGURA (UW, Kultura Liberalna) i Jaros\u0142aw GUGA\u0141A (Polsat News, by\u0142y ambasador) b\u0119d\u0105 naszymi go\u015b\u0107mi w Radiu TOK FM we wtorek, 8 grudnia, o godz. 20.05. Zapraszam!<\/p>\n","protected":false},"excerpt":{"rendered":"<p>Wydarzenia w Polsce budz\u0105 zainteresowanie i niepok\u00f3j za granic\u0105. Zapowiadana debata na temat Polski w Parlamencie Europejskim, zaniepokojenie T. Jaglanda, sekretarza generalnego Rady Europy, pe\u0142ne obaw o polsk\u0105 demokracj\u0119 g\u0142osy medi\u00f3w \u2013 czy\u017cby to wszystko by\u0142o orkiestrowane z Polski, przez wszechmocn\u0105 i powi\u0105zan\u0105 z zagranic\u0105 opozycj\u0119 albo mafi\u0119? Nonsens, a jednak\u2026<\/p>\n","protected":false},"author":4,"featured_media":0,"comment_status":"open","ping_status":"closed","sticky":false,"template":"","format":"standard","meta":{"footnotes":""},"categories":[1],"tags":[],"_links":{"self":[{"href":"https:\/\/blog.polityka.pl\/passent\/wp-json\/wp\/v2\/posts\/3157"}],"collection":[{"href":"https:\/\/blog.polityka.pl\/passent\/wp-json\/wp\/v2\/posts"}],"about":[{"href":"https:\/\/blog.polityka.pl\/passent\/wp-json\/wp\/v2\/types\/post"}],"author":[{"embeddable":true,"href":"https:\/\/blog.polityka.pl\/passent\/wp-json\/wp\/v2\/users\/4"}],"replies":[{"embeddable":true,"href":"https:\/\/blog.polityka.pl\/passent\/wp-json\/wp\/v2\/comments?post=3157"}],"version-history":[{"count":7,"href":"https:\/\/blog.polityka.pl\/passent\/wp-json\/wp\/v2\/posts\/3157\/revisions"}],"predecessor-version":[{"id":3164,"href":"https:\/\/blog.polityka.pl\/passent\/wp-json\/wp\/v2\/posts\/3157\/revisions\/3164"}],"wp:attachment":[{"href":"https:\/\/blog.polityka.pl\/passent\/wp-json\/wp\/v2\/media?parent=3157"}],"wp:term":[{"taxonomy":"category","embeddable":true,"href":"https:\/\/blog.polityka.pl\/passent\/wp-json\/wp\/v2\/categories?post=3157"},{"taxonomy":"post_tag","embeddable":true,"href":"https:\/\/blog.polityka.pl\/passent\/wp-json\/wp\/v2\/tags?post=3157"}],"curies":[{"name":"wp","href":"https:\/\/api.w.org\/{rel}","templated":true}]}}