
{"id":3165,"date":"2015-12-13T21:07:42","date_gmt":"2015-12-13T20:07:42","guid":{"rendered":"http:\/\/passent.blog.polityka.pl\/?p=3165"},"modified":"2015-12-13T21:18:40","modified_gmt":"2015-12-13T20:18:40","slug":"prezes-wladzy-i-opozycji","status":"publish","type":"post","link":"https:\/\/blog.polityka.pl\/passent\/2015\/12\/13\/prezes-wladzy-i-opozycji\/","title":{"rendered":"Prezes w\u0142adzy i opozycji"},"content":{"rendered":"<p>Demonstracja w obronie demokracji 12 grudnia (KOD, Nowoczesna, Platforma etc.) zaskoczy\u0142a przede wszystkim wysok\u0105  frekwencj\u0105.<br \/>\n<!--more--><br \/>\nJeszcze w przeddzie\u0144 wiecu i pochodu uwa\u017cano, \u017ce je\u015bli przyjdzie kilka tysi\u0119cy ludzi \u2013 to b\u0119dzie dobrze, a 10 tys. \u2013 to by\u0142by sukces.<\/p>\n<p>Przysz\u0142o znacznie wi\u0119cej, wi\u0119c pod wzgl\u0119dem frekwencji niew\u0105tpliwe osi\u0105gni\u0119cie. Tym wi\u0119ksze, \u017ce by\u0142 to debiut, do pewnego stopnia improwizacja, w odr\u00f3\u017cnieniu od PiS, kt\u00f3ry ma du\u017c\u0105 wpraw\u0119 i do\u015bwiadczenie (oraz fundusze) w organizacji zgromadze\u0144 ulicznych, nie m\u00f3wi\u0105c o do\u015bwiadczonych m\u00f3wcach (z prezesem na czele) i artystach. <\/p>\n<p>W demonstracji \u201edemokratycznej\u201d 12 grudnia dominowa\u0142o mi\u0142e zaskoczenie, \u017ce uczestnik\u00f3w by\u0142o tak wielu, co na pewno doda im si\u0142. Panowa\u0142 dobry humor, bardziej ni\u017c z\u0142o\u015b\u0107 i gniew, kt\u00f3re przewa\u017ca\u0142y nazajutrz, w marszu PiS.<\/p>\n<p>Ale na d\u0142ug\u0105 met\u0119 potrzebna jest konsolidacja rozdrobnionej dzi\u015b opozycji, na czele z niemraw\u0105 Platform\u0105, zaj\u0119t\u0105 sob\u0105, oraz podzielonej lewicy. Je\u017celi liderzy opozycji parlamentarnej i pozaparlamentarnej b\u0119d\u0105 umieli si\u0119 dogada\u0107 w sprawie dalszych dzia\u0142a\u0144, to sukces 12 grudnia 2015 nie zostanie zmarnowany. Wiele zale\u017cy od przysz\u0142o\u015bci KOD. Ale znaj\u0105c nisk\u0105 sk\u0142onno\u015b\u0107 do wsp\u00f3\u0142pracy, trudno o du\u017cy optymizm.<\/p>\n<p>Nazajutrz, 13 grudnia, Prawo i Sprawiedliwo\u015b\u0107 nie mia\u0142o problem\u00f3w z frekwencj\u0105. Niestety, pod wzgl\u0119dem programowym by\u0142o dramatycznie. G\u0142\u00f3wny m\u00f3wca, prezes Kaczy\u0144ski, ale i inni \u2013 Andrzej Gwiazda, Tomasz Sakiewicz \u2013 ca\u0142kowicie odrzucili j\u0119zyk Zjednoczonej Prawicy sprzed miesi\u0105ca\u2013dw\u00f3ch, z czas\u00f3w kampanii wyborczej. Wtedy dominowa\u0142 ton pojednawczy \u2013 dialog, wsp\u00f3\u0142praca, wsp\u00f3lnota i inne frazesy, kt\u00f3re mia\u0142y przyci\u0105gn\u0105\u0107 wi\u0119cej wyborc\u00f3w. 13 grudnia, w rocznic\u0119 stanu wojennego i w trakcie konfliktu o Trybuna\u0142 Konstytucyjny, prawica si\u0119gn\u0119\u0142a po ostry j\u0119zyk  walki i konfrontacji.<\/p>\n<p>M\u00f3wi o \u201egenie zdrady narodowej\u201d, o resortowych dzieciach, kt\u00f3re opanowa\u0142y Trybuna\u0142, o potrzebie zmiany Trybuna\u0142u na lepszy, kt\u00f3ry nie b\u0119dzie hamowa\u0142 przemian, bo ten obecny nie chce dopu\u015bci\u0107 do tego, \u017ceby\u015bmy zarabiali wi\u0119cej, \u017ceby osoby powy\u017cej 75 lat otrzymywa\u0142y leki za darmo, nie dopu\u015bci\u0142by tak\u017ce do dodatku 500+ itd.<\/p>\n<p>Z przem\u00f3wienia Kaczy\u0144skiego jasno wynika, \u017ce b\u0142\u0105d Platformy (wyb\u00f3r 2 s\u0119dzi\u00f3w TK \u201ena zapas\u201d) by\u0142 tylko pretekstem, poniewa\u017c w logice prezesa Trybuna\u0142 Konstytucyjny w obecnym sk\u0142adzie jest ostatni\u0105 redut\u0105 III RP. W przysz\u0142o\u015bci wyroki ma ferowa\u0107 suweren, kt\u00f3ry wygra\u0142 wybory i jasno pokaza\u0142, czego chce. Prawo ma by\u0107 stanowione przez lud i dla ludu, a nie przez w\u0105sk\u0105 elit\u0119  \u2013 przynajmniej tak twierdzi prezes i jego ludzie. <\/p>\n<p>W przem\u00f3wieniach i klimacie wiecu oraz demonstracji PiS przewija\u0142y si\u0119 dwa w\u0105tki: demokratyczne wybory uzasadniaj\u0105 wszelkie dzia\u0142ania w\u0142adzy, bo ona ma mandat, walka o demokracj\u0119 w Polsce jeszcze si\u0119 nie sko\u0144czy\u0142a, walka trwa, jest ona kontynuacj\u0105 \u201eSolidarno\u015bci\u201d, stanu wojennego, 1989 roku, lat 2005-2007.<\/p>\n<p>W\u0105tek drugi \u2013 ojczyzna jest w niebezpiecze\u0144stwie, zagra\u017ca jej \u201ebanda kolesi\u00f3w\u201d w administracji, obecne prawo jest \u201epostkomunistyczne\u201d, rz\u0105dz\u0105 spadkobiercy Bermana, Minca i  (koniecznie!) Stefana Michnika.<br \/>\nMimo \u017ce Prawo i Sprawiedliwo\u015b\u0107 rz\u0105dzi niepodzielnie i ma w r\u0119kach w\u0142adz\u0119 ustawodawcz\u0105 oraz wykonawcz\u0105, manifestacja przebiega\u0142a jak dawniej w klimacie walki, buntu, protestu, wygl\u0105da\u0142a jak marsz opozycji, na czele kt\u00f3rej stoi prezes PiS.<\/p>\n<p>Jaros\u0142aw Kaczy\u0144ski wyst\u0119puje dzi\u015b w dw\u00f3ch rolach \u2013 najwy\u017cszej w\u0142adzy oraz lidera opozycji. Nabiera w \u017cagle zar\u00f3wno wiatr buntu, jak i powiewy zadowolenia, \u017ce oto mamy prezydenta i rz\u0105d prawicy. <\/p>\n<p>I wszystko by\u0142oby dobrze, gdyby pozwolono im rz\u0105dzi\u0107. A kto nie pozwala \u2013 wiadomo: najgorszy sort Polak\u00f3w, resortowe  dzieci, media, zagranica, banda kolesi\u00f3w. Prezes apelowa\u0142, \u017ceby ich wskazywa\u0107 palcem, co niew\u0105tpliwie nast\u0105pi.<\/p>\n","protected":false},"excerpt":{"rendered":"<p>Demonstracja w obronie demokracji 12 grudnia (KOD, Nowoczesna, Platforma etc.) zaskoczy\u0142a przede wszystkim wysok\u0105 frekwencj\u0105.<\/p>\n","protected":false},"author":4,"featured_media":0,"comment_status":"open","ping_status":"closed","sticky":false,"template":"","format":"standard","meta":{"footnotes":""},"categories":[1],"tags":[],"_links":{"self":[{"href":"https:\/\/blog.polityka.pl\/passent\/wp-json\/wp\/v2\/posts\/3165"}],"collection":[{"href":"https:\/\/blog.polityka.pl\/passent\/wp-json\/wp\/v2\/posts"}],"about":[{"href":"https:\/\/blog.polityka.pl\/passent\/wp-json\/wp\/v2\/types\/post"}],"author":[{"embeddable":true,"href":"https:\/\/blog.polityka.pl\/passent\/wp-json\/wp\/v2\/users\/4"}],"replies":[{"embeddable":true,"href":"https:\/\/blog.polityka.pl\/passent\/wp-json\/wp\/v2\/comments?post=3165"}],"version-history":[{"count":3,"href":"https:\/\/blog.polityka.pl\/passent\/wp-json\/wp\/v2\/posts\/3165\/revisions"}],"predecessor-version":[{"id":3168,"href":"https:\/\/blog.polityka.pl\/passent\/wp-json\/wp\/v2\/posts\/3165\/revisions\/3168"}],"wp:attachment":[{"href":"https:\/\/blog.polityka.pl\/passent\/wp-json\/wp\/v2\/media?parent=3165"}],"wp:term":[{"taxonomy":"category","embeddable":true,"href":"https:\/\/blog.polityka.pl\/passent\/wp-json\/wp\/v2\/categories?post=3165"},{"taxonomy":"post_tag","embeddable":true,"href":"https:\/\/blog.polityka.pl\/passent\/wp-json\/wp\/v2\/tags?post=3165"}],"curies":[{"name":"wp","href":"https:\/\/api.w.org\/{rel}","templated":true}]}}