
{"id":3170,"date":"2015-12-16T20:10:56","date_gmt":"2015-12-16T19:10:56","guid":{"rendered":"http:\/\/passent.blog.polityka.pl\/?p=3170"},"modified":"2015-12-16T20:39:00","modified_gmt":"2015-12-16T19:39:00","slug":"slepi-jak-kocieta","status":"publish","type":"post","link":"https:\/\/blog.polityka.pl\/passent\/2015\/12\/16\/slepi-jak-kocieta\/","title":{"rendered":"\u015alepi jak koci\u0119ta"},"content":{"rendered":"<p>Ka\u017cda w\u0142adza, nawet ta wybrana demokratycznie, jest wra\u017cliwa na punkcie opinii, jak\u0105 si\u0119 cieszy w mediach, zw\u0142aszcza zagranicznych.<br \/>\n<!--more--><br \/>\nPrawo i Sprawiedliwo\u015b\u0107 nie jest wyj\u0105tkiem, a nawet jest szczeg\u00f3lnie uczulone na krytyk\u0119, zar\u00f3wno t\u0119 \u201eMade in Poland\u201d, ale przede wszystkim  za granic\u0105, kt\u00f3r\u0105 trudno jest zdezawuowa\u0107 jako uk\u0142ad, resortowe dzieci, geny zdrady.<\/p>\n<p>Tak jak przeciwnicy PiS w kraju czuj\u0105 si\u0119 bezsilni i sfrustrowani, \u017ce do najbli\u017cszych wybor\u00f3w jeszcze 3 lata, tak panowie Kaczy\u0144ski, Waszczykowski i inni s\u0105 sfrustrowani swoj\u0105 bezsilno\u015bci\u0105 wobec medi\u00f3w zagranicznych, kt\u00f3re i tak usi\u0142uj\u0105 na wszelkie sposoby zdyskredytowa\u0107. Bo i jest si\u0119 czym przejmowa\u0107.<\/p>\n<p>Dzisiejsza \u201eBild Zeitung\u201d \u2013 najwi\u0119ksza i opiniotw\u00f3rcza gazeta niemiecka &#8211; pisze, \u017ce jest \u201ehaniebne, i\u017c samozwa\u0144czy wybawca Polski niszczy fundamenty demokracji\u201d. Nowa w\u0142adza \u201eignoruje podzia\u0142 w\u0142adz\u201d, prowadzi \u201eswego rodzaju czystk\u0119 etniczn\u0105\u201d w ministerstwach, urz\u0119dach i w mediach. \u2013 Tak \u017ale jak jest teraz ju\u017c dawno w Polsce nie by\u0142o \u2013 pisze komentator \u201eBZ\u201d i dodaje, \u017ce zdaniem Jaros\u0142awa Kaczy\u0144skiego jego krytycy nie s\u0105 lud\u017ami dobrego pokroju, \u201emaj\u0105 zdrad\u0119 w genach\u201d.<\/p>\n<p>Na naszym blogu Bart Norte (16 grudnia, godz. 10:43) przytacza komentarz publicznej rozg\u0142o\u015bni Deutsche Welle. (Chyba jest tam i link). Dowiadujemy si\u0119, \u017ce prezes Kaczy\u0144ski ju\u017c w latach 2005\u20132007 \u201eby\u0142 katastrof\u0105\u201d, a w negocjacjach doprowadza\u0142 Uni\u0119 Europejsk\u0105 \u201edo bia\u0142ej gor\u0105czki\u201d. Kaczy\u0144ski nazwa\u0142 opozycj\u0119, kt\u00f3ra wysz\u0142a na ulice, z\u0142odziejami. \u201eZ\u0142odziejem jest jednak sam Kaczy\u0144ski \u2013 bo kradnie Polsce demokracj\u0119. Unia Europejska powinna pom\u00f3c w jej obronie\u201d.<\/p>\n<p>Znany politolog bu\u0142garski Ivan Krastev zastanawia si\u0119 na \u0142amach \u201eThe New York Times\u201d, dlaczego Polska odwraca si\u0119 od Zachodu. Autor pisze o u\u0142askawieniu i nominacji Mariusza Kami\u0144skiego, usuni\u0119ciu flagi unijnej z sali konferencji prasowych rz\u0105du i \u0142amaniu tr\u00f3jpodzia\u0142u w\u0142adz. Po czym zastanawia si\u0119, dlaczego prymus Europy i transformacji, kraj, kt\u00f3ry tyle osi\u0105gn\u0105\u0142, odwraca si\u0119 od demokracji liberalnej. (Dochodzi do wniosku, \u017ce to szersza tendencja w Europie i dziwi si\u0119, \u017ce kilka pa\u0144stw pozostaje jeszcze przy liberalnej demokracji).<\/p>\n<p>Je\u017celi do tego doda\u0107 oznaki niezadowolenia w Polsce \u2013 uchwa\u0142y wydzia\u0142\u00f3w prawa i administracji UJ, UW i wydzia\u0142\u00f3w prawa innych miast, Senatu UW czy sobotni\u0105 demonstracj\u0119 &#8211; to rz\u0105dowi specjali\u015bci od PR maj\u0105 moc roboty. W sprawie jak\u017ce krzywdz\u0105cych i niesprawiedliwych opinii medi\u00f3w zagranicznych obowi\u0105zuje nast\u0119puj\u0105ca argumentacja: media zagraniczne powi\u0105zane s\u0105 interesami z Polsk\u0105. W Polsce nie brak Volksdeutsch\u00f3w, kt\u00f3rzy donosz\u0105 na sw\u00f3j kraj. Na Zachodzie kwitnie propaganda antypolska, w czym maj\u0105 sw\u00f3j udzia\u0142 emigranci z 1968 roku. Zach\u00f3d, zw\u0142aszcza Niemcy, nie jest zainteresowany siln\u0105, suwerenn\u0105 Polsk\u0105. Woli raczej kraj slaby, ponad kt\u00f3rym mo\u017cna b\u0119dzie swobodnie robi\u0107 interesy z Rosj\u0105.<\/p>\n<p>Niech\u0119tne Polsce relacje pochodz\u0105 albo od sfrustrowanych Polak\u00f3w, albo od autor\u00f3w zagranicznych, kt\u00f3rzy nie znaj\u0105 j\u0119zyka i nie maj\u0105 poj\u0119cia, co si\u0119 w Polsce dzieje. Najbardziej gorliwi i przenikliwi, jak minister Witold Waszczykowski, wytropili, \u017ce za krytyczn\u0105 relacj\u0105 CNN stoi Radek Sikorski (znajomy redaktora i cz\u0119sty go\u015b\u0107 CNN), a w innych przypadkach tropy prowadz\u0105 do jego ma\u0142\u017conki, Anne Applebaum, \u201epowi\u0105zanej z Washington Post\u201d (gdzie ukaza\u0142 si\u0119 bardzo krytyczny artyku\u0142 Diehla, wieloletniego korespondenta w naszym regionie).<\/p>\n<p>O dalszych odkryciach b\u0119dziemy informowali sukcesywnie, tylko prosz\u0119 o niczym nie informowa\u0107 tych baran\u00f3w z medi\u00f3w zagranicznych, bo oni sami, bez naszej pomocy, s\u0105 \u015blepi jak koci\u0119ta.<\/p>\n","protected":false},"excerpt":{"rendered":"<p>Ka\u017cda w\u0142adza, nawet ta wybrana demokratycznie, jest wra\u017cliwa na punkcie opinii, jak\u0105 si\u0119 cieszy w mediach, zw\u0142aszcza zagranicznych.<\/p>\n","protected":false},"author":4,"featured_media":0,"comment_status":"open","ping_status":"closed","sticky":false,"template":"","format":"standard","meta":{"footnotes":""},"categories":[1],"tags":[],"_links":{"self":[{"href":"https:\/\/blog.polityka.pl\/passent\/wp-json\/wp\/v2\/posts\/3170"}],"collection":[{"href":"https:\/\/blog.polityka.pl\/passent\/wp-json\/wp\/v2\/posts"}],"about":[{"href":"https:\/\/blog.polityka.pl\/passent\/wp-json\/wp\/v2\/types\/post"}],"author":[{"embeddable":true,"href":"https:\/\/blog.polityka.pl\/passent\/wp-json\/wp\/v2\/users\/4"}],"replies":[{"embeddable":true,"href":"https:\/\/blog.polityka.pl\/passent\/wp-json\/wp\/v2\/comments?post=3170"}],"version-history":[{"count":3,"href":"https:\/\/blog.polityka.pl\/passent\/wp-json\/wp\/v2\/posts\/3170\/revisions"}],"predecessor-version":[{"id":3173,"href":"https:\/\/blog.polityka.pl\/passent\/wp-json\/wp\/v2\/posts\/3170\/revisions\/3173"}],"wp:attachment":[{"href":"https:\/\/blog.polityka.pl\/passent\/wp-json\/wp\/v2\/media?parent=3170"}],"wp:term":[{"taxonomy":"category","embeddable":true,"href":"https:\/\/blog.polityka.pl\/passent\/wp-json\/wp\/v2\/categories?post=3170"},{"taxonomy":"post_tag","embeddable":true,"href":"https:\/\/blog.polityka.pl\/passent\/wp-json\/wp\/v2\/tags?post=3170"}],"curies":[{"name":"wp","href":"https:\/\/api.w.org\/{rel}","templated":true}]}}