
{"id":3174,"date":"2015-12-20T10:13:22","date_gmt":"2015-12-20T09:13:22","guid":{"rendered":"http:\/\/passent.blog.polityka.pl\/?p=3174"},"modified":"2015-12-20T11:43:59","modified_gmt":"2015-12-20T10:43:59","slug":"trybunal-na-sybir","status":"publish","type":"post","link":"https:\/\/blog.polityka.pl\/passent\/2015\/12\/20\/trybunal-na-sybir\/","title":{"rendered":"Trybuna\u0142 na Sybir!"},"content":{"rendered":"<p>Nowe w\u0142adze naszego kraju rozwa\u017caj\u0105 wyw\u00f3zk\u0119 Trybuna\u0142u Konstytucyjnego na Wsch\u00f3d. Wcale mnie to nie dziwi.<br \/>\n<!--more--><br \/>\nNie jest to \u017caden precedens. Polscy s\u0119dziowie stanowili niema\u0142\u0105 cz\u0119\u015b\u0107 wywo\u017conych na Wsch\u00f3d, w ramach rozpraszania, poni\u017cania i prze\u015bladowania polskiej inteligencji. Ob\u0142udna jest argumentacja pana Ziobry i jego zwolennik\u00f3w, \u017ce przeniesienie Trybuna\u0142u \u201eo\u017cywi\u201d jak\u0105\u015b wschodni\u0105 miejscowo\u015b\u0107, stworzy tam miejsca pracy, a tak\u017ce usytuuje s\u0105d z dala od wp\u0142ywu polityk\u00f3w.<\/p>\n<p>Chodzi przede wszystkim o poni\u017cenie Trybuna\u0142u, o ukaranie krn\u0105brnych s\u0119dzi\u00f3w, o pokazanie im, \u017ce ich miejsce nie jest o krok od Belwederu i kancelarii premiera, ale w Pcimiu Dolnym (przepraszamy Pcim), gdzie mog\u0105 g\u0119si pasa\u0107. Zdumiewaj\u0105ca jest dezynwoltura, ostentacja i bezczelno\u015b\u0107 nowych w\u0142adz \u2013 nie do\u015b\u0107, \u017ce burz\u0105 instytucje i niszcz\u0105 ludzi (najbardziej samego prezydenta), to jeszcze czyni\u0105 to demonstracyjnie, \u017ceby poni\u017cy\u0107 swoje ofiary.<\/p>\n<p>Dotychczas Trybuna\u0142 by\u0142 \u015bwietnie usytuowany w tr\u00f3jpodziale w\u0142adz i w centrum stolicy, w dzielnicy rz\u0105dowej. Owszem, Platforma dostarczy\u0142a pretekstu, wybieraj\u0105c dw\u00f3ch s\u0119dzi\u00f3w \u201ena zapas\u201d, ale po reakcji obozu Kaczy\u0144skiego wida\u0107, \u017ce tylko na taki pretekst czyhali, a gdyby go nie by\u0142o, to i tak ich celem jest m.in. zniszczenie TK, podobnie jak opanowanie niezale\u017cnej prokuratury, s\u0105downictwa, niezale\u017cnych medi\u00f3w publicznych i przynajmniej os\u0142abienie prywatnych.<\/p>\n<p>Banialuki o tym, \u017ce TK na Podlasiu b\u0119dzie \u201eta\u0144szy\u201d ni\u017c w Warszawie, s\u0105 chyba przeznaczone dla ludzi, kt\u00f3rzy wyobra\u017caj\u0105 sobie, \u017ce TK to jest kilka biurek i krzese\u0142, par\u0119 sekretarek, wo\u017any i ochrona. \u201eO\u017cywienie\u201d Zapad\u0142ej Wioski Trybunalskiej oznacza\u0142oby zmarnowanie milion\u00f3w z\u0142otych przeznaczonych na obecn\u0105 siedzib\u0119, miliony na jej adaptacj\u0119 do nowych cel\u00f3w, miliony na dojazdy i diety s\u0119dzi\u00f3w i pracownik\u00f3w, a\u017c strach pomy\u015ble\u0107, ile taki absurd by kosztowa\u0142. <\/p>\n<p>I po co to wszystko? Po to, \u017ceby jeden z drugim w\u0142adc\u00f3w naszego kraju m\u00f3g\u0142 powiedzie\u0107, \u017ce jak wymierzy\u0142 kopniaka Trybuna\u0142owi, to s\u0119dziowie nakryli si\u0119 togami na stogach siana, mi\u0119dzy chlewem a obor\u0105.<\/p>\n<p>Bezczelne by\u0142y uwagi min. Ziobry w TVN24, \u017ce s\u0119dziowie TK powinni wi\u0119cej pracowa\u0107, a nie je\u017adzi\u0107 na wycieczki do Chin. I to m\u00f3wi cz\u0142onek rz\u0105du w kilka dni po tym, jak prezydent Duda powr\u00f3ci\u0142 z triumfalnej podobno wizyty w Chinach. R\u0119ce opadaj\u0105.<\/p>\n<p>Ja my\u015bl\u0119, \u017ce nowy Trybuna\u0142 powinien by\u0107 obwo\u017any, w\u0119drowny, jak cyrk. Wystarczy kilka woz\u00f3w, namiot i arena, na kt\u00f3rej m\u0105drale z Trybuna\u0142u b\u0119d\u0105 robi\u0142y za b\u0142azn\u00f3w i akrobat\u00f3w, a treser b\u0119dzie strzela\u0142 z bata.<\/p>\n","protected":false},"excerpt":{"rendered":"<p>Nowe w\u0142adze naszego kraju rozwa\u017caj\u0105 wyw\u00f3zk\u0119 Trybuna\u0142u Konstytucyjnego na Wsch\u00f3d. Wcale mnie to nie dziwi.<\/p>\n","protected":false},"author":4,"featured_media":0,"comment_status":"open","ping_status":"closed","sticky":false,"template":"","format":"standard","meta":{"footnotes":""},"categories":[1],"tags":[],"_links":{"self":[{"href":"https:\/\/blog.polityka.pl\/passent\/wp-json\/wp\/v2\/posts\/3174"}],"collection":[{"href":"https:\/\/blog.polityka.pl\/passent\/wp-json\/wp\/v2\/posts"}],"about":[{"href":"https:\/\/blog.polityka.pl\/passent\/wp-json\/wp\/v2\/types\/post"}],"author":[{"embeddable":true,"href":"https:\/\/blog.polityka.pl\/passent\/wp-json\/wp\/v2\/users\/4"}],"replies":[{"embeddable":true,"href":"https:\/\/blog.polityka.pl\/passent\/wp-json\/wp\/v2\/comments?post=3174"}],"version-history":[{"count":3,"href":"https:\/\/blog.polityka.pl\/passent\/wp-json\/wp\/v2\/posts\/3174\/revisions"}],"predecessor-version":[{"id":3177,"href":"https:\/\/blog.polityka.pl\/passent\/wp-json\/wp\/v2\/posts\/3174\/revisions\/3177"}],"wp:attachment":[{"href":"https:\/\/blog.polityka.pl\/passent\/wp-json\/wp\/v2\/media?parent=3174"}],"wp:term":[{"taxonomy":"category","embeddable":true,"href":"https:\/\/blog.polityka.pl\/passent\/wp-json\/wp\/v2\/categories?post=3174"},{"taxonomy":"post_tag","embeddable":true,"href":"https:\/\/blog.polityka.pl\/passent\/wp-json\/wp\/v2\/tags?post=3174"}],"curies":[{"name":"wp","href":"https:\/\/api.w.org\/{rel}","templated":true}]}}