
{"id":3178,"date":"2015-12-24T14:52:54","date_gmt":"2015-12-24T13:52:54","guid":{"rendered":"http:\/\/passent.blog.polityka.pl\/?p=3178"},"modified":"2015-12-24T14:59:22","modified_gmt":"2015-12-24T13:59:22","slug":"od-serca-i-od-rozumu","status":"publish","type":"post","link":"https:\/\/blog.polityka.pl\/passent\/2015\/12\/24\/od-serca-i-od-rozumu\/","title":{"rendered":"Od serca i od rozumu"},"content":{"rendered":"<p>Drogie Blogowiczki i drodzy Blogowicze!<\/p>\n<p>\u017bycz\u0119 Wam spokojnych, zdrowych \u015bwi\u0105t, a naszej Ojczy\u017anie, \u017ceby nie by\u0142a rozdarta pomi\u0119dzy dwa zwalczaj\u0105ce si\u0119 do upad\u0142ego obozy.<br \/>\n<!--more--><br \/>\n\u017beby antagonist\u00f3w nie nazywano z\u0142odziejami, komunistami, wypierdkami, faszystami i tak dalej, w tym kiepskim gu\u015bcie. \u017beby \u017caden wi\u0119cej po\u017cal si\u0119 Bo\u017ce polityk i w og\u00f3le ktokolwiek nie twierdzi\u0142, \u017ce manifestacja, w kt\u00f3rej uczestniczy\u0142y tysi\u0105ce Polak\u00f3w, jest op\u0142acana przez \u017cydowskiego milionera. \u017beby autor tych s\u0142\u00f3w przeprosi\u0142, a inni otworzyli w tej sprawie usta, zamiast pokornie milcze\u0107. <\/p>\n<p>\u017beby przegrani umieli wyci\u0105gn\u0105\u0107 wnioski z pora\u017cki, a zwyci\u0119zcy znali umiar w \u0142upieniu podbitego kraju. \u017beby nie zamyka\u0107 innym ust, pytaj\u0105c bez ko\u0144ca: \u201ea dlaczego pani milcza\u0142a, kiedy\u2026?\u201d. <\/p>\n<p>\u017beby w polityce nie obowi\u0105zywa\u0142a zasada \u201ezwyci\u0119zca bierze wszystko\u201d. \u017beby nasz kraj, kt\u00f3ry przez ostatnich 20-25 lat sta\u0142 si\u0119 wzorem pokojowych przemian, nie sta\u0142 si\u0119 po\u015bmiewiskiem i krajem specjalnej troski. \u017beby nie trzeba by\u0142o liczy\u0107 na to, \u017ce Hollywood za nasze pieni\u0105dze poprawi nasz wizerunek.<\/p>\n<p>\u017beby prawo nie by\u0142o \u0142amane i deptane, a ci, kt\u00f3rzy je zniszczyli, kiedy\u015b za swoje grzechy ponie\u015bli odpowiedzialno\u015b\u0107. \u017beby ojcowie p\u0142acili alimenty. \u017beby ministrowie nie re\u017cyserowali w teatrach, a komedianci nie sprawowali w\u0142adzy. \u017beby w\u0142adza nie by\u0142a nienasycona w czystkach, wymiataniu obcych z posad i obsadzaniu stanowisk swoimi.<\/p>\n<p>\u017beby nie obwi\u0105zywa\u0142a jedna wersja historii.<\/p>\n<p>Kr\u00f3tko m\u00f3wi\u0105c \u2013 \u017ceby nasz kraj by\u0142 cywilizowany, a jego obywatele popierali dobro i zwalczali z\u0142o. A tak\u017ce du\u017co zdrowia i rado\u015bci w realu i na blogu!<\/p>\n","protected":false},"excerpt":{"rendered":"<p>Drogie Blogowiczki i drodzy Blogowicze! \u017bycz\u0119 Wam spokojnych, zdrowych \u015bwi\u0105t, a naszej Ojczy\u017anie, \u017ceby nie by\u0142a rozdarta pomi\u0119dzy dwa zwalczaj\u0105ce si\u0119 do upad\u0142ego obozy.<\/p>\n","protected":false},"author":4,"featured_media":0,"comment_status":"open","ping_status":"closed","sticky":false,"template":"","format":"standard","meta":{"footnotes":""},"categories":[1],"tags":[],"_links":{"self":[{"href":"https:\/\/blog.polityka.pl\/passent\/wp-json\/wp\/v2\/posts\/3178"}],"collection":[{"href":"https:\/\/blog.polityka.pl\/passent\/wp-json\/wp\/v2\/posts"}],"about":[{"href":"https:\/\/blog.polityka.pl\/passent\/wp-json\/wp\/v2\/types\/post"}],"author":[{"embeddable":true,"href":"https:\/\/blog.polityka.pl\/passent\/wp-json\/wp\/v2\/users\/4"}],"replies":[{"embeddable":true,"href":"https:\/\/blog.polityka.pl\/passent\/wp-json\/wp\/v2\/comments?post=3178"}],"version-history":[{"count":3,"href":"https:\/\/blog.polityka.pl\/passent\/wp-json\/wp\/v2\/posts\/3178\/revisions"}],"predecessor-version":[{"id":3181,"href":"https:\/\/blog.polityka.pl\/passent\/wp-json\/wp\/v2\/posts\/3178\/revisions\/3181"}],"wp:attachment":[{"href":"https:\/\/blog.polityka.pl\/passent\/wp-json\/wp\/v2\/media?parent=3178"}],"wp:term":[{"taxonomy":"category","embeddable":true,"href":"https:\/\/blog.polityka.pl\/passent\/wp-json\/wp\/v2\/categories?post=3178"},{"taxonomy":"post_tag","embeddable":true,"href":"https:\/\/blog.polityka.pl\/passent\/wp-json\/wp\/v2\/tags?post=3178"}],"curies":[{"name":"wp","href":"https:\/\/api.w.org\/{rel}","templated":true}]}}