
{"id":3183,"date":"2015-12-28T15:45:29","date_gmt":"2015-12-28T14:45:29","guid":{"rendered":"http:\/\/passent.blog.polityka.pl\/?p=3183"},"modified":"2015-12-28T20:15:40","modified_gmt":"2015-12-28T19:15:40","slug":"czarna-komedia","status":"publish","type":"post","link":"https:\/\/blog.polityka.pl\/passent\/2015\/12\/28\/czarna-komedia\/","title":{"rendered":"Czarna komedia"},"content":{"rendered":"<p>Prezydent Andrzej Duda strzeli\u0142 sobie w\u0142a\u015bnie w stop\u0119.<br \/>\n<!--more--><br \/>\nPrezydent, prezes i wszyscy, kt\u00f3rzy zdemolowali Trybuna\u0142 Konstytucyjny, \u017ale przys\u0142u\u017cyli si\u0119 naszemu krajowi i sobie samym. Nawet je\u015bli niekt\u00f3re zarzuty pod adresem TK by\u0142y do dyskusji (np. \u017ce jest to cia\u0142o wybierane przez partie polityczne, b\u0105d\u017a \u017ce poprzednia wi\u0119kszo\u015b\u0107 sejmowa PO-PSL po\u0142aszczy\u0142a si\u0119 i niezgodnie z prawem wybra\u0142a w czerwcu dw\u00f3ch s\u0119dzi\u00f3w \u201ena zapas\u201d, co bywa nazywane przez krytyk\u00f3w \u201eskokiem na Trybuna\u0142), to i tak NIC, ale to NIC nie usprawiedliwia zamachu na Trybuna\u0142 Konstytucyjny w wykonaniu duetu Prezes \u2013 Prezydent.<\/p>\n<p>28 grudnia 2015 przejdzie do historii jako czarny dzie\u0144 w dziejach polskiej demokracji. Niekt\u00f3re ustalenia podpisanej dzi\u015b nowelizacji Ustawy o TK wo\u0142aj\u0105 o pomst\u0119 do nieba. Mam na my\u015bli takie zapisy jak rozpatrywanie spraw w kolejno\u015bci ich nap\u0142ywania (co uniemo\u017cliwia priorytet spraw najpilniejszych i najwa\u017cniejszych), rozstrzyganie spraw wi\u0119kszo\u015bci\u0105 2\/3 g\u0142os\u00f3w, co oznacza d\u0142ugotrwale poszukiwanie tak du\u017cej wi\u0119kszo\u015bci, rozpatrywanie spraw co najmniej p\u00f3\u0142 roku po ich wp\u0142yni\u0119ciu (czyli akty prawne budz\u0105ce w\u0105tpliwo\u015bci b\u0119d\u0105 wcielane przez w\u0142adz\u0119 wykonawcz\u0105 natychmiast) itd. <\/p>\n<p>Prawnicy wska\u017c\u0105 mo\u017ce jeden czy drugi zapis w nowelizacji godny uwagi, jak np. ten, kt\u00f3ry przewiduje, \u017ce wyb\u00f3r s\u0119dzi\u00f3w TK b\u0119dzie wymaga\u0142 2\/3 g\u0142os\u00f3w w Sejmie, ale nie zmienia to faktu, \u017ce dzisiejsza nowelizacja (kt\u00f3ra, w dodatku, wchodzi w \u017cycie natychmiast po jej og\u0142oszeniu) to niszczycielski cios w Trybuna\u0142 Konstytucyjny i w demokracj\u0119 w Polsce.<\/p>\n<p>Zamiast naprawi\u0107 to, co naprawy wymaga\u0142o, ob\u00f3z w\u0142adzy posun\u0105\u0142 si\u0119 do szeregu akt\u00f3w bezprawia, w czym przypomina islamskich fanatyk\u00f3w niszcz\u0105cych skarby kultury. Nic dziwnego, \u017ce prawie ca\u0142e \u015brodowisko prawnicze \u2013 rady wydzia\u0142\u00f3w prawa UJ, UW i inne (mam nadziej\u0119, \u017ce wszystkie, \u017ceby kiedy\u015b ich cz\u0142onkowie nie musieli \u017ca\u0142owa\u0107), korporacje prawnicze, najwy\u017csze autorytety, byli cz\u0142onkowie i przewodnicz\u0105cy TK, znani konstytucjonali\u015bci, ba, nawet promotor pracy doktorskiej Andrzeja Dudy \u2013 prawie wszyscy m\u00f3wi\u0105 \u201enie\u201d, protestuj\u0105.<\/p>\n<p>Prezydent, kt\u00f3ry jest prawnikiem i chwali\u0142 si\u0119, \u017ce jest \u201eniez\u0142omny\u201d, zamiast by\u0107 ponadpartyjny, zamiast by\u0107 stra\u017cnikiem Konstytucji &#8211; zachowa\u0142 si\u0119 jak subordynowany cz\u0142onek partii rz\u0105dz\u0105cej. Wzi\u0105\u0142 udzia\u0142 w farsie, jak\u0105 by\u0142a ca\u0142a ta operacja, w tym trwaj\u0105ca siedem (!) godzin dyskusja w Sejmie, i  r\u00f3wnie dog\u0142\u0119bna, nocna debata w \u201eizbie refleksji\u201d, zako\u0144czona g\u0142osowaniem o godzinie 4 rano.<\/p>\n<p>Niech si\u0119 teraz nikt nie dziwi, \u017ce politycy, instytucje i media zagraniczne uderz\u0105 na alarm. Niech nikt nie wierzy, \u017ce reakcja opinii mi\u0119dzynarodowej jest dyrygowana przez gestapo, polskich z\u0142odziei, postkomunist\u00f3w i ludzi niesprawnych umys\u0142owo. Takiego ciosu w wizerunek Polski nie naprawi \u017caden film zam\u00f3wiony za ci\u0119\u017ckie srebrniki w Hollywood. Cokolwiek nakr\u0119c\u0105 \u2013 wyjdzie farsa albo czarna komedia.<\/p>\n<p><strong>Zaproszenie<\/strong><br \/>\nCzy i dlaczego media zagraniczne \u201ek\u0142ami\u0105\u201d o Polsce? Naszymi go\u015b\u0107mi w radiu TOK FM b\u0119d\u0105: prof. Klaus Bachman \u2013 wieloletni korespondent w Polsce, Joanna Berendt (\u201eNew York Times&#8221;) i Jan Cie\u0144ski \u2013 szef portalu Politico na Europ\u0119 \u015arodkowo-Wschodni\u0105 (dawniej \u201eThe Economist&#8221; i \u201eFinancial Times&#8221;). Radio TOK FM. Wtorek, 29 grudnia, godz. 20.05.<\/p>\n","protected":false},"excerpt":{"rendered":"<p>Prezydent Andrzej Duda strzeli\u0142 sobie w\u0142a\u015bnie w stop\u0119.<\/p>\n","protected":false},"author":4,"featured_media":0,"comment_status":"open","ping_status":"closed","sticky":false,"template":"","format":"standard","meta":{"footnotes":""},"categories":[1],"tags":[],"_links":{"self":[{"href":"https:\/\/blog.polityka.pl\/passent\/wp-json\/wp\/v2\/posts\/3183"}],"collection":[{"href":"https:\/\/blog.polityka.pl\/passent\/wp-json\/wp\/v2\/posts"}],"about":[{"href":"https:\/\/blog.polityka.pl\/passent\/wp-json\/wp\/v2\/types\/post"}],"author":[{"embeddable":true,"href":"https:\/\/blog.polityka.pl\/passent\/wp-json\/wp\/v2\/users\/4"}],"replies":[{"embeddable":true,"href":"https:\/\/blog.polityka.pl\/passent\/wp-json\/wp\/v2\/comments?post=3183"}],"version-history":[{"count":4,"href":"https:\/\/blog.polityka.pl\/passent\/wp-json\/wp\/v2\/posts\/3183\/revisions"}],"predecessor-version":[{"id":3185,"href":"https:\/\/blog.polityka.pl\/passent\/wp-json\/wp\/v2\/posts\/3183\/revisions\/3185"}],"wp:attachment":[{"href":"https:\/\/blog.polityka.pl\/passent\/wp-json\/wp\/v2\/media?parent=3183"}],"wp:term":[{"taxonomy":"category","embeddable":true,"href":"https:\/\/blog.polityka.pl\/passent\/wp-json\/wp\/v2\/categories?post=3183"},{"taxonomy":"post_tag","embeddable":true,"href":"https:\/\/blog.polityka.pl\/passent\/wp-json\/wp\/v2\/tags?post=3183"}],"curies":[{"name":"wp","href":"https:\/\/api.w.org\/{rel}","templated":true}]}}