
{"id":319,"date":"2007-08-03T09:08:52","date_gmt":"2007-08-03T07:08:52","guid":{"rendered":"http:\/\/passent.blog.polityka.pl\/?p=319"},"modified":"2007-08-03T09:08:52","modified_gmt":"2007-08-03T07:08:52","slug":"1-sierpnia-%e2%80%93-dzien-zwyciestwa","status":"publish","type":"post","link":"https:\/\/blog.polityka.pl\/passent\/2007\/08\/03\/1-sierpnia-%e2%80%93-dzien-zwyciestwa\/","title":{"rendered":"1 sierpnia \u2013 Dzie\u0144 Zwyci\u0119stwa?"},"content":{"rendered":"<p>Nie chcia\u0142em zak\u0142\u00f3ca\u0107 obchod\u00f3w 63. rocznicy wybuchu Powstania Warszawskiego, ale teraz ju\u017c chyba mog\u0119 poprze\u0107 tych publicyst\u00f3w, kt\u00f3rzy \u2013 jak Tomasz \u0141ubie\u0144ski, Waldemar Kuczy\u0144ski, Zdzis\u0142aw Pietrasik czy Jan Wr\u00f3bel \u2013 wyra\u017caj\u0105 r\u00f3wnie\u017c m\u00f3j pogl\u0105d: Cze\u015b\u0107 i chwa\u0142a Poleg\u0142ym, ale to nie powinno ogranicza\u0107 refleksji wok\u00f3\u0142 Powstania. Sprawiedliwa opinia o Powstaniu jest bardzo trudna. Powstanie by\u0142o najwi\u0119kszym prze\u017cyciem pokolenia Kolumb\u00f3w, ale tylko dla tych, kt\u00f3rzy prze\u017cyli. A pozostali? 150-200 tysi\u0119cy ofiar, kt\u00f3rych dok\u0142adnie nikt nigdy nie zliczy \u2013 czy oni musieli zgin\u0105\u0107? Strach pomy\u015ble\u0107: w Powstaniu zgin\u0119\u0142o prawie dziesi\u0119\u0107 razy tyle ludzi co w Katyniu. Straszne. I w tej sprawie IPN \u017cadnego \u015bledztwa nie prowadzi.<\/p>\n<p>Na temat Powstania napisano ju\u017c bardzo du\u017co. Dominuje rozumowanie: M\u0142odzie\u017c rwa\u0142a si\u0119 do walki. Pragn\u0119\u0142a dobi\u0107 hitlerowsk\u0105 besti\u0119, odzyska\u0107 i ocali\u0107 niepodleg\u0142\u0105 Polsk\u0119 przed armi\u0105 Stalina. Miasto \u2013 bohater, bohaterskie dzieci, z go\u0142ymi r\u0119koma na uzbrojonych po z\u0119by \u017co\u0142dak\u00f3w, wspania\u0142a m\u0142odzie\u017c, sanitariuszki, \u0142\u0105czniczki\u2026 Gdyby nie Powstanie, Polska by\u0142aby po wojnie jeszcze bardziej zsowietyzowana, by\u0107 mo\u017ce wr\u0119cz wcielona jako kolejna republika rad. Gdyby nie Powstanie, nie by\u0142oby Solidarno\u015bci. Komunizm i sowiecka dominacja trwa\u0142yby d\u0142u\u017cej. Moim zdaniem, gdyby nie Powstanie, nie by\u0142oby okr\u0105g\u0142ego sto\u0142u.<\/p>\n<p><!--more--><\/p>\n<p>To wszystko prawda, ale nie ca\u0142a. Jest bowiem i druga strona: militarna i polityczna brawura, z jak\u0105 wys\u0142ano na \u015bmierc tysi\u0105ce ludzi. Uczestnik Powstania od pierwszego do ostatniego dnia, Stanis\u0142aw Lakiernik, w ksi\u0105\u017cce (\u201eDiabelne szcz\u0119\u015bcie czy palec Bo\u017cy?&#8221;), pisze:<\/p>\n<blockquote><p>Powstanie uwa\u017cam za najgorszy okres mojego \u017cycia. Bardzo szybko okaza\u0142o si\u0119, \u017ce nasza sytuacja jest beznadziejna, a straty s\u0105 ogromne.<\/p><\/blockquote>\n<p>Powstanie nie by\u0142o przygotowane ani politycznie, ani militarnie. Rachuby na to, \u017ce Stalin b\u0119dzie wspiera\u0142 Powstanie wymierzone przeciwko sobie, \u017ce Roosevelt i Churchill b\u0119d\u0105 umiera\u0107 za Warszaw\u0119, by\u0142y ca\u0142kowicie bezpodstawne. Polacy poszli na pewn\u0105 \u015bmier\u0107 w imi\u0119 nadziei na cud. Dziewcz\u0119ta i ch\u0142opcy mogli na to liczy\u0107, ale do\u015bwiadczeni dow\u00f3dcy i politycy? \u015awiat przygl\u0105da\u0142 si\u0119 zag\u0142adzie miasta z za\u0142o\u017conymi r\u0119koma. Czy mo\u017cna by\u0142o oczekiwa\u0107 czego\u015b innego, kiedy podzia\u0142 powojennej Europy by\u0142 ju\u017c przes\u0105dzony i przypiecz\u0119towany przez Wielka Tr\u00f3jk\u0119? Decyzja o wybuchu Powstania to by\u0142 tragiczny b\u0142\u0105d (\u2018b\u0142\u0105d\u2019 to za ma\u0142e s\u0142owo), kt\u00f3ry poch\u0142on\u0105\u0142 tysi\u0105ce niewinnych ofiar, kwiat polskiej m\u0142odzie\u017cy. &#8211; <em>To zbrodnia<\/em> \u2013 jak powiedzia\u0142 gen. Anders, kiedy dowiedzia\u0142 si\u0119 o wybuchu Powstania, kt\u00f3remu dzisiaj, po latach, nadaje si\u0119 coraz wi\u0119kszy wymiar, przy coraz mniejszej refleksji. Nikt z wy\u017cszych dow\u00f3dc\u00f3w Powstania nie zgina\u0142. \u201eTak si\u0119 z\u0142o\u017cy\u0142o\u201d \u2013 pisa\u0142 \u0141ubie\u0144ski. Coraz bardziej jednostronne obchody Powstania s\u0105 na r\u0119k\u0119 politykom, kt\u00f3rzy chc\u0105 by\u0107 postrzegani jako jego spadkobiercy.<\/p>\n<p>Dlatego z mieszanymi uczuciami obserwuj\u0119 weso\u0142e obchody, kt\u00f3re maj\u0105 zag\u0142uszy\u0107 refleksj\u0119 &#8211; rekonstrukcje, capstrzyki, inscenizacje, komiksy, koncerty, kt\u00f3re maj\u0105 stwarza\u0107 wra\u017cenie, \u017ce Powstanie by\u0142o aktem nie tylko wyt\u0119sknionym (co zrozumia\u0142e), ale i radosnym. 1 sierpnia obchodzony jest jak dzie\u0144 zwyci\u0119stwa. Rozpacz i gniew\u00a0zwr\u00f3cone s\u0105 wy\u0142\u0105cznie w kierunku Stalina o aliant\u00f3w zachodnich.<\/p>\n<blockquote><p>Przyj\u0119\u0142o si\u0119 zbyt \u0142atwo, \u017ce wszystkie mo\u017cliwe b\u0142\u0119dy pope\u0142niono w imie wolno\u015bci, kt\u00f3ra rozgrzesza ze wszystkiego.<\/p><\/blockquote>\n<p>O tym, co si\u0119 dzia\u0142o przez 63 dni i jaki by\u0142 koniec \u2013 m\u00f3wi si\u0119 p\u00f3\u0142g\u0119bkiem. Oficjaln\u0105, zwyci\u0119sk\u0105 ocen\u0119 Powstania, da\u0142 w telewizji prezes IPN, Janusz Kurtyka (cytuj\u0119 z pami\u0119ci):<\/p>\n<blockquote><p>Powstanie by\u0142o pora\u017ck\u0105 militarn\u0105, ale politycznie zapobieg\u0142o temu, \u017ceby Sowieci mogli utrzymywa\u0107, \u017ce nar\u00f3d Polski zaakceptowa\u0142 ich panowanie.<\/p><\/blockquote>\n<p>To po to, \u017ceby Sowieci nie mogli twierdzi\u0107, \u017ce przyj\u0119to ich z otwartymi ramionami, musia\u0142o umrze\u0107 miasto i jego mieszka\u0144cy? I to m\u00f3wi cz\u0142owiek, kt\u00f3ry stoi na czele komisji do badania zbrodni przeciwko narodowi polskiemu?<br \/>\n\u00a0<br \/>\n<strong>PS<\/strong>. Przez najbli\u017cszy tydzie\u0144 (4-11 VIII) b\u0119d\u0119 poza Warszaw\u0105, nie gwarantuj\u0119 regularno\u015bci wpis\u00f3w, przepraszam i pozdrawiam Blogowisko, Pass.<\/p>\n","protected":false},"excerpt":{"rendered":"<p>Nie chcia\u0142em zak\u0142\u00f3ca\u0107 obchod\u00f3w 63. rocznicy wybuchu Powstania Warszawskiego, ale teraz ju\u017c chyba mog\u0119 poprze\u0107 tych publicyst\u00f3w, kt\u00f3rzy \u2013 jak Tomasz \u0141ubie\u0144ski, Waldemar Kuczy\u0144ski, Zdzis\u0142aw Pietrasik czy Jan Wr\u00f3bel \u2013 wyra\u017caj\u0105 r\u00f3wnie\u017c m\u00f3j pogl\u0105d: Cze\u015b\u0107 i chwa\u0142a Poleg\u0142ym, ale to nie powinno ogranicza\u0107 refleksji wok\u00f3\u0142 Powstania. Sprawiedliwa opinia o Powstaniu jest bardzo trudna. Powstanie by\u0142o [&hellip;]<\/p>\n","protected":false},"author":4,"featured_media":0,"comment_status":"open","ping_status":"open","sticky":false,"template":"","format":"standard","meta":{"footnotes":""},"categories":[1],"tags":[],"_links":{"self":[{"href":"https:\/\/blog.polityka.pl\/passent\/wp-json\/wp\/v2\/posts\/319"}],"collection":[{"href":"https:\/\/blog.polityka.pl\/passent\/wp-json\/wp\/v2\/posts"}],"about":[{"href":"https:\/\/blog.polityka.pl\/passent\/wp-json\/wp\/v2\/types\/post"}],"author":[{"embeddable":true,"href":"https:\/\/blog.polityka.pl\/passent\/wp-json\/wp\/v2\/users\/4"}],"replies":[{"embeddable":true,"href":"https:\/\/blog.polityka.pl\/passent\/wp-json\/wp\/v2\/comments?post=319"}],"version-history":[{"count":0,"href":"https:\/\/blog.polityka.pl\/passent\/wp-json\/wp\/v2\/posts\/319\/revisions"}],"wp:attachment":[{"href":"https:\/\/blog.polityka.pl\/passent\/wp-json\/wp\/v2\/media?parent=319"}],"wp:term":[{"taxonomy":"category","embeddable":true,"href":"https:\/\/blog.polityka.pl\/passent\/wp-json\/wp\/v2\/categories?post=319"},{"taxonomy":"post_tag","embeddable":true,"href":"https:\/\/blog.polityka.pl\/passent\/wp-json\/wp\/v2\/tags?post=319"}],"curies":[{"name":"wp","href":"https:\/\/api.w.org\/{rel}","templated":true}]}}