
{"id":3192,"date":"2016-01-04T21:44:53","date_gmt":"2016-01-04T20:44:53","guid":{"rendered":"http:\/\/passent.blog.polityka.pl\/?p=3192"},"modified":"2016-01-08T06:20:31","modified_gmt":"2016-01-08T05:20:31","slug":"co-ma-piernik-do-wiatraka","status":"publish","type":"post","link":"https:\/\/blog.polityka.pl\/passent\/2016\/01\/04\/co-ma-piernik-do-wiatraka\/","title":{"rendered":"Co ma piernik do wiatraka?"},"content":{"rendered":"<p>To ju\u017c kolejny polski minister spraw zagranicznych, kt\u00f3ry szybciej m\u00f3wi, ni\u017c my\u015bli.<br \/>\n<!--more--><br \/>\nPo tym, jak w \u0141odzi zamordowany zosta\u0142 dzia\u0142acz PiS, Witold Waszczykowski, jeszcze zanim zosta\u0142 ministrem, krzycza\u0142: \u201eNie zabijajcie nas!\u201d. Innym razem dosadnie zaznaczy\u0142 swoje pogl\u0105dy, m\u00f3wi\u0105c o \u201eoszala\u0142ym lewactwie\u201d. Kiedy ju\u017c zosta\u0142 ministrem, zapytano go o los polskich ambasador\u00f3w, kt\u00f3rzy przebywaj\u0105 na plac\u00f3wkach. \u201eW dyplomacji \u2013 powiedzia\u0142 elegancko \u2013 nie ma \u015bwi\u0119tych kr\u00f3w\u201d, za\u015b ambasady to nie s\u0105 \u201ezak\u0142ady pracy chronionej\u201d.<\/p>\n<p>Wyra\u017anie napawa\u0142 si\u0119 swoj\u0105 w\u0142adz\u0105 i ostrzega\u0142 ambasador\u00f3w, \u017ceby sobie nie my\u015bleli, \u017ce s\u0105 B\u00f3g wie kim. Minister, kt\u00f3ry lekcewa\u017c\u0105co wyra\u017ca si\u0119 o polskich ambasadorach i o ambasadach, chyba obj\u0105\u0142 nieodpowiedni resort. A na pewno nie przestrzega protoko\u0142u dyplomatycznego.<\/p>\n<p>Ale na tym nie koniec. Kilka dni temu minister Waszczykowski paln\u0105\u0142 kolejn\u0105 gaf\u0119. Do niedawna Polska wypowiada\u0142a si\u0119 zdecydowanie przeciwko ewentualnej dyskryminacji Polak\u00f3w w UK przy korzystaniu z tamtejszego systemu socjalnego. Teraz minister doda\u0142: chyba \u017ce Wielka Brytania poprze nasze starania o posadowienie sta\u0142ych baz NATO na naszym terytorium. Poniewa\u017c polskie oczekiwania rozmijaj\u0105 si\u0119 z planami Niemiec i Stan\u00f3w Zjednoczonych, minister Waszczykowski oferuje Brytyjczykom nasze ust\u0119pstwo w zamian za ich zdystansowanie si\u0119 od stanowiska UK i USA w sprawie baz w Polsce.<\/p>\n<p>Co ma piernik do wiatraka? W brytyjskim Foreign Office musieli chyba przeciera\u0107 oczy ze zdumienia. Jeszcze wczoraj Szyd\u0142o m\u00f3wi\u0142a Cameronowi, \u017ce mo\u017cemy rozmawia\u0107 o wszystkim, ale nie o dyskryminacji naszych rodak\u00f3w (i \u2013 dodajmy \u2013 wyborc\u00f3w PiS), a dzisiaj jej minister m\u00f3wi co innego i prowadzi  negocjacje za po\u015brednictwem medi\u00f3w. Co wi\u0119cej, polski minister da\u0142 do zrozumienia, \u017ce mo\u017cemy przehandlowa\u0107 przywileje socjalne Polak\u00f3w w UK w zamian  za popraw\u0119 naszego bezpiecze\u0144stwa (czytaj: poparcie Londynu dla baz i personelu wojskowego w Polsce).<\/p>\n<p>Zwr\u00f3\u0107my uwag\u0119, \u017ce bezpiecze\u0144stwo kraju nie jest wprost proporcjonalne do si\u0142y militarnej (sam na sam z ewentualnym, rozwa\u017canym agresorem &#8211; nie wygramy). Liczna obecno\u015b\u0107 Polak\u00f3w w UK i innych pa\u0144stwach Europy, osadzenie Polski w Unii Europejskiej, niezliczone kontakty gospodarcze, kulturalne, naukowe i ludzkie, ba, wzajemne zaufanie i sympatia &#8211; to tak\u017ce bezpiecze\u0144stwo, tzw. mi\u0119kkie bezpiecze\u0144stwo, w naszych czasach nie do pogardzenia. Sytuacja Polski nie zale\u017cy tylko od tego, ile mamy armat. Bardziej chyba zale\u017cy od sojusz\u00f3w i od relacji z innymi, w tym z s\u0105siadami.<\/p>\n<p>Najnowsza gafa ministra to jego wywiad dla najwi\u0119kszej bulwar\u00f3wki niemieckiej \u201eBild Zeitung\u201d. Zdaniem Waszczykowskiego poprzedni rz\u0105d realizowa\u0142 program marksistowski, kt\u00f3rego celem by\u0142o spo\u0142ecze\u0144stwo rowerzyst\u00f3w, wegetarian i bezbo\u017cnik\u00f3w, korzystaj\u0105ce tylko z odnawialnych \u017ar\u00f3de\u0142 energii. S\u0105 to warto\u015bci obce Polakom, nastawionym rodzinnie, patriotycznie i religijnie. W Polsce i w Niemczech zawrza\u0142o. Co ma piernik do wiatraka? Ka\u017cdy wie, \u017ce cyklista mo\u017ce by\u0107 dobrym ojcem rodziny, wegetarianka \u2013 dobr\u0105 patriotk\u0105, a ekolog nie musi by\u0107 marksist\u0105. Polscy cykli\u015bci, dla kt\u00f3rych buduje si\u0119 i wyznacza coraz wi\u0119cej \u015bcie\u017cek rowerowych, mog\u0105 si\u0119 tylko cieszy\u0107, \u017ce minister Waszczykowski zosta\u0142 skierowany na odcinek zagraniczny.<\/p>\n<p><strong>Zaproszenie<\/strong><br \/>\nCo to b\u0119dzie? Co to b\u0119dzie? O sytuacji w Polsce rozmawia\u0107 b\u0119d\u0105: S\u0142awomir SIERAKOWSKI (\u201eKrytyka Polityczna&#8221;), Piotr SKWIECI\u0143SKI (\u201ewSieci&#8221;) i dr Karolina WIGURA (\u201eKultura Liberalna&#8221;). Radio TOK FM, wtorek, 5 stycznia, g. 20.05. Zapraszam!<\/p>\n","protected":false},"excerpt":{"rendered":"<p>To ju\u017c kolejny polski minister spraw zagranicznych, kt\u00f3ry szybciej m\u00f3wi, ni\u017c my\u015bli.<\/p>\n","protected":false},"author":4,"featured_media":0,"comment_status":"open","ping_status":"closed","sticky":false,"template":"","format":"standard","meta":{"footnotes":""},"categories":[1],"tags":[],"_links":{"self":[{"href":"https:\/\/blog.polityka.pl\/passent\/wp-json\/wp\/v2\/posts\/3192"}],"collection":[{"href":"https:\/\/blog.polityka.pl\/passent\/wp-json\/wp\/v2\/posts"}],"about":[{"href":"https:\/\/blog.polityka.pl\/passent\/wp-json\/wp\/v2\/types\/post"}],"author":[{"embeddable":true,"href":"https:\/\/blog.polityka.pl\/passent\/wp-json\/wp\/v2\/users\/4"}],"replies":[{"embeddable":true,"href":"https:\/\/blog.polityka.pl\/passent\/wp-json\/wp\/v2\/comments?post=3192"}],"version-history":[{"count":5,"href":"https:\/\/blog.polityka.pl\/passent\/wp-json\/wp\/v2\/posts\/3192\/revisions"}],"predecessor-version":[{"id":3196,"href":"https:\/\/blog.polityka.pl\/passent\/wp-json\/wp\/v2\/posts\/3192\/revisions\/3196"}],"wp:attachment":[{"href":"https:\/\/blog.polityka.pl\/passent\/wp-json\/wp\/v2\/media?parent=3192"}],"wp:term":[{"taxonomy":"category","embeddable":true,"href":"https:\/\/blog.polityka.pl\/passent\/wp-json\/wp\/v2\/categories?post=3192"},{"taxonomy":"post_tag","embeddable":true,"href":"https:\/\/blog.polityka.pl\/passent\/wp-json\/wp\/v2\/tags?post=3192"}],"curies":[{"name":"wp","href":"https:\/\/api.w.org\/{rel}","templated":true}]}}