
{"id":3198,"date":"2016-01-07T23:19:24","date_gmt":"2016-01-07T22:19:24","guid":{"rendered":"http:\/\/passent.blog.polityka.pl\/?p=3198"},"modified":"2016-01-08T06:17:00","modified_gmt":"2016-01-08T05:17:00","slug":"narty-prezydenta","status":"publish","type":"post","link":"https:\/\/blog.polityka.pl\/passent\/2016\/01\/07\/narty-prezydenta\/","title":{"rendered":"Narty prezydenta"},"content":{"rendered":"<p>Pierwszy dobry uczynek prezydenta Dudy: odda\u0142 swoje narty na rzecz orkiestry Owsiaka.<br \/>\n<!--more--><br \/>\nTym samym pokaza\u0142, \u017ce potrafi ciut, ciut odsun\u0105\u0107 si\u0119 od linii tej bezmy\u015blnej cz\u0119\u015bci prawicy i Ko\u015bcio\u0142a, kt\u00f3ra prowadzi \u017ca\u0142osn\u0105 nagonk\u0119 na Wielk\u0105 Orkiestr\u0119 \u015awi\u0105tecznej Pomocy. Niestety, to, co prezydent zyska\u0142 na nartach \u2013 straci\u0142 po powrocie do Warszawy, gdzie pos\u0142usznie podpisa\u0142 kolejne ustawy: o s\u0142u\u017cbie cywilnej, o likwidacji obowi\u0105zku szkolnego 6-latk\u00f3w i o mediach publicznych.<\/p>\n<p>Jedna ustawa gorsza od drugiej. Ustawa o s\u0142u\u017cbie cywilnej likwiduje nawet pozory konkurs\u00f3w przy obsadzaniu stanowisk w administracji publicznej i wprowadza \u201epowo\u0142ywanie\u201d, kogo dusza, a w\u0142a\u015bciwie rz\u0105d, zapragnie. To ju\u017c nie s\u0105 drzwi uchylone do partyjniactwa, to szeroka autostrada do pa\u0144stwa partyjnego. To koniec snu o powstaniu w Polsce apolitycznej, bezpartyjnej, niezale\u017cnej s\u0142u\u017cby cywilnej.<\/p>\n<p>Zniesienie obowi\u0105zku szkolnego dla 6-latk\u00f3w pozwala \u201euchroni\u0107\u201d je przed demoralizacj\u0105, jak\u0105 siej\u0105 szko\u0142y. Co innego, gdyby nasze dzieci by\u0142y tak zdolne jak ich r\u00f3wie\u015bnicy w innych krajach. A skoro s\u0105 t\u0119pe i niekumate, to lepiej niech bawi\u0105 si\u0119 w domu, kr\u0119c\u0105 si\u0119 mi\u0119dzy babci\u0105 i mamusi\u0105, kt\u00f3re przez 6 lat nie zd\u0105\u017cy\u0142y im wpoi\u0107 tego, co im wpoj\u0105 w si\u00f3dmym roku \u017cycia. <\/p>\n<p>No i wreszcie rewelacyjna ma\u0142a ustawa medialna, dzi\u0119ki kt\u00f3rej b\u0119dzie mo\u017cna od jutra zwolni\u0107 ca\u0142e kierownictwo medi\u00f3w publicznych i mianowa\u0107 swoich ulubie\u0144c\u00f3w, z Jackiem Kurskim na czele. Ten prosi\u0142, prosi\u0142, a\u017c wyprosi\u0142 \u2013 jeden gest prezesa Polski i mamy nowego prezesa TVP, jednego z najbardziej cynicznych i elastycznych polityk\u00f3w prawicy.<\/p>\n<p>Prezydent Duda podpisa\u0142 nie tylko 6 ustaw, ale i wyrok na siebie. Prezydent wszystkich Polak\u00f3w, prezydent wsp\u00f3lnoty, zgody i konsultacji coraz bardziej pogr\u0105\u017ca si\u0119 ju\u017c nie tylko w oczach swoich przeciwnik\u00f3w, ale nawet w oczach takich sympatyk\u00f3w IV RP, jak Rafa\u0142 Ziemkiewicz, zaci\u0119ty wr\u00f3g \u201emichnikowszczyzny\u201d.<\/p>\n<p>\u201eU\u0142askawienie Mariusza Kami\u0144skiego \u2013 pisze Ziemkiewicz w \u201eDo Rzeczy&#8221; \u2013 dawa\u0142o si\u0119 wyja\u015bni\u0107 trosk\u0105 o funkcjonowanie pa\u0144stwa. (\u2026) Przyjmowanie po nocy \u015blubowania od ekspresowo wybranych pisowskich s\u0119dzi\u00f3w to zupe\u0142nie inna sprawa \u2013 prezydent otwarcie zarzuci\u0142 wym\u00f3g bezstronno\u015bci, na dodatek podejmuj\u0105c gr\u0119 na sztuczki prawne, gr\u0119 wprawdzie w demokratycznej polityce cz\u0119st\u0105, ale z powag\u0105 g\u0142owy pa\u0144stwa i jej autorytetem nielicuj\u0105c\u0105. To nocne \u015blubowanie podkopa\u0142o zaufanie do niego i odbiera mu mo\u017cliwo\u015b\u0107 odgrywania koncyliacyjnej roli\u201d. <\/p>\n<p>Zdaniem Ziemkiewicza gdy prezydent Duda \u201eutraci zaufanie i ugruntuje o sobie opini\u0119 politycznej marionetki, odbudowanie wizerunku mo\u017ce si\u0119 potem okaza\u0107 niemo\u017cliwe\u201d. I tak pisze jeden z najbardziej prawicowych publicyst\u00f3w w \u201etygodniku Lisickiego\u201d.<\/p>\n<p>To dobrze, \u017ce Rafa\u0142 Ziemkiewicz tymi s\u0142owy odcina si\u0119 od ch\u00f3ru pochlebc\u00f3w, ale smutne, \u017ce nawet tak zdecydowany przeciwnik III RP traci z\u0142udzenia na temat prezydenta. I to zaledwie kilka miesi\u0119cy po jego inauguracji.<\/p>\n<p>Mamy do czynienia z katastrofalnym upadkiem wizerunku prezydenta, kt\u00f3ry jeszcze kilka miesi\u0119cy temu wy\u015bmiewa\u0142 \u00f3wczesnego prezydenta Komorowskiego, m\u00f3wi\u0105c, \u017ce nazwanie go \u201enotariuszem\u201d przynosi\u0142oby ujm\u0119 prawdziwym notariuszom. Prezydent Duda trwoni zaufanie, jakie zdoby\u0142 w\u015br\u00f3d wyborc\u00f3w. Co wi\u0119cej, spada szacunek dla urz\u0119du g\u0142owy pa\u0144stwa oraz wizerunek naszego kraju za granic\u0105. W Polsce nie ma ju\u017c gremium prawniczego, kt\u00f3re nie by\u0142oby zaniepokojone, a za granic\u0105 nie ma ju\u017c kraju, w kt\u00f3rym jacy\u015b politycy lub media nie odnotowa\u0142yby odwrotu naszego kraju od demokracji.<\/p>\n<p>By\u0142oby lepiej, gdyby prezydent Duda nie oddawa\u0142 nart i dalej na nich je\u017adzi\u0142, gdy\u017c to robi przyzwoicie.<\/p>\n","protected":false},"excerpt":{"rendered":"<p>Pierwszy dobry uczynek prezydenta Dudy: odda\u0142 swoje narty na rzecz orkiestry Owsiaka.<\/p>\n","protected":false},"author":4,"featured_media":0,"comment_status":"open","ping_status":"closed","sticky":false,"template":"","format":"standard","meta":{"footnotes":""},"categories":[1],"tags":[],"_links":{"self":[{"href":"https:\/\/blog.polityka.pl\/passent\/wp-json\/wp\/v2\/posts\/3198"}],"collection":[{"href":"https:\/\/blog.polityka.pl\/passent\/wp-json\/wp\/v2\/posts"}],"about":[{"href":"https:\/\/blog.polityka.pl\/passent\/wp-json\/wp\/v2\/types\/post"}],"author":[{"embeddable":true,"href":"https:\/\/blog.polityka.pl\/passent\/wp-json\/wp\/v2\/users\/4"}],"replies":[{"embeddable":true,"href":"https:\/\/blog.polityka.pl\/passent\/wp-json\/wp\/v2\/comments?post=3198"}],"version-history":[{"count":3,"href":"https:\/\/blog.polityka.pl\/passent\/wp-json\/wp\/v2\/posts\/3198\/revisions"}],"predecessor-version":[{"id":3200,"href":"https:\/\/blog.polityka.pl\/passent\/wp-json\/wp\/v2\/posts\/3198\/revisions\/3200"}],"wp:attachment":[{"href":"https:\/\/blog.polityka.pl\/passent\/wp-json\/wp\/v2\/media?parent=3198"}],"wp:term":[{"taxonomy":"category","embeddable":true,"href":"https:\/\/blog.polityka.pl\/passent\/wp-json\/wp\/v2\/categories?post=3198"},{"taxonomy":"post_tag","embeddable":true,"href":"https:\/\/blog.polityka.pl\/passent\/wp-json\/wp\/v2\/tags?post=3198"}],"curies":[{"name":"wp","href":"https:\/\/api.w.org\/{rel}","templated":true}]}}