
{"id":32,"date":"2006-05-20T20:32:13","date_gmt":"2006-05-20T18:32:13","guid":{"rendered":"http:\/\/passent.blog.polityka.pl\/?p=32"},"modified":"2006-05-22T12:23:01","modified_gmt":"2006-05-22T10:23:01","slug":"przymrozek","status":"publish","type":"post","link":"https:\/\/blog.polityka.pl\/passent\/2006\/05\/20\/przymrozek\/","title":{"rendered":"Przymro\u017cek"},"content":{"rendered":"<p>Na Mi\u0119dzynarodowych Targach Ksi\u0105\u017cki podpisywa\u0142em \u201eCodziennik\u201d. By\u0142o moc ludzi, tyle \u017ce\u00a0 nie do mnie, raczej\u00a0 do Grassa, Mro\u017cka i innych prawdziwych wielko\u015bci. Ale i przy moim stoisku ten i \u00f3w si\u0119 zatrzyma\u0142, \u017ceby pogaworzy\u0107, powspomina\u0107, wzi\u0105\u0107 dedykacj\u0119. \u2013 <em>Czytam pana od zawsze, mam jeszcze w domu \u201eAkyrem\u0119\u201d<\/em> \u2013 powiedzia\u0142a pewna pani. Podzi\u0119kowa\u0142em za dobre s\u0142owo, ale mam wyrzuty sumienia: \u201eAkyrema\u201d (\u201eAmeryka\u201d czytana wspak) to ksi\u0105\u017cka Toeplitza z przed p\u00f3\u0142 wieku. Po Pa\u017adzierniku 1956 roku, KTT dosta\u0142 od Amerykan\u00f3w stypendium Forda do USA, ale zanim zd\u0105\u017cy\u0142 wyjecha\u0107, chwyci\u0142 ju\u017c polityczny przymro\u017cek (\u201eprzymro\u017cek\u201d to m\u00f3j neologizm z okazji targ\u00f3w ksi\u0105\u017cki), odm\u00f3wiono mu paszportu i stypendium przepad\u0142o. Wtedy KTT napisa\u0142 to, co wiedzia\u0142 o Ameryce, bez ogl\u0105dania na w\u0142asne oczy, czyli \u201eAmeryka\u201d na odwr\u00f3t, bo normaln\u0105 kolej\u0105 rzeczy by\u0142o najpierw pojecha\u0107 \u2013 p\u00f3\u017aniej opisa\u0107. Ale u nas musia\u0142o by\u0107 wspak.<\/p>\n<p>Potem przysiad\u0142 si\u0119 pewien starszy pan, m\u00f3j wierny czytelnik. \u2013 <em>Wychowa\u0142em si\u0119 na pa\u0144skich tekstach, mam jeszcze w domu pierwsze roczniki \u201ePo prostu\u201d, oprawione!<\/em> \u2013 powiedzia\u0142 z dum\u0105. I tego czytelnika nie chcia\u0142em wyprowadza\u0107 z b\u0142\u0119du. Nie przyzna\u0142em si\u0119, \u017ce nie zd\u0105\u017cy\u0142em niczego napisa\u0107 w\u00a0 \u201ePo prostu\u201d \u2013 raczej wr\u0119cz przeciwnie, bo \u201ePolityk\u0119\u201d za\u0142o\u017cy\u0142 Gomu\u0142ka przeciwko rewizjonistom.<\/p>\n<p>Z kolei przy moim stoliku przycupn\u0119\u0142a pewna emerytowana bibliotekarka. &#8211; <em>Tak<\/em> <em>pan tu siedzi, w k\u0105ciku, samiutki, zupe\u0142nie jak Bartoszewski, a do Grocholi widzia\u0142 pan jaka kolejka?<\/em> \u2013 pyta, i dodaje: &#8211; <em>Co\u015b zosta\u0142o zaprzepaszczone. Ludzie nie szukaj\u0105 autorytet\u00f3w, tylko rozrywki. Za moich czas\u00f3w, jak kto\u015b chcia\u0142 wypo\u017cyczy\u0107 z biblioteki dwie powie\u015bci, to musia\u0142 wypo\u017cyczy\u0107 jedn\u0105 popularnonaukow\u0105.<\/em> \u2013 Musia\u0142? \u2013 zapyta\u0142em z niedowierzaniem. \u2013 <em>Tak, musia\u0142.<\/em> \u2013 Ale chyba nie czyta\u0142. \u2013 <em>Jak to nie czyta\u0142? Sprawdza\u0142y\u015bmy<\/em> \u2013 powiedzia\u0142a odpowiedzia\u0142a z nieukrywan\u0105 nostalgi\u0105.<\/p>\n<p>Tak to czas zaciera kontury, nie jest ju\u017c\u00a0 jasne \u201ewho is who\u201d i co jest co. Chwyta przymro\u017cek.<\/p>\n","protected":false},"excerpt":{"rendered":"<p>Na Mi\u0119dzynarodowych Targach Ksi\u0105\u017cki podpisywa\u0142em \u201eCodziennik\u201d. By\u0142o moc ludzi, tyle \u017ce\u00a0 nie do mnie, raczej\u00a0 do Grassa, Mro\u017cka i innych prawdziwych wielko\u015bci. Ale i przy moim stoisku ten i \u00f3w si\u0119 zatrzyma\u0142, \u017ceby pogaworzy\u0107, powspomina\u0107, wzi\u0105\u0107 dedykacj\u0119. \u2013 Czytam pana od zawsze, mam jeszcze w domu \u201eAkyrem\u0119\u201d \u2013 powiedzia\u0142a pewna pani. Podzi\u0119kowa\u0142em za dobre s\u0142owo, [&hellip;]<\/p>\n","protected":false},"author":4,"featured_media":0,"comment_status":"open","ping_status":"open","sticky":false,"template":"","format":"standard","meta":{"footnotes":""},"categories":[1],"tags":[],"_links":{"self":[{"href":"https:\/\/blog.polityka.pl\/passent\/wp-json\/wp\/v2\/posts\/32"}],"collection":[{"href":"https:\/\/blog.polityka.pl\/passent\/wp-json\/wp\/v2\/posts"}],"about":[{"href":"https:\/\/blog.polityka.pl\/passent\/wp-json\/wp\/v2\/types\/post"}],"author":[{"embeddable":true,"href":"https:\/\/blog.polityka.pl\/passent\/wp-json\/wp\/v2\/users\/4"}],"replies":[{"embeddable":true,"href":"https:\/\/blog.polityka.pl\/passent\/wp-json\/wp\/v2\/comments?post=32"}],"version-history":[{"count":0,"href":"https:\/\/blog.polityka.pl\/passent\/wp-json\/wp\/v2\/posts\/32\/revisions"}],"wp:attachment":[{"href":"https:\/\/blog.polityka.pl\/passent\/wp-json\/wp\/v2\/media?parent=32"}],"wp:term":[{"taxonomy":"category","embeddable":true,"href":"https:\/\/blog.polityka.pl\/passent\/wp-json\/wp\/v2\/categories?post=32"},{"taxonomy":"post_tag","embeddable":true,"href":"https:\/\/blog.polityka.pl\/passent\/wp-json\/wp\/v2\/tags?post=32"}],"curies":[{"name":"wp","href":"https:\/\/api.w.org\/{rel}","templated":true}]}}