
{"id":3203,"date":"2016-01-09T22:41:45","date_gmt":"2016-01-09T21:41:45","guid":{"rendered":"http:\/\/passent.blog.polityka.pl\/?p=3203"},"modified":"2016-01-11T10:14:42","modified_gmt":"2016-01-11T09:14:42","slug":"ciemny-lud-nieglupi","status":"publish","type":"post","link":"https:\/\/blog.polityka.pl\/passent\/2016\/01\/09\/ciemny-lud-nieglupi\/","title":{"rendered":"Ciemny lud nieg\u0142upi"},"content":{"rendered":"<p>W drodze na manifestacj\u0119 KOD \u201eWolne Media\u201d na ulicy \u015awi\u0119tokrzyskiej zagadn\u0119\u0142a mnie pewna pani w wieku balzakowskim.<br \/>\n<!--more--><br \/>\n\u2013 <em>Sz\u0142am tutaj ze strachem, czy ludzie przyjd\u0105, ale kiedy zobaczy\u0142am ten t\u0142um, to nie mog\u0142am powstrzyma\u0107 \u0142ez wzruszenia<\/em> \u2013 powiedzia\u0142a. Nie potrafi\u0119 powiedzie\u0107, czy na placu Powsta\u0144c\u00f3w, przed siedzib\u0105 TVP, by\u0142o 5 czy 10 tysi\u0119cy uczestnik\u00f3w, ale ca\u0142y plac, od \u015awi\u0119tokrzyskiej do Brackiej, by\u0142 wype\u0142niony tysi\u0105cami ludzi.<\/p>\n<p>Pan, kt\u00f3ry sta\u0142 obok mnie, szacowa\u0142 powierzchni\u0119 placu, mno\u017cy\u0142 przez 2 osoby na metr kwadratowy, i wysz\u0142o mu 20 tysi\u0119cy. Wszystko jedno. Moim zdaniem by\u0142o mniej, ale dosy\u0107.<\/p>\n<p>Mimo przygn\u0119biaj\u0105cych okoliczno\u015bci nastroje by\u0142y dobre. Jaka\u015b pani da\u0142a mi znaczek \u201eJestem gorszego sortu\u201d, niekt\u00f3rzy trzymali transparenty i domowej roboty plakaty z napisami: \u201eCiemny lud nieg\u0142upi \/ TV PiS nie kupi\u201d, \u201e\u017bycie z Szyd\u0142o mi zbrzyd\u0142o\u201d, \u201eDamy rad\u0119 dobrej zmianie \/ Kaczor medi\u00f3w nie dostanie\u201d.<\/p>\n<p>Nag\u0142o\u015bnienie na wiecu by\u0142o jak zawsze fatalne, a \u017ce nie widzia\u0142em trybuny, dopiero w domu dowiedzia\u0142em si\u0119, kto przemawia\u0142, m.in. Jaros\u0142aw Kurski, Seweryn Blumsztajn, S\u0142awomir Sierakowski, Renata Kim i Jacek \u017bakowski.<\/p>\n<p>Podobne demonstracje, ale na mniejsz\u0105 skal\u0119, odby\u0142y si\u0119 podobno w ponad 20 miejscowo\u015bciach. Ciekawe, czy i w jaki spos\u00f3b potencja\u0142 zgromadzony w KOD  odegra jak\u0105\u015b rol\u0119 polityczn\u0105. Ile mo\u017cna wiecowa\u0107? Jak skutecznie protestowa\u0107? Niekt\u00f3rzy moi rozm\u00f3wcy uwa\u017caj\u0105, \u017ce tylko ulica mo\u017ce zachwia\u0107 w\u0142adz\u0105. Ze strony parlamentu nie mo\u017cna oczekiwa\u0107 zmiany, wybory dopiero za kilka lat, c\u00f3\u017c innego pozostaje?<\/p>\n<p>Opinia zagraniczna coraz bardziej niekorzystna dla Polski. \u201eDer Spiegel\u201d donosi, \u017ce czo\u0142owi politycy koalicji CDU\/CSU w Niemczech, Volker Kauder \u2013 szef frakcji w Bundestagu i Herbert Reul \u2013 szef frakcji w Parlamencie Europejskim, domagaj\u0105 si\u0119 sankcji wobec Polski. I pomy\u015ble\u0107, \u017ce jeszcze kilka miesi\u0119cy temu by\u0142 to najbli\u017cszy partner Polski w Europie, a Merkel i Tuska \u0142\u0105czy\u0142y bliskie stosunki.<\/p>\n<p>PiS rujnuje stosunki z Niemcami i nasz\u0105 pozycj\u0119 w Unii tak, jak zrujnowa\u0142 Trybuna\u0142 Konstytucyjny. Pozostanie tylko Orb\u00e1n. Za co si\u0119 wezm\u0105, to spaprz\u0105.<\/p>\n<p>ZAPROSZENIE<\/p>\n<p>Prawo i bezprawie &#8211; to temat dyskusji, w kt\u00f3rej udzia\u0142 wezm\u0105: prof. Miros\u0142aw WYRZYKOWSKI &#8211; s\u0119dzia TK w stanie spoczynku, dr Anna MATERSKA-SOSNOWSKA, politolo\u017cka, UW, oraz red. JAN ORDY\u0143SKI &#8211; publicysta TVP i Polskiego Radia.<br \/>\nWtorek, 12 bm, godz. 20.05, Radio TOK FM. Do us\u0142yszenia!<\/p>\n","protected":false},"excerpt":{"rendered":"<p>W drodze na manifestacj\u0119 KOD \u201eWolne Media\u201d na ulicy \u015awi\u0119tokrzyskiej zagadn\u0119\u0142a mnie pewna pani w wieku balzakowskim.<\/p>\n","protected":false},"author":4,"featured_media":0,"comment_status":"open","ping_status":"closed","sticky":false,"template":"","format":"standard","meta":{"footnotes":""},"categories":[1],"tags":[],"_links":{"self":[{"href":"https:\/\/blog.polityka.pl\/passent\/wp-json\/wp\/v2\/posts\/3203"}],"collection":[{"href":"https:\/\/blog.polityka.pl\/passent\/wp-json\/wp\/v2\/posts"}],"about":[{"href":"https:\/\/blog.polityka.pl\/passent\/wp-json\/wp\/v2\/types\/post"}],"author":[{"embeddable":true,"href":"https:\/\/blog.polityka.pl\/passent\/wp-json\/wp\/v2\/users\/4"}],"replies":[{"embeddable":true,"href":"https:\/\/blog.polityka.pl\/passent\/wp-json\/wp\/v2\/comments?post=3203"}],"version-history":[{"count":4,"href":"https:\/\/blog.polityka.pl\/passent\/wp-json\/wp\/v2\/posts\/3203\/revisions"}],"predecessor-version":[{"id":3208,"href":"https:\/\/blog.polityka.pl\/passent\/wp-json\/wp\/v2\/posts\/3203\/revisions\/3208"}],"wp:attachment":[{"href":"https:\/\/blog.polityka.pl\/passent\/wp-json\/wp\/v2\/media?parent=3203"}],"wp:term":[{"taxonomy":"category","embeddable":true,"href":"https:\/\/blog.polityka.pl\/passent\/wp-json\/wp\/v2\/categories?post=3203"},{"taxonomy":"post_tag","embeddable":true,"href":"https:\/\/blog.polityka.pl\/passent\/wp-json\/wp\/v2\/tags?post=3203"}],"curies":[{"name":"wp","href":"https:\/\/api.w.org\/{rel}","templated":true}]}}