
{"id":3210,"date":"2016-01-13T22:45:10","date_gmt":"2016-01-13T21:45:10","guid":{"rendered":"http:\/\/passent.blog.polityka.pl\/?p=3210"},"modified":"2016-01-14T01:22:04","modified_gmt":"2016-01-14T00:22:04","slug":"na-pohybel","status":"publish","type":"post","link":"https:\/\/blog.polityka.pl\/passent\/2016\/01\/13\/na-pohybel\/","title":{"rendered":"Na pohybel!"},"content":{"rendered":"<p>Niestety, 13 stycznia 2016 roku okaza\u0142 si\u0119 dla Polski feralny. Komisja Europejska (czyli komisarze, czyli \u201erz\u0105d\u201d) omawia\u0142a kwesti\u0119 rz\u0105d\u00f3w prawa w Polsce i zamiast uzna\u0107 spraw\u0119 za nieistotn\u0105 postanowi\u0142a wdro\u017cy\u0107 pierwszy, informacyjny, inaczej wyja\u015bniaj\u0105cy, etap post\u0119powania na rzecz umocnienia praworz\u0105dno\u015bci w naszym kraju.<br \/>\n<!--more--><br \/>\nPo co nam to by\u0142o? Niby niewiele, a jednak du\u017co, bo oto w ci\u0105gu zaledwie dw\u00f3ch miesi\u0119cy Polska, kt\u00f3ra uchodzi\u0142a za okaz zdrowia, nagle staje si\u0119 przedmiotem przynajmniej troski, znajduje si\u0119 w sytuacji k\u0142opotliwej, bo takie post\u0119powanie nie jest nam do szcz\u0119\u015bcia potrzebne.<\/p>\n<p>Niby procedura informacyjna to nie jest \u017cadna sankcja, ale jednak ludziom zdrowym nie mierzy si\u0119 temperatury i nie zagl\u0105da do gard\u0142a, wobec \u017cadnego z 27 innych pa\u0144stw tej procedury (wprowadzonej w 2014 r.) dotychczas nie zastosowano. Na pewno jest to niekorzystne dla wizerunku naszego kraju. Zapewne ca\u0142a rzecz sko\u0144czy si\u0119 na tych wyja\u015bnieniach b\u0105d\u017a rekomendacjach Unii, o \u017cadnych wi\u0119kszych sankcjach na szcz\u0119\u015bcie nie mo\u017cna m\u00f3wi\u0107, ale koszty wizerunkowe ju\u017c s\u0105, jaka\u015b chmura pojawi\u0142a si\u0119 na naszym niebie. Burzy z tego nie b\u0119dzie, ale trudno wygrzewa\u0107 si\u0119 w cieniu.<\/p>\n<p>Polski rz\u0105d z jednej strony grzmi. Premier: \u201eNie b\u0119dziemy prowadzi\u0107 polityki zagranicznej na kolanach\u201d (czytaj: \u201eNie oddamy ani guzika\u201d). Z drugiej s\u0142usznie deklaruje, \u017ce jest got\u00f3w do dialogu i zaprasza wiceprzewodnicz\u0105cego Komisji Fransa Timmermansa (jednego z \u201ejastrz\u0119bi\u201d w tej sprawie) do wizyty i rozm\u00f3w w Warszawie.<\/p>\n<p>Jest faktem, \u017ce niekt\u00f3rzy politycy i media zachodnie nie dobieraj\u0105 s\u0142\u00f3w, ale Polska nie jest ani pierwsza, ani ostatnia, kt\u00f3rej patrz\u0105 na r\u0119ce. Na szcz\u0119\u015bcie premier nie powiedzia\u0142a, \u017ce to komuni\u015bci, z\u0142odzieje, cykli\u015bci, wegetarianie, marksi\u015bci, syjoni\u015bci i inne mendy doprowadzi\u0142y unijnych komisarzy do sto\u0142u i kaza\u0142y im podj\u0105\u0107 \u201eantypolsk\u0105\u201d decyzj\u0119. Ta awantura jest nam niepotrzebna, ale jej \u017ar\u00f3d\u0142em jest \u201edobra\u201d zmiana.<\/p>\n<p>Wstyd? Wstyd. W dodatku wszystko to nie jest wynikiem \u017cadnych rozruch\u00f3w ani jakiej\u015b katastrofy, kt\u00f3ra zmusi\u0142a rz\u0105d do drastycznych, natychmiastowych posuni\u0119\u0107, ale skutek \u015bwiadomej i dobrowolnej polityki polskich w\u0142adz, przede wszystkim prezesa Jaros\u0142awa Kaczy\u0144skiego, prezydenta Dudy i premier Szyd\u0142o. Natychmiastowy atak na Trybuna\u0142 Konstytucyjny (mimo \u017ce w tej sprawie to Platforma i PSL zacz\u0119\u0142y), przej\u0119cie s\u0142u\u017cb specjalnych i likwidacja s\u0142u\u017cby cywilnej, nowe uprawnienia dla policji, skok na prokuratur\u0119, bezpo\u015brednie podporz\u0105dkowanie medi\u00f3w publicznych rz\u0105dowi, farsa wybor\u00f3w s\u0119dzi\u00f3w TK, nocne obrady parlamentu, parodie debat parlamentarnych, nocny nalot na oko\u0142onatowskie centrum, weryfikacja poprzez reorganizacj\u0119 prokuratury itd. itp. \u2013 wszystko to musia\u0142o wzbudzi\u0107 zainteresowanie i zdziwienie Europy, a nawet szerzej \u2013 Zachodu.<\/p>\n<p>Do tego dochodz\u0105 \u017cenuj\u0105ce drobiazgi, kt\u00f3re nie przynosz\u0105 chluby naszemu krajowi, takie jak walka wicepremiera i ministra z pornografi\u0105 w teatrze, czy skre\u015blenie \u201eGW\u201d, \u201eNewsweeka\u201d i POLITYKI z listy gazet, jakie mog\u0105 by\u0107 prenumerowane przez s\u0105dy powszechne. M\u015bciwo\u015b\u0107, ma\u0142ostkowo\u015b\u0107 &#8211; wbrew szumnym zapowiedziom o zgodzie, wsp\u00f3lnocie, bia\u0142o-czerwonej dru\u017cynie.<\/p>\n<p>Na nic zda si\u0119 pe\u0142ne wdzi\u0119ku pohukiwanie minister Kempy o \u201edonosicielach\u201d, g\u0142osy prasy prorz\u0105dowej o \u201evolksdeutschach\u201d, tropienie (z udzia\u0142em ministra Waszczykowskiego!) inspirator\u00f3w tego czy innego felietonu w CNN, w\u0119szenie w\u015br\u00f3d znajomych Anne Applebaum w \u201eWashington Post\u201d, kt\u00f3re jako \u017cywo przypomina poszukiwanie \u015blad\u00f3w trotylu pod sto\u0142em w Brukseli.<\/p>\n<p>I do tego te mora\u0142y o praniu brud\u00f3w we w\u0142asnym domu, jak gdyby miliony Polak\u00f3w nie pracowa\u0142y za granic\u0105, setki analityk\u00f3w, dyplomat\u00f3w i medi\u00f3w nie \u015bledzi\u0142y wydarze\u0144 w du\u017cym kraju europejskim, a telewizja polska nie by\u0142a ogl\u0105dana na innych kontynentach.<\/p>\n<p>\u201eDobra\u201d zmiana przynios\u0142a z\u0142y rezultat, a winni b\u0119d\u0105 oczywi\u015bcie cz\u0142onkowie uk\u0142adu, kt\u00f3rzy kr\u0119c\u0105 Uni\u0105 Europejsk\u0105 w obronie w\u0142asnych ciemnych interes\u00f3w zagro\u017conych przez niez\u0142omnych rewolucjonist\u00f3w. Na pohybel z nimi!<\/p>\n","protected":false},"excerpt":{"rendered":"<p>Niestety, 13 stycznia 2016 roku okaza\u0142 si\u0119 dla Polski feralny. Komisja Europejska (czyli komisarze, czyli \u201erz\u0105d\u201d) omawia\u0142a kwesti\u0119 rz\u0105d\u00f3w prawa w Polsce i zamiast uzna\u0107 spraw\u0119 za nieistotn\u0105 postanowi\u0142a wdro\u017cy\u0107 pierwszy, informacyjny, inaczej wyja\u015bniaj\u0105cy, etap post\u0119powania na rzecz umocnienia praworz\u0105dno\u015bci w naszym kraju.<\/p>\n","protected":false},"author":4,"featured_media":0,"comment_status":"open","ping_status":"closed","sticky":false,"template":"","format":"standard","meta":{"footnotes":""},"categories":[1],"tags":[],"_links":{"self":[{"href":"https:\/\/blog.polityka.pl\/passent\/wp-json\/wp\/v2\/posts\/3210"}],"collection":[{"href":"https:\/\/blog.polityka.pl\/passent\/wp-json\/wp\/v2\/posts"}],"about":[{"href":"https:\/\/blog.polityka.pl\/passent\/wp-json\/wp\/v2\/types\/post"}],"author":[{"embeddable":true,"href":"https:\/\/blog.polityka.pl\/passent\/wp-json\/wp\/v2\/users\/4"}],"replies":[{"embeddable":true,"href":"https:\/\/blog.polityka.pl\/passent\/wp-json\/wp\/v2\/comments?post=3210"}],"version-history":[{"count":4,"href":"https:\/\/blog.polityka.pl\/passent\/wp-json\/wp\/v2\/posts\/3210\/revisions"}],"predecessor-version":[{"id":3214,"href":"https:\/\/blog.polityka.pl\/passent\/wp-json\/wp\/v2\/posts\/3210\/revisions\/3214"}],"wp:attachment":[{"href":"https:\/\/blog.polityka.pl\/passent\/wp-json\/wp\/v2\/media?parent=3210"}],"wp:term":[{"taxonomy":"category","embeddable":true,"href":"https:\/\/blog.polityka.pl\/passent\/wp-json\/wp\/v2\/categories?post=3210"},{"taxonomy":"post_tag","embeddable":true,"href":"https:\/\/blog.polityka.pl\/passent\/wp-json\/wp\/v2\/tags?post=3210"}],"curies":[{"name":"wp","href":"https:\/\/api.w.org\/{rel}","templated":true}]}}