
{"id":3215,"date":"2016-01-17T18:50:46","date_gmt":"2016-01-17T17:50:46","guid":{"rendered":"http:\/\/passent.blog.polityka.pl\/?p=3215"},"modified":"2016-01-17T20:08:27","modified_gmt":"2016-01-17T19:08:27","slug":"dialog-poprzez-ponizanie","status":"publish","type":"post","link":"https:\/\/blog.polityka.pl\/passent\/2016\/01\/17\/dialog-poprzez-ponizanie\/","title":{"rendered":"Dialog poprzez poni\u017canie"},"content":{"rendered":"<p>Kiedy gruchn\u0119\u0142a wiadomo\u015b\u0107, \u017ce agencja ratingowa Standard &#038; Poor\u2019s po raz pierwszy od lat obni\u017cy\u0142a rating Polski, z obozu rz\u0105dz\u0105cego w Warszawie posypa\u0142y si\u0119 reakcje: to musi by\u0107 pomy\u0142ka, nic si\u0119 nie sta\u0142o, S&#038;P wzi\u0119\u0142o pod uwag\u0119 czynniki polityczne, a nie gospodarcze (min. Sza\u0142amacha) i tak dalej w duchu: \u201ePolacy, nic si\u0119 nie sta\u0142o, gramy dalej!\u201d.<br \/>\n<!--more--><br \/>\nJe\u017celi naprawd\u0119 nic si\u0119 nie sta\u0142o, to bardzo dobrze. To znaczy, \u017ce opinia S&#038;P nie ma znaczenia. Ale moim zdaniem co\u015b si\u0119 jednak sta\u0142o: nawet nieuzasadniona, mylna decyzja S&#038;P rozchodzi si\u0119 po \u015bwiecie, stanowi jeden wi\u0119cej, niema\u0142y kamyczek do mozaiki wizerunku naszego kraju. Wizerunku, kt\u00f3ry wyra\u017anie si\u0119 zepsu\u0142.<\/p>\n<p>Wszcz\u0119cie wobec Polski procedury przez Uni\u0119 Europejsk\u0105, zmiana nastawienia g\u0142\u00f3wnych medi\u00f3w na \u015bwiecie, krytyczne wypowiedzi niekt\u00f3rych polityk\u00f3w, decyzja S&#038;P \u2013 to wszystko musi wywiera\u0107 wp\u0142yw na decyzje dotycz\u0105ce Polski, decyzje inwestor\u00f3w, obserwator\u00f3w, komentator\u00f3w, dyplomat\u00f3w, a mo\u017ce nawet turyst\u00f3w, m\u0142odzie\u017cy, kt\u00f3ra ma przyby\u0107 na \u015bwiatowe dni w Krakowie &#8211; bo i dla nich liczy si\u0119 wizerunek.<\/p>\n<p>Na stosunek do danego kraju sk\u0142adaj\u0105 si\u0119 niezliczone fakty i opinie, nawet najbardziej udany film o polskich bohaterach oraz bratnie u\u015bciski z premierem Orb\u00e1nem mog\u0105 tego nie zmieni\u0107.<\/p>\n<p>Mam na my\u015bli cho\u0107by arogancj\u0119. Czy pani pose\u0142 Paw\u0142owicz m\u00f3wi\u0105c o \u201eunijnej szmacie\u201d, s\u0105dzi, \u017ce nikt si\u0119 o tym nie dowie? Czy wicemarsza\u0142ek Sejmu Joachim Brudzi\u0144ski, m\u00f3wi\u0105c o przewodnicz\u0105cym Parlamentu Europejskiego per \u201eurz\u0119dniczyna\u201d, a o najwa\u017cniejszym dzienniku w Niemczech \u2013 \u201eszmat\u0142awiec\u201d, sadzi, \u017ce to po nich sp\u0142ynie jak woda po g\u0119si, nie b\u0119dzie mia\u0142o wp\u0142ywu na ich stosunek do Polski, a przynajmniej do rz\u0105du w Warszawie? Czy k\u0105\u015bliwa uwaga polskiej premier (!), \u017ce wiceprzewodnicz\u0105cy PE Timmermans dosta\u0142 order od prezydenta Komorowskiego, wi\u0119c \u0142\u0105cz\u0105 ich lewicowe (a nie nasze) sympatie czy wsp\u00f3lne pogl\u0105dy \u2013 na to nikt nie zwr\u00f3ci uwagi?<\/p>\n<p>A ju\u017c arogancki list ministra Ziobry, kt\u00f3ry jako argumentu u\u017cywa, \u017ce jego dziadek walczy\u0142 w AK, dlatego dobra zmiana jest dobra \u2013 w jakim \u015bwietle to nas stawia? Co sobie ludzie my\u015bl\u0105 o poziomie i kulturze polemicznej naszych polityk\u00f3w? Mo\u017ce pan przewodnicz\u0105cy Schulz si\u0119 zagalopowa\u0142, m\u00f3wi\u0105c o putinizacji demokracji w Polsce, ale wtedy nale\u017cy z nim polemizowa\u0107, a nie poni\u017ca\u0107 go.<\/p>\n<p>Niestety, dialog poprzez poni\u017canie, poprzez dyskredytacj\u0119 adwersarzy b\u0105d\u017a drugiej strony &#8211; to ulubiona metoda Prawa i Sprawiedliwo\u015bci, z prezesem na czele. Manifestanci \u2013 obro\u0144cy Trybuna\u0142u i wolno\u015bci medi\u00f3w, to komuni\u015bci, z\u0142odzieje, ludzie niesprawni umys\u0142owo, obro\u0144cy w\u0142asnych zagro\u017conych interes\u00f3w. Nikt, kto jest przeciw nam, nie jest nic wart.<\/p>\n<p>Nie od dzi\u015b wiadomo, \u017ce polityka zagraniczna jest przed\u0142u\u017ceniem polityki wewn\u0119trznej. Dotyczy to tak\u017ce obyczaj\u00f3w. PiS eksportuje teraz swoje obyczaje na rynek \u015bwiatowy. Na szcz\u0119\u015bcie oficjalna reakcja Warszawy na wszcz\u0119cie unijnej procedury nadzoru wobec Polski jest bardziej pow\u015bci\u0105gliwa \u2013 jeste\u015bmy otwarci, gotowi do dialogu, zapraszamy do Polski. Dobrze, \u017ce chocia\u017c w sytuacji podbramkowej polski rz\u0105d och\u0142on\u0105\u0142 i nie fauluje, bo wie, \u017ce za to grozi karny.<\/p>\n","protected":false},"excerpt":{"rendered":"<p>Kiedy gruchn\u0119\u0142a wiadomo\u015b\u0107, \u017ce agencja ratingowa Standard &#038; Poor\u2019s po raz pierwszy od lat obni\u017cy\u0142a rating Polski, z obozu rz\u0105dz\u0105cego w Warszawie posypa\u0142y si\u0119 reakcje: to musi by\u0107 pomy\u0142ka, nic si\u0119 nie sta\u0142o, S&#038;P wzi\u0119\u0142o pod uwag\u0119 czynniki polityczne, a nie gospodarcze (min. Sza\u0142amacha) i tak dalej w duchu: \u201ePolacy, nic si\u0119 nie sta\u0142o, gramy [&hellip;]<\/p>\n","protected":false},"author":4,"featured_media":0,"comment_status":"open","ping_status":"closed","sticky":false,"template":"","format":"standard","meta":{"footnotes":""},"categories":[1],"tags":[],"_links":{"self":[{"href":"https:\/\/blog.polityka.pl\/passent\/wp-json\/wp\/v2\/posts\/3215"}],"collection":[{"href":"https:\/\/blog.polityka.pl\/passent\/wp-json\/wp\/v2\/posts"}],"about":[{"href":"https:\/\/blog.polityka.pl\/passent\/wp-json\/wp\/v2\/types\/post"}],"author":[{"embeddable":true,"href":"https:\/\/blog.polityka.pl\/passent\/wp-json\/wp\/v2\/users\/4"}],"replies":[{"embeddable":true,"href":"https:\/\/blog.polityka.pl\/passent\/wp-json\/wp\/v2\/comments?post=3215"}],"version-history":[{"count":2,"href":"https:\/\/blog.polityka.pl\/passent\/wp-json\/wp\/v2\/posts\/3215\/revisions"}],"predecessor-version":[{"id":3218,"href":"https:\/\/blog.polityka.pl\/passent\/wp-json\/wp\/v2\/posts\/3215\/revisions\/3218"}],"wp:attachment":[{"href":"https:\/\/blog.polityka.pl\/passent\/wp-json\/wp\/v2\/media?parent=3215"}],"wp:term":[{"taxonomy":"category","embeddable":true,"href":"https:\/\/blog.polityka.pl\/passent\/wp-json\/wp\/v2\/categories?post=3215"},{"taxonomy":"post_tag","embeddable":true,"href":"https:\/\/blog.polityka.pl\/passent\/wp-json\/wp\/v2\/tags?post=3215"}],"curies":[{"name":"wp","href":"https:\/\/api.w.org\/{rel}","templated":true}]}}