
{"id":3219,"date":"2016-01-20T10:04:10","date_gmt":"2016-01-20T09:04:10","guid":{"rendered":"http:\/\/passent.blog.polityka.pl\/?p=3219"},"modified":"2016-01-20T12:37:02","modified_gmt":"2016-01-20T11:37:02","slug":"moglo-byc-gorzej","status":"publish","type":"post","link":"https:\/\/blog.polityka.pl\/passent\/2016\/01\/20\/moglo-byc-gorzej\/","title":{"rendered":"Mog\u0142o by\u0107 gorzej"},"content":{"rendered":"<p>Zacznijmy od tego, \u017ce debata, cho\u0107by wst\u0119pna i tylko informacyjna, na temat praworz\u0105dno\u015bci w Polsce to zjawisko dla wizerunku naszego kraju niekorzystne. No bo jednak Unia po raz pierwszy zastosowa\u0142a tak\u0105 procedur\u0119, co by\u0142o zaskoczeniem dla polskiego rz\u0105du (i co by\u0142o pretekstem do natychmiastowego odwo\u0142ania polskiego przedstawiciela w UE, \u015bwietnego dyplomaty, amb. Prawdy).<br \/>\n<!--more--><br \/>\n\u017baden kraj nie chcia\u0142by by\u0107 na cenzurowanym. Ma racj\u0119 Ryszard Petru, \u017ce Polska po raz pierwszy znalaz\u0142a si\u0119 na kolanach. Zapewnienia premier Szyd\u0142o, \u017ce nie b\u0119dziemy prowadzi\u0107 polityki zagranicznej na kolanach \u2013 nie pomog\u0142y. Szefowa polskiego rz\u0105du by\u0142a w Unii wywo\u0142ana do tablicy i musia\u0142a si\u0119 t\u0142umaczy\u0107, a tak\u017ce wys\u0142ucha\u0107 g\u0142os\u00f3w nie tylko obrony, ale i krytyki. Pozycja Beaty Szyd\u0142o by\u0142a s\u0142aba, poniewa\u017c w Polsce dziej\u0105 si\u0119 rzeczy niepokoj\u0105ce, o czym jeszcze b\u0119dzie mowa w pracach Komisji Europejskiej i w Komisji Weneckiej (do kt\u00f3rej rz\u0105d polski s\u0142usznie wyst\u0105pi\u0142, nie czekaj\u0105c, a\u017c uczyni\u0105 to inni).<\/p>\n<p>Mimo niesprzyjaj\u0105cych okoliczno\u015bci debata mia\u0142a wyj\u0105tkowo \u0142agodny przebieg, wida\u0107 by\u0142o starania g\u0142\u00f3wnych si\u0142 politycznych i aktor\u00f3w, by unikn\u0105\u0107 konfrontacji, nie wida\u0107 by\u0142o \u017cadnej antypolskiej zmowy i podobnych bzdur. Premier Szyd\u0142o nie tylko przyjecha\u0142a i stawi\u0142a czo\u0142a, ale wr\u0119cz rozp\u0142ywa\u0142a si\u0119 w zachwytach nad Uni\u0105 Europejsk\u0105, zapewnia\u0142a o prounijnym stanowisku Polski, Polak\u00f3w i rz\u0105du.<\/p>\n<p>Beata Szyd\u0142o niejednokrotnie powtarza\u0142a, jak bardzo znacz\u0105ca i wa\u017cna jest jej obecno\u015b\u0107. Gdyby bra\u0107 dos\u0142ownie to, co powiedzia\u0142a, to polskie w\u0142adze s\u0105 zdecydowanie prounijne.<\/p>\n<p>Wyst\u0105pienia polskiej premier \u2013 aczkolwiek merytorycznie nie do przyj\u0119cia przez opozycj\u0119 i niezgodne z rzeczywisto\u015bci\u0105 (nic si\u0119 nie sta\u0142o, debata w PE jest niepotrzebna, wszystko jest OK, Trybuna\u0142 pracuje [!!!], przyj\u0119li\u015bmy milion [kiedy?!] uchod\u017ac\u00f3w z Ukrainy, chcemy kompromisu, godzimy si\u0119 na wi\u0119kszo\u015b\u0107 opozycyjn\u0105 w TK, w mediach nie robimy niczego zdro\u017cnego [patrz np. W\u0142ochy]) &#8211; by\u0142y zr\u0119czne, sprawne, utrzymane w dobrym tonie. To by\u0142 dobry dzie\u0144 dla premier Szyd\u0142o.<\/p>\n<p>Dla Polski nie by\u0142 to dobry dzie\u0144, gdy\u017c wczorajszy prymus Unii po raz pierwszy znalaz\u0142 si\u0119 na dywaniku, musieli\u015bmy wys\u0142ucha\u0107 gorzkich s\u0142\u00f3w Schulza i Timmermansa oraz niekt\u00f3rych dyskutant\u00f3w,  a je\u015bli do tego doda\u0107, \u017ce Bruksela pierwszy raz zastosowa\u0142a mechanizm nadzoru nad wdra\u017caniem praworz\u0105dno\u015bci, je\u017celi do tego dodamy radykaln\u0105 zmian\u0119 stosunku  wielu polityk\u00f3w i medi\u00f3w \u015bwiatowych i klimatu wobec Polski, wreszcie obni\u017cenie (cho\u0107by nie wiem jak podwa\u017cane) ratingu agencji Standard &#038; Poor\u2019s, to mo\u017cna m\u00f3wi\u0107 o czarnej serii.<\/p>\n<p>Przedstawiciel PiS, prof. Ryszard Legutko, by\u0142 dobrze przygotowany, poruszy\u0142 4 punkty (dobry ton debaty, w\u0142a\u015bciwy j\u0119zyk, sk\u0105d Unia ma tak nieprawdziwe i ba\u0142amutne informacje o Polsce, skoro u nas dzieje si\u0119 dobrze, a w og\u00f3le to PE przekracza swoje kompetencje i stosuje podw\u00f3jne standardy).<\/p>\n<p>Stosunkowo blade i bezbarwne by\u0142o wyst\u0105pienie deputowanego Jana Olbrychta (PO). Kluczowym s\u0142owem by\u0142o \u201eprzykro\u201d nam, \u017ce debata wp\u0142ynie niekorzystnie na wizerunek Polski, gdzie zwyci\u0119zca wzi\u0105\u0142 wszystko i robi, co chce itd. Jak na jedyny g\u0142os przedstawiciela polskiej opozycji by\u0142a to klapa, pora\u017cka. Albo to kolejne partactwo Platformy, ale PO da\u0142a si\u0119 zaszanta\u017cowa\u0107, \u017ce Targowica, \u017ce nie wolno donosi\u0107 na sw\u00f3j kraj za granic\u0105. Mo\u017cliwe by\u0142o du\u017ce lepsze wyst\u0105pienie, prawdziwe, ale nie \u201edonosicielskie\u201d. Kolejna zmarnowana przez Platform\u0119 okazja.<\/p>\n<p>W sumie: Polska nie wypad\u0142a tak \u017ale, nikt nas nie skompromitowa\u0142, premier Szyd\u0142o \u201eda\u0142a rad\u0119\u201d, prezes PiS mo\u017ce by\u0107 zadowolony, polskiej opozycji nie by\u0142o s\u0142ycha\u0107, nie wykorzysta\u0142a okazji. Ale nie zapominajmy, \u017ce procedura dopiero si\u0119 zaczyna, przed nami praca w Komisji Europejskiej i w Komisji Weneckiej \u2013 tam nie b\u0119dzie tak z g\u00f3rki, zaczn\u0105 si\u0119 schody.<\/p>\n","protected":false},"excerpt":{"rendered":"<p>Zacznijmy od tego, \u017ce debata, cho\u0107by wst\u0119pna i tylko informacyjna, na temat praworz\u0105dno\u015bci w Polsce to zjawisko dla wizerunku naszego kraju niekorzystne. No bo jednak Unia po raz pierwszy zastosowa\u0142a tak\u0105 procedur\u0119, co by\u0142o zaskoczeniem dla polskiego rz\u0105du (i co by\u0142o pretekstem do natychmiastowego odwo\u0142ania polskiego przedstawiciela w UE, \u015bwietnego dyplomaty, amb. Prawdy).<\/p>\n","protected":false},"author":4,"featured_media":0,"comment_status":"open","ping_status":"closed","sticky":false,"template":"","format":"standard","meta":{"footnotes":""},"categories":[1],"tags":[],"_links":{"self":[{"href":"https:\/\/blog.polityka.pl\/passent\/wp-json\/wp\/v2\/posts\/3219"}],"collection":[{"href":"https:\/\/blog.polityka.pl\/passent\/wp-json\/wp\/v2\/posts"}],"about":[{"href":"https:\/\/blog.polityka.pl\/passent\/wp-json\/wp\/v2\/types\/post"}],"author":[{"embeddable":true,"href":"https:\/\/blog.polityka.pl\/passent\/wp-json\/wp\/v2\/users\/4"}],"replies":[{"embeddable":true,"href":"https:\/\/blog.polityka.pl\/passent\/wp-json\/wp\/v2\/comments?post=3219"}],"version-history":[{"count":3,"href":"https:\/\/blog.polityka.pl\/passent\/wp-json\/wp\/v2\/posts\/3219\/revisions"}],"predecessor-version":[{"id":3223,"href":"https:\/\/blog.polityka.pl\/passent\/wp-json\/wp\/v2\/posts\/3219\/revisions\/3223"}],"wp:attachment":[{"href":"https:\/\/blog.polityka.pl\/passent\/wp-json\/wp\/v2\/media?parent=3219"}],"wp:term":[{"taxonomy":"category","embeddable":true,"href":"https:\/\/blog.polityka.pl\/passent\/wp-json\/wp\/v2\/categories?post=3219"},{"taxonomy":"post_tag","embeddable":true,"href":"https:\/\/blog.polityka.pl\/passent\/wp-json\/wp\/v2\/tags?post=3219"}],"curies":[{"name":"wp","href":"https:\/\/api.w.org\/{rel}","templated":true}]}}