
{"id":3232,"date":"2016-01-24T21:26:07","date_gmt":"2016-01-24T20:26:07","guid":{"rendered":"http:\/\/passent.blog.polityka.pl\/?p=3232"},"modified":"2016-01-24T23:10:24","modified_gmt":"2016-01-24T22:10:24","slug":"trojskok-prezydenta","status":"publish","type":"post","link":"https:\/\/blog.polityka.pl\/passent\/2016\/01\/24\/trojskok-prezydenta\/","title":{"rendered":"Tr\u00f3jskok prezydenta"},"content":{"rendered":"<p>Ostatnio prezydent Andrzej Duda wykona\u0142 kilka krok\u00f3w, kt\u00f3re zas\u0142uguj\u0105 na uznanie.<br \/>\n<!--more--><br \/>\nChronologicznie: w okresie najwi\u0119kszej nagonki na WO\u015aP i osobi\u015bcie Jurka Owsiaka prezydent ofiarowa\u0142 na licytacj\u0119 swoje narty, kt\u00f3re \u2013 o ile pami\u0119tam \u2013 zosta\u0142y sprzedane za 11 tys. z\u0142otych. Prawicowe media zaniem\u00f3wi\u0142y, \u017cadne nie wyrazi\u0142o nawet zdumienia post\u0119pkiem prezydenta, a przecie\u017c w tym czasie prawica gra\u0142a na inn\u0105 nut\u0119: przypominaj\u0105c (niew\u0105tpliwe sk\u0105din\u0105d) zas\u0142ugi Caritasu, pot\u0119piaj\u0105c dewiz\u0119 Owsiaka (\u201er\u00f3bta, co chceta\u201d) i na wszelkie sposoby pomniejszaj\u0105c i obrzydzaj\u0105c t\u0119 inicjatyw\u0119.<\/p>\n<p>Drugi godny uznania krok prezydenta dotyczy transplantologii. Z okazji sympozjum Polskiego Towarzystwa Transplantologicznego (w 50. rocznic\u0119 transplantologii w Polsce) Andrzej Duda z\u0142o\u017cy\u0142 deklaracj\u0119 woli, aby po odej\u015bciu z tego \u015bwiata zosta\u0107 dawc\u0105 swoich organ\u00f3w. W \u0142adnym przem\u00f3wieniu prezydent zwr\u00f3ci\u0142 si\u0119 w tej sprawie z apelem do rodak\u00f3w. Warto przypomnie\u0107, \u017ce transplantologia ponios\u0142a przed laty powa\u017cne straty z powodu dzia\u0142alno\u015bci \u00f3wczesnego ministra sprawiedliwo\u015bci, Zbigniewa Ziobry. Gest prezydenta to tak\u017ce uk\u0142on w stron\u0119 \u015brodowiska lekarskiego, kt\u00f3re by\u0142o roz\u017calone kampani\u0105 ministra Ziobry w\u0142a\u015bnie.<\/p>\n<p>No i wreszcie krok trzeci prezydenta: podczas aukcji charytatywnej na Balu Prasy licytowano jeden dzie\u0144 na nartach z Andrzejem Dud\u0105. Oferta prezydenta posz\u0142a za 100 tys. z\u0142otych!<\/p>\n<p>Wiem, wiem \u2013 lepiej by by\u0142o, gdyby prezydent przyj\u0105\u0142 \u015blubowanie od trzech wybranych zgodnie z prawem s\u0119dzi\u00f3w TK, gdyby innych nie zaprzysi\u0119ga\u0142 o \u015bwicie etc. Ja te\u017c bym wola\u0142, \u017ceby tak by\u0142o, i wiadomo, \u017ce wszystkie te trzy skoki to PR, maj\u0105 na celu ocieplenie wizerunku g\u0142owy pa\u0144stwa, ale to nie zamyka sprawy.<\/p>\n<p>Ka\u017cda z tych trzech spraw (WO\u015aP, transplantologia i dobroczynno\u015b\u0107) zas\u0142uguje na poparcie i to si\u0119 te\u017c liczy. Nie zmienia to w niczym faktu, \u017ce Andrzej Duda jako prezydent jest zupe\u0142nie inny, ni\u017c obiecywa\u0142 jako kandydat. Prezydent wszystkich Polak\u00f3w odjecha\u0142 na swoich nartach bardzo daleko od w\u0142asnych obietnic. Ale przynajmniej narty odda\u0142 na szlachetny cel.<\/p>\n","protected":false},"excerpt":{"rendered":"<p>Ostatnio prezydent Andrzej Duda wykona\u0142 kilka krok\u00f3w, kt\u00f3re zas\u0142uguj\u0105 na uznanie.<\/p>\n","protected":false},"author":4,"featured_media":0,"comment_status":"open","ping_status":"closed","sticky":false,"template":"","format":"standard","meta":{"footnotes":""},"categories":[1],"tags":[],"_links":{"self":[{"href":"https:\/\/blog.polityka.pl\/passent\/wp-json\/wp\/v2\/posts\/3232"}],"collection":[{"href":"https:\/\/blog.polityka.pl\/passent\/wp-json\/wp\/v2\/posts"}],"about":[{"href":"https:\/\/blog.polityka.pl\/passent\/wp-json\/wp\/v2\/types\/post"}],"author":[{"embeddable":true,"href":"https:\/\/blog.polityka.pl\/passent\/wp-json\/wp\/v2\/users\/4"}],"replies":[{"embeddable":true,"href":"https:\/\/blog.polityka.pl\/passent\/wp-json\/wp\/v2\/comments?post=3232"}],"version-history":[{"count":2,"href":"https:\/\/blog.polityka.pl\/passent\/wp-json\/wp\/v2\/posts\/3232\/revisions"}],"predecessor-version":[{"id":3235,"href":"https:\/\/blog.polityka.pl\/passent\/wp-json\/wp\/v2\/posts\/3232\/revisions\/3235"}],"wp:attachment":[{"href":"https:\/\/blog.polityka.pl\/passent\/wp-json\/wp\/v2\/media?parent=3232"}],"wp:term":[{"taxonomy":"category","embeddable":true,"href":"https:\/\/blog.polityka.pl\/passent\/wp-json\/wp\/v2\/categories?post=3232"},{"taxonomy":"post_tag","embeddable":true,"href":"https:\/\/blog.polityka.pl\/passent\/wp-json\/wp\/v2\/tags?post=3232"}],"curies":[{"name":"wp","href":"https:\/\/api.w.org\/{rel}","templated":true}]}}