
{"id":324,"date":"2007-08-17T10:33:17","date_gmt":"2007-08-17T08:33:17","guid":{"rendered":"http:\/\/passent.blog.polityka.pl\/?p=324"},"modified":"2007-08-24T00:31:42","modified_gmt":"2007-08-23T22:31:42","slug":"marszalek-pisuski","status":"publish","type":"post","link":"https:\/\/blog.polityka.pl\/passent\/2007\/08\/17\/marszalek-pisuski\/","title":{"rendered":"Marsza\u0142ek Pisuski"},"content":{"rendered":"<p>Widok prezydenta przeje\u017cd\u017caj\u0105cego otwart\u0105 limuzyn\u0105 wzd\u0142u\u017c oddzia\u0142\u00f3w wojska przypomina\u0142 mi Plac Czerwony, a jego widok w samochodzie opancerzonym przypomina\u0142 George\u2019a W. Busha na pok\u0142adzie lotniskowca, z kt\u00f3rego startowa\u0142y samoloty bojowe. Widok prezydenta pod pomnikiem Marsza\u0142ka mia\u0142 nasun\u0105\u0107 skojarzenie, \u017ce oto Naczelnik Pa\u0144stwa znalaz\u0142 godnego spadkobierc\u0119 (a nawet dw\u00f3ch!). &#8211; Ciemny nar\u00f3d to kupi &#8211; jak by powiedzia\u0142 pose\u0142 Kurski.<\/p>\n<p>&#8222;Dop\u00f3ki PiS b\u0119dzie schlebia\u0142 gustom patriotycznym i sprytnie pobudza\u0142 je w takich momentach jak wybory, a b\u0119dzie to robi\u0142, nie ma mowy o zmianach&#8221; &#8211; m\u00f3wi w wywiadzie dla tygodnika \u201eNie\u201d prof. Janusz Czapi\u0144ski, wybitny psycholog spo\u0142eczny. Czapi\u0144ski, kt\u00f3ry od wielu lat kieruje badaniami umys\u0142owo\u015bci Polak\u00f3w, stale podkre\u015bla, \u017ce co prawda Polak &#8211; Polakowi nie ufa (nawet premier &#8211; wicepremierowi, a minister &#8211; ministrowi), nie jest ch\u0119tny do wsp\u00f3\u0142pracy, ale wszyscy kochaj\u0105 or\u0142a bia\u0142ego i Matk\u0119 Bosk\u0105 Cz\u0119stochowsk\u0105. &#8222;PiS tak\u0105 w\u0142a\u015bnie ofert\u0119 przedstawi\u0142 Polakom. Stworzy\u0142 z\u0142udzenie, \u017ce przywr\u00f3ci tradycyjn\u0105 Polsk\u0119 wsp\u00f3lnotow\u0105.&#8221;<\/p>\n<p><!--more--><\/p>\n<p>Pogl\u0105dy prof. Czapi\u0144skiego s\u0105 mocno przygn\u0119biaj\u0105ce: &#8222;Obalmy pewien mit. M\u00f3wi si\u0119, \u017ce Kaczory wzi\u0119\u0142y za pysk polskie spo\u0142ecze\u0144stwo. Nie, Kaczory wzi\u0119\u0142y za pysk 7 proc. polskiego spo\u0142ecze\u0144stwa. Ca\u0142a reszta nie ma najmniejszych pretensji do PiS. PiS nie liczy si\u0119 z pani ani z moim zdaniem, bo ani pani ani ja nie jeste\u015bmy ich wyborcami. Nie licz\u0105 si\u0119 nawet ze zdaniem wi\u0119kszo\u015bci student\u00f3w i licealist\u00f3w, bo to nie s\u0105 ich wyborcy. Ich wyborcy to babcie tych student\u00f3w, a one chc\u0105, \u017ceby w szko\u0142ach znowu lano linijk\u0105, \u017ceby by\u0142a dyscyplina. Moim zdaniem PiS ma w kieszeni kolejn\u0105 kadencj\u0119&#8221; \u2013 m\u00f3wi Czapi\u0144ski, dodaj\u0105c, \u017ce na korzy\u015b\u0107 PiS dzia\u0142a te\u017c dobra koniunktura gospodarcza i spadek przest\u0119pczo\u015bci. Jego zdaniem, dominacja PiS potrwa, dop\u00f3ki ciemny nar\u00f3d nie przejrzy na oczy, a to nast\u0105pi dopiero dzi\u0119ki wzmo\u017conym z kontaktom z Europ\u0105 i musi potrwa\u0107.<\/p>\n<p>Zach\u0119cam do lektury tego wywiadu, kt\u00f3rego g\u0142\u00f3wne tezy przytoczy\u0142em i przy okazji pragn\u0119 wyja\u015bni\u0107, \u017ce m.in. tak widz\u0119 sw\u00f3j wk\u0142ad do naszego bloga &#8211; pragn\u0119 upowszechnia\u0107 to, co przeczyta\u0142em i co mo\u017ce zainteresowa\u0107 Szanownych Blogowicz\u00f3w, a przy okazji i ja korzystam, np. z naszego bloga dowiedzia\u0142em si\u0119 o ksi\u0105\u017cce &#8222;Paranoja polityczna&#8221;, kt\u00f3r\u0105 przeczyta\u0142em od deski do deski.<\/p>\n<p>Przeczyta\u0142em te\u017c w imieniu Pa\u0144stwa wywiad, jakiego udzieli\u0142a pani min. Fotyga &#8222;International Herald Tribune&#8221;. Zawiera on litanie polskich skarg: Status Polski nie jest r\u00f3wny statusowi innych pa\u0144stw UE i NATO, nasz status jest kwestionowany przez Rosj\u0119, Niemcy i inne kraje, np. w sprawie tarczy rakietowej chcemy mie\u0107 takie samo prawo do rozmawiania z USA, jakie maj\u0105 W. Brytania i Dania, du\u017cy s\u0105siad nigdy nie powinien poni\u017ca\u0107 ma\u0142ego, Niemcy &#8211; domagaj\u0105c si\u0119 oddania im dzie\u0142 sztuki, a tak\u017ce mienia (Erika Steinach) &#8211; usi\u0142uj\u0105 zdominowa\u0107 Polsk\u0119 w Unii i zreinterpretowa\u0107 histori\u0119 sugeruj\u0105c, \u017ce te\u017c s\u0105 ofiar\u0105, ruroci\u0105g p\u00f3\u0142nocny Rosja &#8211; Niemcy na dnie Ba\u0142tyku podwa\u017ca nasze bezpiecze\u0144stwo.<\/p>\n<p>Wszystko to jest prawd\u0105, ale nie ca\u0142\u0105 &#8211; nie pokazuje, ile Niemcy zrobi\u0142y jako adwokat Polski w Unii, nie wspomina, \u017ce rz\u0105d niemiecki wyszed\u0142 naprzeciwko niekt\u00f3rym naszym postulatom (odcinaj\u0105c si\u0119 od \u017c\u0105da\u0144 prywatnych), a w innych nam si\u0119 narazi\u0142 (ruroci\u0105g). Przede wszystkim jednak lament Anny Fotygi nie wspomina o tym, \u017ce wizerunek Polski w Europie zepsu\u0142 si\u0119 w ostatnich latach na w\u0142asne \u017cyczenie, \u017ce zdyskredytowano wszystkich jej poprzednik\u00f3w na stanowisku ministra, \u017ce prezydent Warszawy, p. Marcinkiewicz zbojkotowa\u0142 zaproszenie burmistrza Berlina, \u017ce nasz prezydent rozchorowa\u0142 si\u0119 przed szczytem weimarskim (zaszkodzi\u0142 mu zatruty \u2018kartofel\u2019), \u017ce polski premier, urodzony po wojnie, kt\u00f3ry wojny w og\u00f3le na w\u0142asne sk\u00f3rze nie odczu\u0142, wyrazi\u0142 si\u0119 lekcewa\u017c\u0105co o Stauffenbergu i o niemieckim ruchu oporu, s\u0142owem, \u017ce Polska nie jest wy\u0142\u0105cznie ofiar\u0105 naszego po\u0142o\u017cenia pomi\u0119dzy Niemcami i Rosj\u0105, ale tak\u017ce ma mo\u017cliwo\u015bci wp\u0142ywania na swoj\u0105 pozycj\u0119 w Europie, mo\u017cliwo\u015bci wykorzystania tego po\u0142o\u017cenia, kt\u00f3rych nie wykorzystuje. Liczymy na cud, kt\u00f3ry sprawi marsza\u0142ek Pisuski.<br \/>\n&#8212;&#8212;&#8212;&#8212;&#8212;&#8212;&#8212;&#8212;&#8212;&#8212;&#8212;&#8212;&#8212;<br \/>\nPS. W najnowszym numerze powa\u017cnego bran\u017cowego miesi\u0119cznika &#8222;Press&#8221; znalaz\u0142 si\u0119 ranking 29 blog\u00f3w prowadzonych przez dziennikarzy. Zdobyli\u015bmy tam V. miejsce!! Wy\u017cej znale\u017ali si\u0119:<\/p>\n<p>1) Wojciech Orli\u0144ski, <a href=\"http:\/\/wo.blox.pl\/html\">http:\/\/wo.blox.pl<\/a><br \/>\n2) Bartosz Weglarczyk, <a href=\"http:\/\/bartoszweglarczyk.blox.pl\/html\">http:\/\/bartoszweglarczyk.blox.pl<\/a><br \/>\n3) Krzysztof Leski, <a href=\"http:\/\/krzysztofleski.salon24.pl\/\">http:\/\/krzysztofleski.salon24.pl<\/a><br \/>\n4) Janina Paradowska, <a href=\"http:\/\/paradowska.blog.polityka.pl\/\">http:\/\/paradowska.blog.polityka.pl<\/a><\/p>\n<p>Ca\u0142y ranking i uzasadnienie jury znajd\u0105 Pa\u0144stwo na <a href=\"http:\/\/press.pl\/newsy\/pokaz.php?id=11831\">stronach miesi\u0119cznika &#8222;Press&#8221;<\/a>:. Serdecznie gratuluj\u0119, bo to nasz wsp\u00f3lny sukces! Przy okazji drobna ciekawostka z zakresu dziennikarskiego savoir vivre\u2019u. We wczorajszej &#8222;GW&#8221; znalaz\u0142a si\u0119 (str. 12) ca\u0142kiem obszerna informacja pt. &#8222;Najlepsze blogi dziennikarzy&#8221;, z kt\u00f3rej dowiadujemy si\u0119, kto zaj\u0105\u0142 I, II, VII, X, XXI i XXIV miejsce. Mo\u017cna i tak. Wszystkim wymienionym \u2013 gratuluj\u0119!<\/p>\n<p>T\u0105 drog\u0105 pragn\u0119 z\u0142o\u017cy\u0107 wyrazy szczerego i g\u0142\u0119bokiego wsp\u00f3\u0142czucia znakomitej publicystce, Pani JANINIE PARADOWSKIEJ, z powodu \u015bmierci Jej M\u0119\u017ca, Pana JERZEGO ZIMOWSKIEGO &#8211; wybitnego prawnika, polityka, dzia\u0142acza opozycji demokratycznej, by\u0142ego podsekretarza stanu i pos\u0142a na Sejm.<\/p>\n<p>Pani Janino, wstrz\u0105\u015bni\u0119ty t\u0105 tragiczn\u0105 wiadomo\u015bci\u0105, jestem ca\u0142ym sercem z Pani\u0105.<\/p>\n<p>Daniel Passent<\/p>\n","protected":false},"excerpt":{"rendered":"<p>Widok prezydenta przeje\u017cd\u017caj\u0105cego otwart\u0105 limuzyn\u0105 wzd\u0142u\u017c oddzia\u0142\u00f3w wojska przypomina\u0142 mi Plac Czerwony, a jego widok w samochodzie opancerzonym przypomina\u0142 George\u2019a W. Busha na pok\u0142adzie lotniskowca, z kt\u00f3rego startowa\u0142y samoloty bojowe. Widok prezydenta pod pomnikiem Marsza\u0142ka mia\u0142 nasun\u0105\u0107 skojarzenie, \u017ce oto Naczelnik Pa\u0144stwa znalaz\u0142 godnego spadkobierc\u0119 (a nawet dw\u00f3ch!). &#8211; Ciemny nar\u00f3d to kupi &#8211; jak [&hellip;]<\/p>\n","protected":false},"author":4,"featured_media":0,"comment_status":"open","ping_status":"open","sticky":false,"template":"","format":"standard","meta":{"footnotes":""},"categories":[1],"tags":[],"_links":{"self":[{"href":"https:\/\/blog.polityka.pl\/passent\/wp-json\/wp\/v2\/posts\/324"}],"collection":[{"href":"https:\/\/blog.polityka.pl\/passent\/wp-json\/wp\/v2\/posts"}],"about":[{"href":"https:\/\/blog.polityka.pl\/passent\/wp-json\/wp\/v2\/types\/post"}],"author":[{"embeddable":true,"href":"https:\/\/blog.polityka.pl\/passent\/wp-json\/wp\/v2\/users\/4"}],"replies":[{"embeddable":true,"href":"https:\/\/blog.polityka.pl\/passent\/wp-json\/wp\/v2\/comments?post=324"}],"version-history":[{"count":0,"href":"https:\/\/blog.polityka.pl\/passent\/wp-json\/wp\/v2\/posts\/324\/revisions"}],"wp:attachment":[{"href":"https:\/\/blog.polityka.pl\/passent\/wp-json\/wp\/v2\/media?parent=324"}],"wp:term":[{"taxonomy":"category","embeddable":true,"href":"https:\/\/blog.polityka.pl\/passent\/wp-json\/wp\/v2\/categories?post=324"},{"taxonomy":"post_tag","embeddable":true,"href":"https:\/\/blog.polityka.pl\/passent\/wp-json\/wp\/v2\/tags?post=324"}],"curies":[{"name":"wp","href":"https:\/\/api.w.org\/{rel}","templated":true}]}}